{"id":21334,"date":"2026-08-31T22:45:27","date_gmt":"2026-08-31T22:45:27","guid":{"rendered":"https:\/\/www.justice4all.org\/news\/declaracion-sobre-la-sentencia-del-tribunal-de-distrito-que-suspende-la-normativa-de-la-asamblea-general-relativa-a-los-acuerdos-287g-vigentes-en-virginia\/"},"modified":"2026-09-01T14:54:11","modified_gmt":"2026-09-01T14:54:11","slug":"declaracion-sobre-la-sentencia-del-tribunal-de-distrito-que-suspende-la-normativa-de-la-asamblea-general-relativa-a-los-acuerdos-287g-vigentes-en-virginia","status":"publish","type":"lajc_news","link":"https:\/\/www.justice4all.org\/es\/news\/declaracion-sobre-la-sentencia-del-tribunal-de-distrito-que-suspende-la-normativa-de-la-asamblea-general-relativa-a-los-acuerdos-287g-vigentes-en-virginia\/","title":{"rendered":"Declaraci\u00f3n sobre la sentencia del tribunal de distrito que suspende la normativa de la Asamblea General relativa a los acuerdos 287(g) vigentes en Virginia"},"content":{"rendered":"\n\n\n\n\n<div id=\"block_ddcb674f87c203ec0a415ee8110bccee\" class=\"content-wrapper-block  style-normal bg-width-full \">\n\t<div class=\"container-fluid\">\n\t\t<div class=\"row justify-content-center\">\n\t\t\t<div class=\"col-lg-8\">\n\t\t\t\t\t\t\t\t\t<div class=\"row row-content justify-content-center\">\n\t\t\t\t\t\t\n\n\n\n\n<style type=\"text\/css\">\n\t.edit-post-visual-editor [data-block=\"f9951cc076b853ef179196342fdb206c\"] {\n\t\twidth: calc((12 \/ 12) * 100%)!important;\n\t\tmin-width: calc((12 \/ 12) * 100%)!important;\n\t}\n<\/style>\n\n<div id=\"block_f9951cc076b853ef179196342fdb206c\" class=\"col-lg-12 custom-column-block\">\n\t<div class=\"custom-column-wrapper  \">\n\t\t\n\n<p class=\"wp-block-paragraph\">Durante a\u00f1os, el Legal Aid Justice Center ha abogado por limitar la implicaci\u00f3n de las fuerzas del orden estatales y locales en la aplicaci\u00f3n de la legislaci\u00f3n federal en materia de inmigraci\u00f3n. A principios de este a\u00f1o, la Asamblea General aprob\u00f3 una ley sensata que defend\u00eda los intereses de Virginia al imponer condiciones a este programa supuestamente voluntario, algo que tiene el derecho soberano de hacer en virtud de la Constituci\u00f3n de los Estados Unidos. A diferencia de los tribunales de otros estados, que han llegado a la conclusi\u00f3n opuesta en casos similares, la sentencia de hoy del tribunal en el caso \u00abEstados Unidos contra el Estado de Virginia\u00bb no tiene en cuenta ese principio b\u00e1sico y fundacional de nuestra naci\u00f3n: que los estados comparten el poder con el gobierno federal, sobre todo a la hora de decidir qu\u00e9 pueden y qu\u00e9 no pueden hacer sus propias fuerzas del orden.  <\/p>\n\n\n\n<p class=\"wp-block-paragraph\">Nos preocupa mucho que se permita que sigan vigentes los acuerdos 287(g) actuales. Estos acuerdos implican a las fuerzas del orden locales en la aplicaci\u00f3n de la legislaci\u00f3n federal de inmigraci\u00f3n, lo que socava la confianza que las comunidades necesitan para denunciar delitos y colaborar en las investigaciones. <\/p>\n\n\n\n<p class=\"wp-block-paragraph\">Aunque celebramos la decisi\u00f3n del tribunal de mantener, al menos, esa parte de la intenci\u00f3n de la Asamblea General de impedir la ampliaci\u00f3n de nuevos acuerdos 287(g), esto no resuelve el problema fundamental que subyace a este caso. Las fuerzas del orden de Virginia deber\u00edan centrarse en fomentar la confianza, no en actuar como un multiplicador de la capacidad de las autoridades federales de inmigraci\u00f3n.   <\/p>\n\n\n\n<p class=\"wp-block-paragraph\">Aunque el tribunal acert\u00f3 en una parte importante de esta decisi\u00f3n, los acuerdos existentes no deber\u00edan quedar al margen de las decisiones pol\u00edticas y la competencia de la Asamblea General de Virginia y de los votantes de Virginia. Los gobiernos locales nunca antes han podido eludir la legislaci\u00f3n estatal ni la supervisi\u00f3n de la Asamblea General, y esta parte de la sentencia sienta un peligroso precedente sobre el control federal directo de los gobiernos locales que podr\u00eda ir mucho m\u00e1s all\u00e1 de la inmigraci\u00f3n. El alcance de esta orden judicial va incluso m\u00e1s all\u00e1 de lo que ped\u00edan los Estados Unidos, ya que impide que el Estado \u00abinterfiera <strong>de ninguna manera<\/strong> en el cumplimiento de los acuerdos vigentes en virtud del art\u00edculo 287(g) por parte de cualquiera de las partes de dichos acuerdos\u00bb. Aunque las localidades siguen teniendo libertad para rescindir sus acuerdos 287(g) en virtud de la orden, esta redacci\u00f3n, en la pr\u00e1ctica, sustrae cualquier actuaci\u00f3n de las fuerzas del orden locales que pueda considerarse relacionada con un acuerdo 287(g) vigente a la supervisi\u00f3n de la Asamblea General y de la ciudadan\u00eda de Virginia que las ha elegido. Instamos al Estado de Virginia a que recurra esta decisi\u00f3n y solicite una suspensi\u00f3n para que puedan entrar en vigor todas las protecciones previstas por la legislaci\u00f3n de Virginia.    <\/p>\n\n\n\t<\/div>\n<\/div>\n\n\n\n\n\n<style type=\"text\/css\">\n\t.edit-post-visual-editor [data-block=\"f9951cc076b853ef179196342fdb206c\"] {\n\t\twidth: calc((12 \/ 12) * 100%)!important;\n\t\tmin-width: calc((12 \/ 12) * 100%)!important;\n\t}\n<\/style>\n\n<div id=\"block_f9951cc076b853ef179196342fdb206c\" class=\"col-lg-12 custom-column-block\">\n\t<div class=\"custom-column-wrapper  \">\n\t\t\n\n<p class=\"wp-block-paragraph\"><a href=\"https:\/\/www.justice4all.org\/wp-content\/uploads\/2026\/08\/2026-09-01-287g-law-injunction.pdf\"><strong>Descarga la resoluci\u00f3n aqu\u00ed<\/strong><\/a><\/p>\n\n\n\t<\/div>\n<\/div>\n\n\t\t\t\t\t<\/div>\n\t\t\t\t\t\t\t\n\t\t\t<\/div>\n\t\t<\/div>\n\t<\/div>\n\n\t<style type=\"text\/css\">\n\t\t.edit-post-visual-editor [data-block=\"ddcb674f87c203ec0a415ee8110bccee\"] .block-editor-block-list__layout {\n\t\t\tjustify-content: center;\n\t\t}\n\n\t\t\t<\/style>\n<\/div>\n","protected":false},"excerpt":{"rendered":"","protected":false},"author":4,"featured_media":0,"parent":0,"menu_order":0,"template":"","format":"standard","meta":{"footnotes":""},"lajc-tax-news-type":[],"lajc-tax-roles":[],"lajc-tax-issues":[81],"lajc-tax-locations":[85],"class_list":["post-21334","lajc_news","type-lajc_news","status-publish","format-standard","hentry","lajc-tax-issues-immigration-es","lajc-tax-locations-richmond-es"],"acf":[],"yoast_head":"<!-- This site is optimized with the Yoast SEO plugin v28.3 - https:\/\/yoast.com\/product\/yoast-seo-wordpress\/ -->\n<title>Declaraci\u00f3n sobre la sentencia del tribunal de distrito que suspende la normativa de la Asamblea General relativa a los acuerdos 287(g) vigentes en Virginia - Legal Aid Justice Center<\/title>\n<meta name=\"robots\" content=\"index, follow, max-snippet:-1, max-image-preview:large, max-video-preview:-1\" \/>\n<link rel=\"canonical\" href=\"https:\/\/www.justice4all.org\/es\/news\/declaracion-sobre-la-sentencia-del-tribunal-de-distrito-que-suspende-la-normativa-de-la-asamblea-general-relativa-a-los-acuerdos-287g-vigentes-en-virginia\/\" \/>\n<meta property=\"og:locale\" content=\"es_ES\" \/>\n<meta property=\"og:type\" content=\"article\" \/>\n<meta property=\"og:title\" content=\"Declaraci\u00f3n sobre la sentencia del tribunal de distrito que suspende la normativa de la Asamblea General relativa a los acuerdos 287(g) vigentes en Virginia - Legal Aid Justice Center\" \/>\n<meta property=\"og:url\" content=\"https:\/\/www.justice4all.org\/es\/news\/declaracion-sobre-la-sentencia-del-tribunal-de-distrito-que-suspende-la-normativa-de-la-asamblea-general-relativa-a-los-acuerdos-287g-vigentes-en-virginia\/\" \/>\n<meta property=\"og:site_name\" content=\"Legal Aid Justice Center\" \/>\n<meta property=\"article:modified_time\" content=\"2026-09-01T14:54:11+00:00\" \/>\n<meta name=\"twitter:card\" content=\"summary_large_image\" \/>\n<meta name=\"twitter:label1\" content=\"Tiempo de lectura\" \/>\n\t<meta name=\"twitter:data1\" content=\"3 minuto\" \/>\n<script type=\"application\/ld+json\" class=\"yoast-schema-graph\">{\"@context\":\"https:\\\/\\\/schema.org\",\"@graph\":[{\"@type\":\"WebPage\",\"@id\":\"https:\\\/\\\/www.justice4all.org\\\/es\\\/news\\\/declaracion-sobre-la-sentencia-del-tribunal-de-distrito-que-suspende-la-normativa-de-la-asamblea-general-relativa-a-los-acuerdos-287g-vigentes-en-virginia\\\/\",\"url\":\"https:\\\/\\\/www.justice4all.org\\\/es\\\/news\\\/declaracion-sobre-la-sentencia-del-tribunal-de-distrito-que-suspende-la-normativa-de-la-asamblea-general-relativa-a-los-acuerdos-287g-vigentes-en-virginia\\\/\",\"name\":\"Declaraci\u00f3n sobre la sentencia del tribunal de distrito que suspende la normativa de la Asamblea General relativa a los acuerdos 287(g) vigentes en Virginia - Legal Aid Justice Center\",\"isPartOf\":{\"@id\":\"https:\\\/\\\/www.justice4all.org\\\/es\\\/#website\"},\"datePublished\":\"2026-08-31T22:45:27+00:00\",\"dateModified\":\"2026-09-01T14:54:11+00:00\",\"breadcrumb\":{\"@id\":\"https:\\\/\\\/www.justice4all.org\\\/es\\\/news\\\/declaracion-sobre-la-sentencia-del-tribunal-de-distrito-que-suspende-la-normativa-de-la-asamblea-general-relativa-a-los-acuerdos-287g-vigentes-en-virginia\\\/#breadcrumb\"},\"inLanguage\":\"es\",\"potentialAction\":[{\"@type\":\"ReadAction\",\"target\":[\"https:\\\/\\\/www.justice4all.org\\\/es\\\/news\\\/declaracion-sobre-la-sentencia-del-tribunal-de-distrito-que-suspende-la-normativa-de-la-asamblea-general-relativa-a-los-acuerdos-287g-vigentes-en-virginia\\\/\"]}]},{\"@type\":\"BreadcrumbList\",\"@id\":\"https:\\\/\\\/www.justice4all.org\\\/es\\\/news\\\/declaracion-sobre-la-sentencia-del-tribunal-de-distrito-que-suspende-la-normativa-de-la-asamblea-general-relativa-a-los-acuerdos-287g-vigentes-en-virginia\\\/#breadcrumb\",\"itemListElement\":[{\"@type\":\"ListItem\",\"position\":1,\"name\":\"Home\",\"item\":\"https:\\\/\\\/www.justice4all.org\\\/es\\\/\"},{\"@type\":\"ListItem\",\"position\":2,\"name\":\"Declaraci\u00f3n sobre la sentencia del tribunal de distrito que suspende la normativa de la Asamblea General relativa a los acuerdos 287(g) vigentes en Virginia\"}]},{\"@type\":\"WebSite\",\"@id\":\"https:\\\/\\\/www.justice4all.org\\\/es\\\/#website\",\"url\":\"https:\\\/\\\/www.justice4all.org\\\/es\\\/\",\"name\":\"Legal Aid Justice Center\",\"description\":\"\",\"potentialAction\":[{\"@type\":\"SearchAction\",\"target\":{\"@type\":\"EntryPoint\",\"urlTemplate\":\"https:\\\/\\\/www.justice4all.org\\\/es\\\/?s={search_term_string}\"},\"query-input\":{\"@type\":\"PropertyValueSpecification\",\"valueRequired\":true,\"valueName\":\"search_term_string\"}}],\"inLanguage\":\"es\"}]}<\/script>\n<!-- \/ Yoast SEO plugin. -->","yoast_head_json":{"title":"Declaraci\u00f3n sobre la sentencia del tribunal de distrito que suspende la normativa de la Asamblea General relativa a los acuerdos 287(g) vigentes en Virginia - Legal Aid Justice Center","robots":{"index":"index","follow":"follow","max-snippet":"max-snippet:-1","max-image-preview":"max-image-preview:large","max-video-preview":"max-video-preview:-1"},"canonical":"https:\/\/www.justice4all.org\/es\/news\/declaracion-sobre-la-sentencia-del-tribunal-de-distrito-que-suspende-la-normativa-de-la-asamblea-general-relativa-a-los-acuerdos-287g-vigentes-en-virginia\/","og_locale":"es_ES","og_type":"article","og_title":"Declaraci\u00f3n sobre la sentencia del tribunal de distrito que suspende la normativa de la Asamblea General relativa a los acuerdos 287(g) vigentes en Virginia - Legal Aid Justice Center","og_url":"https:\/\/www.justice4all.org\/es\/news\/declaracion-sobre-la-sentencia-del-tribunal-de-distrito-que-suspende-la-normativa-de-la-asamblea-general-relativa-a-los-acuerdos-287g-vigentes-en-virginia\/","og_site_name":"Legal Aid Justice Center","article_modified_time":"2026-09-01T14:54:11+00:00","twitter_card":"summary_large_image","twitter_misc":{"Tiempo de lectura":"3 minuto"},"schema":{"@context":"https:\/\/schema.org","@graph":[{"@type":"WebPage","@id":"https:\/\/www.justice4all.org\/es\/news\/declaracion-sobre-la-sentencia-del-tribunal-de-distrito-que-suspende-la-normativa-de-la-asamblea-general-relativa-a-los-acuerdos-287g-vigentes-en-virginia\/","url":"https:\/\/www.justice4all.org\/es\/news\/declaracion-sobre-la-sentencia-del-tribunal-de-distrito-que-suspende-la-normativa-de-la-asamblea-general-relativa-a-los-acuerdos-287g-vigentes-en-virginia\/","name":"Declaraci\u00f3n sobre la sentencia del tribunal de distrito que suspende la normativa de la Asamblea General relativa a los acuerdos 287(g) vigentes en Virginia - Legal Aid Justice Center","isPartOf":{"@id":"https:\/\/www.justice4all.org\/es\/#website"},"datePublished":"2026-08-31T22:45:27+00:00","dateModified":"2026-09-01T14:54:11+00:00","breadcrumb":{"@id":"https:\/\/www.justice4all.org\/es\/news\/declaracion-sobre-la-sentencia-del-tribunal-de-distrito-que-suspende-la-normativa-de-la-asamblea-general-relativa-a-los-acuerdos-287g-vigentes-en-virginia\/#breadcrumb"},"inLanguage":"es","potentialAction":[{"@type":"ReadAction","target":["https:\/\/www.justice4all.org\/es\/news\/declaracion-sobre-la-sentencia-del-tribunal-de-distrito-que-suspende-la-normativa-de-la-asamblea-general-relativa-a-los-acuerdos-287g-vigentes-en-virginia\/"]}]},{"@type":"BreadcrumbList","@id":"https:\/\/www.justice4all.org\/es\/news\/declaracion-sobre-la-sentencia-del-tribunal-de-distrito-que-suspende-la-normativa-de-la-asamblea-general-relativa-a-los-acuerdos-287g-vigentes-en-virginia\/#breadcrumb","itemListElement":[{"@type":"ListItem","position":1,"name":"Home","item":"https:\/\/www.justice4all.org\/es\/"},{"@type":"ListItem","position":2,"name":"Declaraci\u00f3n sobre la sentencia del tribunal de distrito que suspende la normativa de la Asamblea General relativa a los acuerdos 287(g) vigentes en Virginia"}]},{"@type":"WebSite","@id":"https:\/\/www.justice4all.org\/es\/#website","url":"https:\/\/www.justice4all.org\/es\/","name":"Legal Aid Justice Center","description":"","potentialAction":[{"@type":"SearchAction","target":{"@type":"EntryPoint","urlTemplate":"https:\/\/www.justice4all.org\/es\/?s={search_term_string}"},"query-input":{"@type":"PropertyValueSpecification","valueRequired":true,"valueName":"search_term_string"}}],"inLanguage":"es"}]}},"_links":{"self":[{"href":"https:\/\/www.justice4all.org\/es\/wp-json\/wp\/v2\/lajc_news\/21334","targetHints":{"allow":["GET"]}}],"collection":[{"href":"https:\/\/www.justice4all.org\/es\/wp-json\/wp\/v2\/lajc_news"}],"about":[{"href":"https:\/\/www.justice4all.org\/es\/wp-json\/wp\/v2\/types\/lajc_news"}],"author":[{"embeddable":true,"href":"https:\/\/www.justice4all.org\/es\/wp-json\/wp\/v2\/users\/4"}],"version-history":[{"count":5,"href":"https:\/\/www.justice4all.org\/es\/wp-json\/wp\/v2\/lajc_news\/21334\/revisions"}],"predecessor-version":[{"id":21344,"href":"https:\/\/www.justice4all.org\/es\/wp-json\/wp\/v2\/lajc_news\/21334\/revisions\/21344"}],"wp:attachment":[{"href":"https:\/\/www.justice4all.org\/es\/wp-json\/wp\/v2\/media?parent=21334"}],"wp:term":[{"taxonomy":"lajc-tax-news-type","embeddable":true,"href":"https:\/\/www.justice4all.org\/es\/wp-json\/wp\/v2\/lajc-tax-news-type?post=21334"},{"taxonomy":"lajc-tax-roles","embeddable":true,"href":"https:\/\/www.justice4all.org\/es\/wp-json\/wp\/v2\/lajc-tax-roles?post=21334"},{"taxonomy":"lajc-tax-issues","embeddable":true,"href":"https:\/\/www.justice4all.org\/es\/wp-json\/wp\/v2\/lajc-tax-issues?post=21334"},{"taxonomy":"lajc-tax-locations","embeddable":true,"href":"https:\/\/www.justice4all.org\/es\/wp-json\/wp\/v2\/lajc-tax-locations?post=21334"}],"curies":[{"name":"wp","href":"https:\/\/api.w.org\/{rel}","templated":true}]}}