{"id":20018,"date":"2026-04-27T14:31:10","date_gmt":"2026-04-27T14:31:10","guid":{"rendered":"https:\/\/www.justice4all.org\/?post_type=lajc_news&#038;p=20018"},"modified":"2026-04-27T20:26:48","modified_gmt":"2026-04-27T20:26:48","slug":"lajc-post-sesion-2026","status":"publish","type":"lajc_news","link":"https:\/\/www.justice4all.org\/es\/news\/lajc-post-sesion-2026\/","title":{"rendered":"LAJC Post-Sesi\u00f3n 2026"},"content":{"rendered":"\n\n\n\n\n<div id=\"block_45a74118c4c539cda1df89c8ba6bfed7\" class=\"content-wrapper-block  style-normal bg-width-full \">\n\t<div class=\"container-fluid\">\n\t\t<div class=\"row justify-content-center\">\n\t\t\t<div class=\"col-lg-12\">\n\t\t\t\t\t\t\t\t\t<div class=\"row row-content justify-content-center\">\n\t\t\t\t\t\t\n\n\n\n  <style type=\"text\/css\">\n    #block_837134149ba7dfc8f95f673cea6af039 > div{\n                                        margin-left: calc(4 * 16px);\n                          margin-right: calc(4 * 16px);\n              \n                                        padding-left: calc(4 * 16px);\n                          padding-right: calc(4 * 16px);\n                  }\n\n    @media screen and (min-width: 768px) and (max-width: 991px) {\n      #block_837134149ba7dfc8f95f673cea6af039 > div{\n                                                  margin-left: calc(4 * 12px);  \n                                margin-right: calc(4 * 12px);  \n                    \n                                                  padding-left: calc(4 * 12px);\n                                padding-right: calc(4 * 12px);\n                        }\n    }\n\n    @media screen and (min-width: 480px) and (max-width: 767px) {\n      #block_837134149ba7dfc8f95f673cea6af039 > div{\n                                                  margin-left: calc(4 * 8px);  \n                                margin-right: calc(4 * 8px);  \n                    \n                                                  padding-left: calc(4 * 8px);\n                                padding-right: calc(4 * 8px);\n                        }\n    }\n\n    @media screen and (max-width: 479px) {\n      #block_837134149ba7dfc8f95f673cea6af039 > div{\n                                                  margin-left: calc(4 * 4px);  \n                                margin-right: calc(4 * 4px);  \n                    \n                                                  padding-left: calc(4 * 4px);\n                                padding-right: calc(4 * 4px);\n                        }\n    }\n\n  <\/style>\n\n<style type=\"text\/css\">\n\t.edit-post-visual-editor [data-block=\"837134149ba7dfc8f95f673cea6af039\"] {\n\t\twidth: calc((12 \/ 12) * 100%)!important;\n\t\tmin-width: calc((12 \/ 12) * 100%)!important;\n\t}\n<\/style>\n\n<div id=\"block_837134149ba7dfc8f95f673cea6af039\" class=\"col-lg-12 custom-column-block\">\n\t<div class=\"custom-column-wrapper  \">\n\t\t\n<div class=\"wp-block-image\">\n<figure class=\"aligncenter size-full\"><img loading=\"lazy\" decoding=\"async\" width=\"2424\" height=\"642\" src=\"https:\/\/www.justice4all.org\/wp-content\/uploads\/2026\/04\/GA-Banners-5.png\" alt=\"\" class=\"wp-image-20019\" srcset=\"https:\/\/www.justice4all.org\/wp-content\/uploads\/2026\/04\/GA-Banners-5.png 2424w, https:\/\/www.justice4all.org\/wp-content\/uploads\/2026\/04\/GA-Banners-5-300x79.png 300w, https:\/\/www.justice4all.org\/wp-content\/uploads\/2026\/04\/GA-Banners-5-1024x271.png 1024w, https:\/\/www.justice4all.org\/wp-content\/uploads\/2026\/04\/GA-Banners-5-768x203.png 768w, https:\/\/www.justice4all.org\/wp-content\/uploads\/2026\/04\/GA-Banners-5-1536x407.png 1536w, https:\/\/www.justice4all.org\/wp-content\/uploads\/2026\/04\/GA-Banners-5-2048x542.png 2048w\" sizes=\"auto, (max-width: 2424px) 100vw, 2424px\" \/><\/figure>\n<\/div>\n\n\t<\/div>\n<\/div>\n\n\n\n\n  <style type=\"text\/css\">\n    #block_4eb3653bac1ea83bf1da5c8e9585fc74 > div{\n                                        margin-left: calc(3 * 16px);\n                          margin-right: calc(5 * 16px);\n              \n                                        padding-left: calc(2 * 16px);\n                          padding-right: calc(2 * 16px);\n                  }\n\n    @media screen and (min-width: 768px) and (max-width: 991px) {\n      #block_4eb3653bac1ea83bf1da5c8e9585fc74 > div{\n                                                  margin-left: calc(3 * 12px);  \n                                margin-right: calc(5 * 12px);  \n                    \n                                                  padding-left: calc(2 * 12px);\n                                padding-right: calc(2 * 12px);\n                        }\n    }\n\n    @media screen and (min-width: 480px) and (max-width: 767px) {\n      #block_4eb3653bac1ea83bf1da5c8e9585fc74 > div{\n                                                  margin-left: calc(3 * 8px);  \n                                margin-right: calc(5 * 8px);  \n                    \n                                                  padding-left: calc(2 * 8px);\n                                padding-right: calc(2 * 8px);\n                        }\n    }\n\n    @media screen and (max-width: 479px) {\n      #block_4eb3653bac1ea83bf1da5c8e9585fc74 > div{\n                                                  margin-left: calc(3 * 4px);  \n                                margin-right: calc(5 * 4px);  \n                    \n                                                  padding-left: calc(2 * 4px);\n                                padding-right: calc(2 * 4px);\n                        }\n    }\n\n  <\/style>\n\n<style type=\"text\/css\">\n\t.edit-post-visual-editor [data-block=\"4eb3653bac1ea83bf1da5c8e9585fc74\"] {\n\t\twidth: calc((10 \/ 12) * 100%)!important;\n\t\tmin-width: calc((10 \/ 12) * 100%)!important;\n\t}\n<\/style>\n\n<div id=\"block_4eb3653bac1ea83bf1da5c8e9585fc74\" class=\"col-lg-10 custom-column-block\">\n\t<div class=\"custom-column-wrapper  \">\n\t\t\n\n<p>La Asamblea General de 2026 trajo consigo algunas victorias incre\u00edbles para el LAJC, nuestros socios y las comunidades de toda la Commonwealth: <strong>21 de los proyectos de ley prioritarios del LAJC fueron promulgados por la gobernadora Spanberger.<\/strong> Tambi\u00e9n codirigimos campa\u00f1as en <strong>otros 10 proyectos de ley que se convirtieron en ley<\/strong>.  <\/p>\n\n\n\n<p>Otros proyectos de ley que apoyamos fueron enmendados, algunos en peque\u00f1os aspectos t\u00e9cnicos y otros de forma significativa, lo que significa que tenemos m\u00e1s trabajo duro por delante para apoyar a las comunidades de toda la Commonwealth. Los proyectos de ley enmendados se examinaron en la Sesi\u00f3n de Reconvocatoria de la Asamblea General del mi\u00e9rcoles 22 de abril y se devolvieron al gobernador para su consideraci\u00f3n final.   <\/p>\n\n\n\n<p>Por \u00faltimo, las negociaciones presupuestarias est\u00e1n en curso y requieren una Sesi\u00f3n Especial en la que los legisladores acuerden una propuesta presupuestaria para presentarla al gobernador. El LAJC seguir\u00e1 defendiendo nuestras prioridades y compartiendo actualizaciones a lo largo de este proceso.   <\/p>\n\n\n\n<p><strong>Sigue leyendo para conocer los detalles de los \u00e9xitos legislativos del LAJC y de nuestros socios:<\/strong><\/p>\n\n\n\n<figure class=\"wp-block-image size-large\"><img loading=\"lazy\" decoding=\"async\" width=\"1024\" height=\"135\" src=\"https:\/\/www.justice4all.org\/wp-content\/uploads\/2026\/04\/1-1-1024x135.png\" alt=\"\" class=\"wp-image-20031\" srcset=\"https:\/\/www.justice4all.org\/wp-content\/uploads\/2026\/04\/1-1-1024x135.png 1024w, https:\/\/www.justice4all.org\/wp-content\/uploads\/2026\/04\/1-1-300x40.png 300w, https:\/\/www.justice4all.org\/wp-content\/uploads\/2026\/04\/1-1-768x101.png 768w, https:\/\/www.justice4all.org\/wp-content\/uploads\/2026\/04\/1-1-1536x203.png 1536w, https:\/\/www.justice4all.org\/wp-content\/uploads\/2026\/04\/1-1-2048x270.png 2048w\" sizes=\"auto, (max-width: 1024px) 100vw, 1024px\" \/><\/figure>\n\n\n\n<p>El gobernador acept\u00f3 y firm\u00f3 los siguientes proyectos de ley aprobados por la Asamblea General:<\/p>\n\n\n\n<ul class=\"wp-block-list\">\n<li><a href=\"https:\/\/lis.virginia.gov\/bill-details\/20261\/SB121\" target=\"_blank\" rel=\"noreferrer noopener\"><strong>SB 121<\/strong><\/a><strong> \/ <\/strong><a href=\"https:\/\/lis.virginia.gov\/bill-details\/20261\/HB20\" target=\"_blank\" rel=\"noreferrer noopener\"><strong>HB 20<\/strong><\/a><strong> <\/strong>Incluye a los trabajadores agr\u00edcolas en la protecci\u00f3n del salario m\u00ednimo. A pesar de esta victoria, la Asamblea General introdujo una enmienda que exime a los trabajadores invitados de los programas de visados H-2A y H-2B de percibir tambi\u00e9n el salario m\u00ednimo. Se trata de los trabajadores de los sectores agr\u00edcola, de la construcci\u00f3n y del turismo de Virginia, que a menudo realizan un trabajo agotador que es vital para la econom\u00eda de Virginia.   Es muy importante incluir a estos trabajadores en el salario m\u00ednimo, y seguiremos luchando para ampliar estas protecciones.  <\/li>\n<\/ul>\n\n\n\n<ul class=\"wp-block-list\">\n<li><a href=\"https:\/\/lis.virginia.gov\/bill-details\/20261\/SB288\" target=\"_blank\" rel=\"noreferrer noopener\"><strong>SB 288<\/strong><\/a><strong> \/ <\/strong><a href=\"https:\/\/lis.virginia.gov\/bill-details\/20261\/HB1092\" target=\"_blank\" rel=\"noreferrer noopener\"><strong>HB 1092<\/strong><\/a> exige a la Junta de C\u00f3digos de Salud y Seguridad que desarrolle y aplique protecciones contra el estr\u00e9s t\u00e9rmico para los trabajadores.  <\/li>\n<\/ul>\n\n\n\n<ul class=\"wp-block-list\">\n<li><a href=\"https:\/\/lis.virginia.gov\/bill-details\/20261\/SB685\" target=\"_blank\" rel=\"noreferrer noopener\"><strong>SB 685<\/strong><\/a><strong> \/ <\/strong><a href=\"https:\/\/lis.virginia.gov\/bill-details\/20261\/HB1278\" target=\"_blank\" rel=\"noreferrer noopener\"><strong>HB 1278<\/strong><\/a> garantiza que la traducci\u00f3n de documentos vitales y la igualdad de acceso a los procesos acad\u00e9micos est\u00e9n disponibles para estudiantes y padres.  <\/li>\n<\/ul>\n\n\n\n<ul class=\"wp-block-list\">\n<li><a href=\"https:\/\/lis.virginia.gov\/bill-details\/20261\/SB491\" target=\"_blank\" rel=\"noreferrer noopener\"><strong>SB 491<\/strong><\/a><strong> \/ <\/strong><a href=\"https:\/\/lis.virginia.gov\/bill-details\/20261\/HB836\" target=\"_blank\" rel=\"noreferrer noopener\"><strong>HB 836<\/strong><\/a> refuerza la protecci\u00f3n de la intimidad, impide la discriminaci\u00f3n de estudiantes y familias por motivos de inmigraci\u00f3n, y crea un proceso obligatorio para las detenciones policiales en escuelas p\u00fablicas.  <\/li>\n<\/ul>\n\n\n\n<ul class=\"wp-block-list\">\n<li><a href=\"https:\/\/lis.virginia.gov\/bill-details\/20261\/SB283\" target=\"_blank\" rel=\"noreferrer noopener\"><strong>SB 283<\/strong><\/a><strong> \/ <\/strong><a href=\"https:\/\/lis.virginia.gov\/bill-details\/20261\/HB933\" target=\"_blank\" rel=\"noreferrer noopener\"><strong>HB 933<\/strong><\/a> define la evasi\u00f3n intencionada del tribunal para permitir que se tengan en cuenta la falta de cuidado de los hijos, el transporte y otras dificultades similares cuando alguien falta al tribunal.  <\/li>\n<\/ul>\n\n\n\n<ul class=\"wp-block-list\">\n<li><a href=\"https:\/\/lis.virginia.gov\/bill-details\/20261\/SB180\" target=\"_blank\" rel=\"noreferrer noopener\"><strong>SB 180<\/strong><\/a><strong> \/ <\/strong><a href=\"https:\/\/lis.virginia.gov\/bill-details\/20261\/HB17\" target=\"_blank\" rel=\"noreferrer noopener\"><strong>HB 17<\/strong><\/a> consolida las reformas para reducir los perjuicios a largo plazo de la deuda judicial impagada, retrasando de 90 a 180 d\u00edas el momento en que la deuda morosa se env\u00eda a cobranza, acortando a 10 a\u00f1os el plazo de prescripci\u00f3n para cobrar la deuda judicial penal e incorporando un concepto para un periodo de gracia posterior a la encarcelaci\u00f3n antes del reembolso.  <\/li>\n<\/ul>\n\n\n\n<ul class=\"wp-block-list\">\n<li><a href=\"https:\/\/lis.virginia.gov\/bill-details\/20261\/HB16\" target=\"_blank\" rel=\"noreferrer noopener\"><strong>HB 16<\/strong><\/a> permite que el servicio comunitario o las horas de trabajo de personas actualmente encarceladas cuenten para su deuda judicial;  <\/li>\n<\/ul>\n\n\n\n<ul class=\"wp-block-list\">\n<li><a href=\"https:\/\/lis.virginia.gov\/bill-details\/20261\/SB480\" target=\"_blank\" rel=\"noreferrer noopener\"><strong>SB 480<\/strong><\/a><strong> \/ <\/strong><a href=\"https:\/\/lis.virginia.gov\/bill-details\/20261\/HB1084\" target=\"_blank\" rel=\"noreferrer noopener\"><strong>HB 1084<\/strong><\/a> permitir\u00e1 compartir los datos locales y estatales de la prisi\u00f3n preventiva con el Sistema de Datos Longitudinales de Virginia (VLDS). Esto har\u00e1 que los investigadores puedan comprender el efecto de la detenci\u00f3n preventiva y buscar resultados y variables de conexi\u00f3n con otros datos del Departamento de Justicia Juvenil, el Departamento de Servicios Sociales, datos K-12 y datos de educaci\u00f3n superior.   <\/li>\n<\/ul>\n\n\n\n<ul class=\"wp-block-list\">\n<li><a href=\"https:\/\/lis.virginia.gov\/bill-details\/20261\/SB446\" target=\"_blank\" rel=\"noreferrer noopener\"><strong>SB 446<\/strong><\/a><strong> \/ <\/strong><a href=\"https:\/\/lis.virginia.gov\/bill-details\/20261\/HB911\" target=\"_blank\" rel=\"noreferrer noopener\"><strong>HB 911<\/strong><\/a> ampl\u00eda la duraci\u00f3n de la Tarjeta de Privilegio de Conductor (DPC) para igualarla a la de los permisos normales.  <\/li>\n<\/ul>\n\n\n\n<ul class=\"wp-block-list\">\n<li><a href=\"https:\/\/lis.virginia.gov\/bill-details\/20261\/HB667\" target=\"_blank\" rel=\"noreferrer noopener\"><strong>HB 667<\/strong><\/a> alinea el c\u00f3digo de Virginia con la ley federal para que los j\u00f3venes inmigrantes vulnerables de entre 18 y 21 a\u00f1os, que hayan sufrido negligencia, abusos o abandono, puedan encontrar una v\u00eda de protecci\u00f3n y estabilidad a trav\u00e9s del Estatus Juvenil de Inmigraci\u00f3n Especial (SIJS).  <\/li>\n<\/ul>\n\n\n\n<ul class=\"wp-block-list\">\n<li><a href=\"https:\/\/lis.virginia.gov\/bill-details\/20261\/HB879\" target=\"_blank\" rel=\"noreferrer noopener\"><strong>HB 879<\/strong><\/a><strong> <\/strong>refuerza la protecci\u00f3n de la intimidad en los programas de asistencia p\u00fablica exigiendo la notificaci\u00f3n p\u00fablica cuando las agencias reciban peticiones a gran escala de datos personales de solicitantes y beneficiarios de prestaciones p\u00fablicas.  <\/li>\n<\/ul>\n\n\n\n<p>Adem\u00e1s, se han firmado <strong>varios proyectos de ley que el LAJC codirige con sus socios<\/strong>.<\/p>\n\n\n\n<p>Co-liderar con <a href=\"https:\/\/www.riseforyouth.org\/\" target=\"_blank\" rel=\"noreferrer noopener\"><strong>RISE para la Juventud<\/strong><\/a>:<\/p>\n\n\n\n<ul class=\"wp-block-list\">\n<li><a href=\"https:\/\/lis.virginia.gov\/bill-details\/20261\/HB91\" target=\"_blank\" rel=\"noreferrer noopener\"><strong>HB 91<\/strong><\/a> limita el confinamiento en habitaciones.  <\/li>\n<\/ul>\n\n\n\n<ul class=\"wp-block-list\">\n<li><a href=\"https:\/\/lis.virginia.gov\/bill-details\/20261\/SB64\" target=\"_blank\" rel=\"noreferrer noopener\"><strong>SB 64<\/strong><\/a> aumenta la supervisi\u00f3n judicial de la duraci\u00f3n de la estancia.  <\/li>\n<\/ul>\n\n\n\n<ul class=\"wp-block-list\">\n<li><a href=\"https:\/\/lis.virginia.gov\/bill-details\/20261\/SB70\" target=\"_blank\" rel=\"noreferrer noopener\"><strong>SB 70<\/strong><\/a><strong> \/ <\/strong><a href=\"https:\/\/lis.virginia.gov\/bill-details\/20261\/HB438\" target=\"_blank\" rel=\"noreferrer noopener\"><strong>HB 438<\/strong><\/a> ampl\u00eda el desv\u00edo de j\u00f3venes.  <\/li>\n<\/ul>\n\n\n\n<ul class=\"wp-block-list\">\n<li><a href=\"https:\/\/lis.virginia.gov\/bill-details\/20261\/SB18\" target=\"_blank\" rel=\"noreferrer noopener\"><strong>SB 18<\/strong><\/a> establece una edad m\u00ednima de 11 a\u00f1os para que los j\u00f3venes sean procesados por el sistema de menores.  <\/li>\n<\/ul>\n\n\n\n<p>Co-liderar con <a href=\"https:\/\/www.fundourschoolsva.org\/\" target=\"_blank\" rel=\"noreferrer noopener\"><strong>Financiar nuestras escuelas<\/strong><\/a>:<\/p>\n\n\n\n<ul class=\"wp-block-list\">\n<li><a href=\"https:\/\/lis.virginia.gov\/bill-details\/20261\/HB298\" target=\"_blank\" rel=\"noreferrer noopener\"><strong>HB 298<\/strong><\/a> promueve pr\u00e1cticas disciplinarias restaurativas basadas en pruebas en las escuelas p\u00fablicas; 3 a\u00f1os de tramitaci\u00f3n y aprobada a pesar de importantes obst\u00e1culos.  <\/li>\n<\/ul>\n\n\n\n<ul class=\"wp-block-list\">\n<li><a href=\"https:\/\/lis.virginia.gov\/bill-details\/20261\/HB544\" target=\"_blank\" rel=\"noreferrer noopener\"><strong>HB 544<\/strong><\/a> prorroga la existencia de la Comisi\u00f3n de Construcci\u00f3n de Escuelas de Virginia.  <\/li>\n<\/ul>\n\n\n\n<ul class=\"wp-block-list\">\n<li><a href=\"https:\/\/lis.virginia.gov\/bill-details\/20261\/SB73\" target=\"_blank\" rel=\"noreferrer noopener\"><strong>SB 73<\/strong><\/a> crea navegadores de facturaci\u00f3n de Medicaid para las divisiones escolares.  <\/li>\n<\/ul>\n\n\n\n<figure class=\"wp-block-image size-large\"><img loading=\"lazy\" decoding=\"async\" width=\"1024\" height=\"135\" src=\"https:\/\/www.justice4all.org\/wp-content\/uploads\/2026\/04\/2-1-1024x135.png\" alt=\"\" class=\"wp-image-20033\" srcset=\"https:\/\/www.justice4all.org\/wp-content\/uploads\/2026\/04\/2-1-1024x135.png 1024w, https:\/\/www.justice4all.org\/wp-content\/uploads\/2026\/04\/2-1-300x40.png 300w, https:\/\/www.justice4all.org\/wp-content\/uploads\/2026\/04\/2-1-768x101.png 768w, https:\/\/www.justice4all.org\/wp-content\/uploads\/2026\/04\/2-1-1536x203.png 1536w, https:\/\/www.justice4all.org\/wp-content\/uploads\/2026\/04\/2-1-2048x270.png 2048w\" sizes=\"auto, (max-width: 1024px) 100vw, 1024px\" \/><\/figure>\n\n\n\n<p>Los siguientes proyectos de ley fueron aprobados por la Asamblea General con enmiendas del gobernador:<\/p>\n\n\n\n<ul class=\"wp-block-list\">\n<li><a href=\"https:\/\/lis.virginia.gov\/bill-details\/20261\/SB783\" target=\"_blank\" rel=\"noreferrer noopener\"><strong>SB 783<\/strong><\/a><strong> \/ <\/strong><a href=\"https:\/\/lis.virginia.gov\/bill-details\/20261\/HB1441\" target=\"_blank\" rel=\"noreferrer noopener\"><strong>HB 1441<\/strong><\/a> limitan severamente la colaboraci\u00f3n de las fuerzas de seguridad locales con el ICE estableciendo condiciones claras para la celebraci\u00f3n de cualquier acuerdo 287(g) y otros acuerdos intergubernamentales. Los proyectos de ley tambi\u00e9n presentan una desviaci\u00f3n local de recursos al restringir la colaboraci\u00f3n informal entre las fuerzas de seguridad locales y el ICE sin una orden judicial.   <\/li>\n<\/ul>\n\n\n\n<ul class=\"wp-block-list\">\n<li><a href=\"https:\/\/lis.virginia.gov\/bill-details\/20261\/SB125\" target=\"_blank\" rel=\"noreferrer noopener\"><strong>SB 125<\/strong><\/a> ampl\u00eda la autoridad del Defensor del Menor para los j\u00f3venes de acogida bajo custodia del DJJ.  <\/li>\n<\/ul>\n\n\n\n<ul class=\"wp-block-list\">\n<li><a href=\"https:\/\/lis.virginia.gov\/bill-details\/20261\/SB60\" target=\"_blank\" rel=\"noreferrer noopener\"><strong>SB 60<\/strong><\/a><strong> \/ <\/strong><a href=\"https:\/\/lis.virginia.gov\/bill-details\/20261\/HB318\" target=\"_blank\" rel=\"noreferrer noopener\"><strong>HB 318<\/strong><\/a> refuerza los procedimientos de libertad condicional de menores para dar a las personas condenadas cuando eran ni\u00f1os una oportunidad significativa de salir en libertad.  <\/li>\n<\/ul>\n\n\n\n<figure class=\"wp-block-image size-large\"><img loading=\"lazy\" decoding=\"async\" width=\"1024\" height=\"135\" src=\"https:\/\/www.justice4all.org\/wp-content\/uploads\/2026\/04\/3-1-1024x135.png\" alt=\"\" class=\"wp-image-20035\" srcset=\"https:\/\/www.justice4all.org\/wp-content\/uploads\/2026\/04\/3-1-1024x135.png 1024w, https:\/\/www.justice4all.org\/wp-content\/uploads\/2026\/04\/3-1-300x40.png 300w, https:\/\/www.justice4all.org\/wp-content\/uploads\/2026\/04\/3-1-768x101.png 768w, https:\/\/www.justice4all.org\/wp-content\/uploads\/2026\/04\/3-1-1536x203.png 1536w, https:\/\/www.justice4all.org\/wp-content\/uploads\/2026\/04\/3-1-2048x270.png 2048w\" sizes=\"auto, (max-width: 1024px) 100vw, 1024px\" \/><\/figure>\n\n\n\n<p>Tras rechazar las enmiendas de la gobernadora, la Asamblea General le devolvi\u00f3 los siguientes proyectos de ley tal como fueron aprobados originalmente:<\/p>\n\n\n\n<ul class=\"wp-block-list\">\n<li><a href=\"https:\/\/lis.virginia.gov\/bill-details\/20261\/SB351\" target=\"_blank\" rel=\"noreferrer noopener\"><strong>SB 351<\/strong><\/a> \/ <a href=\"https:\/\/lis.virginia.gov\/bill-details\/20261\/HB650\" target=\"_blank\" rel=\"noreferrer noopener\"><strong>HB 650<\/strong><\/a><strong> <\/strong>Proh\u00edbe determinadas medidas federales de inmigraci\u00f3n civil en juzgados, escuelas, hospitales p\u00fablicos y a menos de 12 metros de los colegios electorales sin una orden judicial.  <\/li>\n<\/ul>\n\n\n\n<ul class=\"wp-block-list\">\n<li><a href=\"https:\/\/lis.virginia.gov\/bill-details\/20261\/SB229\" target=\"_blank\" rel=\"noreferrer noopener\"><strong>SB 229<\/strong><\/a><strong> <\/strong>\/ <a href=\"https:\/\/lis.virginia.gov\/bill-details\/20261\/HB449\" target=\"_blank\" rel=\"noreferrer noopener\"><strong>HB 449<\/strong><\/a> Permitir demandas colectivas en Virginia.  <\/li>\n<\/ul>\n\n\n\n<p>Nuestro compromiso de mejorar la Commonwealth mediante un sistema de asociaciones cada vez mayor contin\u00faa mientras elaboramos estrategias para informar, apoyar y capacitar a las comunidades a medida que entran en vigor estas nuevas leyes.  <em>\u00a1Adelante!<\/em><\/p>\n\n\n\n<div style=\"height:0px\" aria-hidden=\"true\" class=\"wp-block-spacer\"><\/div>\n\n\n\t<\/div>\n<\/div>\n\n\t\t\t\t\t<\/div>\n\t\t\t\t\t\t\t\n\t\t\t<\/div>\n\t\t<\/div>\n\t<\/div>\n\n\t<style type=\"text\/css\">\n\t\t.edit-post-visual-editor [data-block=\"45a74118c4c539cda1df89c8ba6bfed7\"] .block-editor-block-list__layout {\n\t\t\tjustify-content: center;\n\t\t}\n\n\t\t\t<\/style>\n<\/div>\n","protected":false},"excerpt":{"rendered":"","protected":false},"author":21,"featured_media":0,"parent":0,"menu_order":0,"template":"","format":"standard","meta":{"footnotes":""},"lajc-tax-news-type":[],"lajc-tax-roles":[125],"lajc-tax-issues":[],"lajc-tax-locations":[],"class_list":["post-20018","lajc_news","type-lajc_news","status-publish","format-standard","hentry","lajc-tax-roles-politica"],"acf":[],"yoast_head":"<!-- This site is optimized with the Yoast SEO plugin v27.5 - https:\/\/yoast.com\/product\/yoast-seo-wordpress\/ -->\n<title>LAJC Post-Sesi\u00f3n 2026 - Legal Aid Justice Center<\/title>\n<meta name=\"robots\" content=\"index, follow, max-snippet:-1, max-image-preview:large, max-video-preview:-1\" \/>\n<link rel=\"canonical\" href=\"https:\/\/www.justice4all.org\/es\/news\/lajc-post-sesion-2026\/\" \/>\n<meta property=\"og:locale\" content=\"es_ES\" \/>\n<meta property=\"og:type\" content=\"article\" \/>\n<meta property=\"og:title\" content=\"LAJC Post-Sesi\u00f3n 2026 - Legal Aid Justice Center\" \/>\n<meta property=\"og:url\" content=\"https:\/\/www.justice4all.org\/es\/news\/lajc-post-sesion-2026\/\" \/>\n<meta property=\"og:site_name\" content=\"Legal Aid Justice Center\" \/>\n<meta property=\"article:modified_time\" content=\"2026-04-27T20:26:48+00:00\" \/>\n<meta property=\"og:image\" content=\"https:\/\/www.justice4all.org\/wp-content\/uploads\/2026\/04\/GA-Banners-5-1024x271.png\" \/>\n\t<meta property=\"og:image:width\" content=\"1024\" \/>\n\t<meta property=\"og:image:height\" content=\"271\" \/>\n\t<meta property=\"og:image:type\" content=\"image\/png\" \/>\n<meta name=\"twitter:card\" content=\"summary_large_image\" \/>\n<meta name=\"twitter:label1\" content=\"Tiempo de lectura\" \/>\n\t<meta name=\"twitter:data1\" content=\"6 minuto\" \/>\n<script type=\"application\/ld+json\" class=\"yoast-schema-graph\">{\"@context\":\"https:\\\/\\\/schema.org\",\"@graph\":[{\"@type\":\"WebPage\",\"@id\":\"https:\\\/\\\/www.justice4all.org\\\/es\\\/news\\\/lajc-post-sesion-2026\\\/\",\"url\":\"https:\\\/\\\/www.justice4all.org\\\/es\\\/news\\\/lajc-post-sesion-2026\\\/\",\"name\":\"LAJC Post-Sesi\u00f3n 2026 - Legal Aid Justice Center\",\"isPartOf\":{\"@id\":\"https:\\\/\\\/www.justice4all.org\\\/es\\\/#website\"},\"primaryImageOfPage\":{\"@id\":\"https:\\\/\\\/www.justice4all.org\\\/es\\\/news\\\/lajc-post-sesion-2026\\\/#primaryimage\"},\"image\":{\"@id\":\"https:\\\/\\\/www.justice4all.org\\\/es\\\/news\\\/lajc-post-sesion-2026\\\/#primaryimage\"},\"thumbnailUrl\":\"https:\\\/\\\/www.justice4all.org\\\/wp-content\\\/uploads\\\/2026\\\/04\\\/GA-Banners-5.png\",\"datePublished\":\"2026-04-27T14:31:10+00:00\",\"dateModified\":\"2026-04-27T20:26:48+00:00\",\"breadcrumb\":{\"@id\":\"https:\\\/\\\/www.justice4all.org\\\/es\\\/news\\\/lajc-post-sesion-2026\\\/#breadcrumb\"},\"inLanguage\":\"es\",\"potentialAction\":[{\"@type\":\"ReadAction\",\"target\":[\"https:\\\/\\\/www.justice4all.org\\\/es\\\/news\\\/lajc-post-sesion-2026\\\/\"]}]},{\"@type\":\"ImageObject\",\"inLanguage\":\"es\",\"@id\":\"https:\\\/\\\/www.justice4all.org\\\/es\\\/news\\\/lajc-post-sesion-2026\\\/#primaryimage\",\"url\":\"https:\\\/\\\/www.justice4all.org\\\/wp-content\\\/uploads\\\/2026\\\/04\\\/GA-Banners-5.png\",\"contentUrl\":\"https:\\\/\\\/www.justice4all.org\\\/wp-content\\\/uploads\\\/2026\\\/04\\\/GA-Banners-5.png\"},{\"@type\":\"BreadcrumbList\",\"@id\":\"https:\\\/\\\/www.justice4all.org\\\/es\\\/news\\\/lajc-post-sesion-2026\\\/#breadcrumb\",\"itemListElement\":[{\"@type\":\"ListItem\",\"position\":1,\"name\":\"Home\",\"item\":\"https:\\\/\\\/www.justice4all.org\\\/es\\\/\"},{\"@type\":\"ListItem\",\"position\":2,\"name\":\"LAJC Post-Sesi\u00f3n 2026\"}]},{\"@type\":\"WebSite\",\"@id\":\"https:\\\/\\\/www.justice4all.org\\\/es\\\/#website\",\"url\":\"https:\\\/\\\/www.justice4all.org\\\/es\\\/\",\"name\":\"Legal Aid Justice Center\",\"description\":\"\",\"potentialAction\":[{\"@type\":\"SearchAction\",\"target\":{\"@type\":\"EntryPoint\",\"urlTemplate\":\"https:\\\/\\\/www.justice4all.org\\\/es\\\/?s={search_term_string}\"},\"query-input\":{\"@type\":\"PropertyValueSpecification\",\"valueRequired\":true,\"valueName\":\"search_term_string\"}}],\"inLanguage\":\"es\"}]}<\/script>\n<!-- \/ Yoast SEO plugin. -->","yoast_head_json":{"title":"LAJC Post-Sesi\u00f3n 2026 - Legal Aid Justice Center","robots":{"index":"index","follow":"follow","max-snippet":"max-snippet:-1","max-image-preview":"max-image-preview:large","max-video-preview":"max-video-preview:-1"},"canonical":"https:\/\/www.justice4all.org\/es\/news\/lajc-post-sesion-2026\/","og_locale":"es_ES","og_type":"article","og_title":"LAJC Post-Sesi\u00f3n 2026 - Legal Aid Justice Center","og_url":"https:\/\/www.justice4all.org\/es\/news\/lajc-post-sesion-2026\/","og_site_name":"Legal Aid Justice Center","article_modified_time":"2026-04-27T20:26:48+00:00","og_image":[{"width":1024,"height":271,"url":"https:\/\/www.justice4all.org\/wp-content\/uploads\/2026\/04\/GA-Banners-5-1024x271.png","type":"image\/png"}],"twitter_card":"summary_large_image","twitter_misc":{"Tiempo de lectura":"6 minuto"},"schema":{"@context":"https:\/\/schema.org","@graph":[{"@type":"WebPage","@id":"https:\/\/www.justice4all.org\/es\/news\/lajc-post-sesion-2026\/","url":"https:\/\/www.justice4all.org\/es\/news\/lajc-post-sesion-2026\/","name":"LAJC Post-Sesi\u00f3n 2026 - Legal Aid Justice Center","isPartOf":{"@id":"https:\/\/www.justice4all.org\/es\/#website"},"primaryImageOfPage":{"@id":"https:\/\/www.justice4all.org\/es\/news\/lajc-post-sesion-2026\/#primaryimage"},"image":{"@id":"https:\/\/www.justice4all.org\/es\/news\/lajc-post-sesion-2026\/#primaryimage"},"thumbnailUrl":"https:\/\/www.justice4all.org\/wp-content\/uploads\/2026\/04\/GA-Banners-5.png","datePublished":"2026-04-27T14:31:10+00:00","dateModified":"2026-04-27T20:26:48+00:00","breadcrumb":{"@id":"https:\/\/www.justice4all.org\/es\/news\/lajc-post-sesion-2026\/#breadcrumb"},"inLanguage":"es","potentialAction":[{"@type":"ReadAction","target":["https:\/\/www.justice4all.org\/es\/news\/lajc-post-sesion-2026\/"]}]},{"@type":"ImageObject","inLanguage":"es","@id":"https:\/\/www.justice4all.org\/es\/news\/lajc-post-sesion-2026\/#primaryimage","url":"https:\/\/www.justice4all.org\/wp-content\/uploads\/2026\/04\/GA-Banners-5.png","contentUrl":"https:\/\/www.justice4all.org\/wp-content\/uploads\/2026\/04\/GA-Banners-5.png"},{"@type":"BreadcrumbList","@id":"https:\/\/www.justice4all.org\/es\/news\/lajc-post-sesion-2026\/#breadcrumb","itemListElement":[{"@type":"ListItem","position":1,"name":"Home","item":"https:\/\/www.justice4all.org\/es\/"},{"@type":"ListItem","position":2,"name":"LAJC Post-Sesi\u00f3n 2026"}]},{"@type":"WebSite","@id":"https:\/\/www.justice4all.org\/es\/#website","url":"https:\/\/www.justice4all.org\/es\/","name":"Legal Aid Justice Center","description":"","potentialAction":[{"@type":"SearchAction","target":{"@type":"EntryPoint","urlTemplate":"https:\/\/www.justice4all.org\/es\/?s={search_term_string}"},"query-input":{"@type":"PropertyValueSpecification","valueRequired":true,"valueName":"search_term_string"}}],"inLanguage":"es"}]}},"_links":{"self":[{"href":"https:\/\/www.justice4all.org\/es\/wp-json\/wp\/v2\/lajc_news\/20018","targetHints":{"allow":["GET"]}}],"collection":[{"href":"https:\/\/www.justice4all.org\/es\/wp-json\/wp\/v2\/lajc_news"}],"about":[{"href":"https:\/\/www.justice4all.org\/es\/wp-json\/wp\/v2\/types\/lajc_news"}],"author":[{"embeddable":true,"href":"https:\/\/www.justice4all.org\/es\/wp-json\/wp\/v2\/users\/21"}],"version-history":[{"count":0,"href":"https:\/\/www.justice4all.org\/es\/wp-json\/wp\/v2\/lajc_news\/20018\/revisions"}],"wp:attachment":[{"href":"https:\/\/www.justice4all.org\/es\/wp-json\/wp\/v2\/media?parent=20018"}],"wp:term":[{"taxonomy":"lajc-tax-news-type","embeddable":true,"href":"https:\/\/www.justice4all.org\/es\/wp-json\/wp\/v2\/lajc-tax-news-type?post=20018"},{"taxonomy":"lajc-tax-roles","embeddable":true,"href":"https:\/\/www.justice4all.org\/es\/wp-json\/wp\/v2\/lajc-tax-roles?post=20018"},{"taxonomy":"lajc-tax-issues","embeddable":true,"href":"https:\/\/www.justice4all.org\/es\/wp-json\/wp\/v2\/lajc-tax-issues?post=20018"},{"taxonomy":"lajc-tax-locations","embeddable":true,"href":"https:\/\/www.justice4all.org\/es\/wp-json\/wp\/v2\/lajc-tax-locations?post=20018"}],"curies":[{"name":"wp","href":"https:\/\/api.w.org\/{rel}","templated":true}]}}