{"id":19871,"date":"2018-07-10T13:01:28","date_gmt":"2018-07-10T13:01:28","guid":{"rendered":"https:\/\/www.justice4all.org\/news\/el-sheriff-de-alexandria-empieza-a-alejarse-del-ice\/"},"modified":"2018-07-10T13:01:28","modified_gmt":"2018-07-10T13:01:28","slug":"el-sheriff-de-alexandria-empieza-a-alejarse-del-ice","status":"publish","type":"lajc_news","link":"https:\/\/www.justice4all.org\/es\/news\/el-sheriff-de-alexandria-empieza-a-alejarse-del-ice\/","title":{"rendered":"El sheriff de Alexandria empieza a alejarse del ICE"},"content":{"rendered":"<div class=\"lajc-m-content\"><strong><u>Para publicaci\u00f3n inmediata: 10 de julio de 2018<\/u><\/strong><\/p>\n<p><strong>Contacto: <\/strong>Mia Taylor, <a href=\"mailto:mtaylor@tenantsandworkers.org\">mtaylor@tenantsandworkers.org,<\/a> 571-269-8107<br \/>\nSimon Sandoval-Moshenberg, <a href=\"mailto:simon@justice4all.org\">simon@justice4all.org,<\/a> 703-720-5605<\/p>\n<p><strong>El sheriff de Alexandria reduce su colaboraci\u00f3n con el ICE, pero hace falta m\u00e1s<br \/>\n<\/strong><strong style=\"font-size: 15px; letter-spacing: 0.1em;\"><em>Grupos de defensa de los derechos de los inmigrantes exigen que la c\u00e1rcel de Alexandria rompa sus v\u00ednculos con el ICE<\/em><\/strong><\/p>\n<p>ALEXANDRIA, VA: El reciente compromiso del sheriff de Alexandria, Dana Lawhorne, de reducir la colaboraci\u00f3n con el Servicio de Inmigraci\u00f3n y Control de Aduanas (ICE) es un paso adelante positivo, pero se necesitan m\u00e1s cambios para estar a la altura de <a href=\"https:\/\/www.alexandriava.gov\/news_display.aspx?id=94948\">la Declaraci\u00f3n de Inclusi\u00f3n de la ciudad<\/a>.<\/p>\n<p>El sheriff Lawhorne anunci\u00f3 ayer que, en el caso de los inmigrantes que cumplan una condena impuesta por un juez, su c\u00e1rcel ya no atender\u00e1 las peticiones del ICE de retenerlos m\u00e1s all\u00e1 de sus fechas previstas de puesta en libertad.&nbsp;  En el caso de los inmigrantes que hayan sido puestos en libertad bajo fianza, o que re\u00fanan los requisitos para ser puestos en libertad una vez cumplida la condena, la c\u00e1rcel s\u00f3lo los retendr\u00e1 16 horas para el ICE (o hasta 24 horas en circunstancias atenuantes), sea cual sea el d\u00eda de la semana. El sheriff Lawhorne tambi\u00e9n establecer\u00e1 pol\u00edticas de control horario y auditor\u00edas semanales peri\u00f3dicas para asegurarse de que no se retiene a nadie m\u00e1s del tiempo permitido por esta nueva pol\u00edtica. <\/p>\n<p>Anteriormente, la c\u00e1rcel atend\u00eda las peticiones del ICE de retener a los inmigrantes detenidos, tanto antes del juicio como despu\u00e9s de la condena, hasta dos d\u00edas h\u00e1biles despu\u00e9s de la fecha prevista para su puesta en libertad, sin incluir fines de semana y festivos. En 2017, la c\u00e1rcel de Alexandria entreg\u00f3 105 personas al ICE, casi el doble que en 2016. &nbsp;  M\u00e1s de la mitad de ellos estaban simplemente a la espera de juicio y no hab\u00edan sido condenados por ning\u00fan delito. Alexandria tambi\u00e9n permite al ICE utilizar su c\u00e1rcel como centro de detenci\u00f3n de corta duraci\u00f3n para los inmigrantes detenidos en cualquier lugar, pr\u00e1ctica que no cambiar\u00e1 tras el anuncio de ayer. <\/p>\n<p>\u00abGracias, sheriff, por su voluntad de comprometerse con la comunidad y revisar sus pr\u00e1cticas. Nos anima que describas esto como un &#8216;primer paso&#8217;. Y es un paso en la direcci\u00f3n correcta\u00bb, dijo Simon Sandoval-Moshenberg, director jur\u00eddico del Programa de Defensa de los Inmigrantes del Centro de Justicia de Ayuda Legal. \u00abPero 16 horas m\u00e1s de c\u00e1rcel para los inmigrantes siguen siendo 16 horas de m\u00e1s. Los inmigrantes no deben ser tratados de forma diferente a los ciudadanos: despu\u00e9s de pagar la fianza, se les debe permitir salir por la puerta principal.\u00bb <\/p>\n<p>\u00abNo hay ninguna ley que obligue a la c\u00e1rcel a trasladar a la gente al ICE\u00bb, dijo Mia Taylor, organizadora de Inquilinos y Trabajadores Unidos.&nbsp;  \u00abLas fuerzas de seguridad locales no deber\u00edan aplicar las leyes de un sistema federal de inmigraci\u00f3n roto\u00bb.<\/p>\n<p>\u00abEstamos escuchando una tremenda avalancha de preocupaci\u00f3n por parte de nuestros amigos y vecinos de Alexandria\u00bb, dijo Jonathan Krall, de Grassroots Alexandria. \u00abLa c\u00e1rcel es un lugar donde tenemos el poder de hacer un cambio\u00bb. <\/p>\n<p>El 18 de junio, la otra c\u00e1rcel de Alexandria, el Centro Regional de Detenci\u00f3n de Menores del Norte de Virginia, anunci\u00f3 que, a partir de septiembre, dejar\u00e1 de alquilar camas al gobierno federal para detener a menores inmigrantes no acompa\u00f1ados.&nbsp;  Pero con el anuncio de ayer, el Centro de Detenci\u00f3n de Adultos de Alexandria seguir\u00e1 actuando como centro de retenci\u00f3n a corto plazo para el ICE, tanto para los inmigrantes detenidos por la polic\u00eda local de Alexandria como para los detenidos por el ICE en cualquier otro lugar.<\/p>\n<p>El ICE ha sido objeto de cr\u00edticas por t\u00e1cticas inhumanas que incluyen la elaboraci\u00f3n de perfiles raciales, la entrada en domicilios sin orden judicial y la disoluci\u00f3n de familias. Ha llegado el momento de que Alexandria rompa totalmente los lazos con esa agencia. <\/p>\n<hr>\n<p><a href=\"http:\/\/www.tenantsandworkers.org\/\"><em>Inquilinos y Trabajadores Unidos<\/em><\/a><em>  construye poder en las comunidades de inmigrantes de color con bajos ingresos para mejorar la calidad de nuestras vidas en el norte de Virginia. Organizamos y apoyamos a las personas para que sean agentes de cambio en sus propias vidas abordando los problemas que les preocupan. <\/em><\/p>\n<p><a href=\"https:\/\/www.justice4all.org\/es\/\"><em>Centro de Justicia de Asistencia Jur\u00eddica<\/em><\/a><em> es una organizaci\u00f3n estatal sin \u00e1nimo de lucro de Virginia cuya misi\u00f3n es reforzar las voces de las comunidades de bajos ingresos y erradicar las desigualdades que mantienen a la gente en la pobreza.  Proporcionamos apoyo jur\u00eddico a las comunidades de inmigrantes que se enfrentan a crisis legales, y utilizamos la defensa y los litigios de impacto para luchar contra los abusos del ICE en materia de aplicaci\u00f3n de la ley y detenci\u00f3n.  Nuestra campa\u00f1a \u00abDe-ICE Virginia\u00bb pretende romper los v\u00ednculos entre las fuerzas de seguridad locales y el ICE.<\/em><\/p>\n<p><a href=\"http:\/\/grassrootsalexandria.org\/\"><em>Grassroots Alexandria<\/em><\/a><em> promueve conversaciones locales, no partidistas y a largo plazo, la educaci\u00f3n de la comunidad y la acci\u00f3n hacia soluciones positivas por parte de quienes se sienten movidos a actuar seg\u00fan su conciencia.<\/em><\/div>\n","protected":false},"excerpt":{"rendered":"<p>Para publicaci\u00f3n inmediata: 10 de julio de 2018 Contacto: Mia Taylor, mtaylor@tenantsandworkers.org, 571-269-8107 Simon Sandoval-Moshenberg, simon@justice4all.org, 703-720-5605 El sheriff de Alexandria reduce su colaboraci\u00f3n con el ICE, pero hace falta m\u00e1s Grupos de defensa de los derechos de los inmigrantes exigen que la c\u00e1rcel de Alexandria rompa sus v\u00ednculos con el ICE ALEXANDRIA, VA: El [&hellip;]<\/p>\n","protected":false},"author":7,"featured_media":0,"parent":0,"menu_order":0,"template":"","format":"standard","meta":{"footnotes":""},"lajc-tax-news-type":[],"lajc-tax-roles":[],"lajc-tax-issues":[],"lajc-tax-locations":[],"class_list":["post-19871","lajc_news","type-lajc_news","status-publish","format-standard","hentry"],"acf":[],"yoast_head":"<!-- This site is optimized with the Yoast SEO plugin v27.5 - https:\/\/yoast.com\/product\/yoast-seo-wordpress\/ -->\n<title>El sheriff de Alexandria empieza a alejarse del ICE - Legal Aid Justice Center<\/title>\n<meta name=\"robots\" content=\"index, follow, max-snippet:-1, max-image-preview:large, max-video-preview:-1\" \/>\n<link rel=\"canonical\" href=\"https:\/\/www.justice4all.org\/es\/news\/el-sheriff-de-alexandria-empieza-a-alejarse-del-ice\/\" \/>\n<meta property=\"og:locale\" content=\"es_ES\" \/>\n<meta property=\"og:type\" content=\"article\" \/>\n<meta property=\"og:title\" content=\"El sheriff de Alexandria empieza a alejarse del ICE - Legal Aid Justice Center\" \/>\n<meta property=\"og:description\" content=\"Para publicaci\u00f3n inmediata: 10 de julio de 2018 Contacto: Mia Taylor, mtaylor@tenantsandworkers.org, 571-269-8107 Simon Sandoval-Moshenberg, simon@justice4all.org, 703-720-5605 El sheriff de Alexandria reduce su colaboraci\u00f3n con el ICE, pero hace falta m\u00e1s Grupos de defensa de los derechos de los inmigrantes exigen que la c\u00e1rcel de Alexandria rompa sus v\u00ednculos con el ICE ALEXANDRIA, VA: El [&hellip;]\" \/>\n<meta property=\"og:url\" content=\"https:\/\/www.justice4all.org\/es\/news\/el-sheriff-de-alexandria-empieza-a-alejarse-del-ice\/\" \/>\n<meta property=\"og:site_name\" content=\"Legal Aid Justice Center\" \/>\n<meta name=\"twitter:card\" content=\"summary_large_image\" \/>\n<meta name=\"twitter:label1\" content=\"Tiempo de lectura\" \/>\n\t<meta name=\"twitter:data1\" content=\"4 minuto\" \/>\n<script type=\"application\/ld+json\" class=\"yoast-schema-graph\">{\"@context\":\"https:\\\/\\\/schema.org\",\"@graph\":[{\"@type\":\"WebPage\",\"@id\":\"https:\\\/\\\/www.justice4all.org\\\/es\\\/news\\\/el-sheriff-de-alexandria-empieza-a-alejarse-del-ice\\\/\",\"url\":\"https:\\\/\\\/www.justice4all.org\\\/es\\\/news\\\/el-sheriff-de-alexandria-empieza-a-alejarse-del-ice\\\/\",\"name\":\"El sheriff de Alexandria empieza a alejarse del ICE - Legal Aid Justice Center\",\"isPartOf\":{\"@id\":\"https:\\\/\\\/www.justice4all.org\\\/es\\\/#website\"},\"datePublished\":\"2018-07-10T13:01:28+00:00\",\"breadcrumb\":{\"@id\":\"https:\\\/\\\/www.justice4all.org\\\/es\\\/news\\\/el-sheriff-de-alexandria-empieza-a-alejarse-del-ice\\\/#breadcrumb\"},\"inLanguage\":\"es\",\"potentialAction\":[{\"@type\":\"ReadAction\",\"target\":[\"https:\\\/\\\/www.justice4all.org\\\/es\\\/news\\\/el-sheriff-de-alexandria-empieza-a-alejarse-del-ice\\\/\"]}]},{\"@type\":\"BreadcrumbList\",\"@id\":\"https:\\\/\\\/www.justice4all.org\\\/es\\\/news\\\/el-sheriff-de-alexandria-empieza-a-alejarse-del-ice\\\/#breadcrumb\",\"itemListElement\":[{\"@type\":\"ListItem\",\"position\":1,\"name\":\"Home\",\"item\":\"https:\\\/\\\/www.justice4all.org\\\/es\\\/\"},{\"@type\":\"ListItem\",\"position\":2,\"name\":\"El sheriff de Alexandria empieza a alejarse del ICE\"}]},{\"@type\":\"WebSite\",\"@id\":\"https:\\\/\\\/www.justice4all.org\\\/es\\\/#website\",\"url\":\"https:\\\/\\\/www.justice4all.org\\\/es\\\/\",\"name\":\"Legal Aid Justice Center\",\"description\":\"\",\"potentialAction\":[{\"@type\":\"SearchAction\",\"target\":{\"@type\":\"EntryPoint\",\"urlTemplate\":\"https:\\\/\\\/www.justice4all.org\\\/es\\\/?s={search_term_string}\"},\"query-input\":{\"@type\":\"PropertyValueSpecification\",\"valueRequired\":true,\"valueName\":\"search_term_string\"}}],\"inLanguage\":\"es\"}]}<\/script>\n<!-- \/ Yoast SEO plugin. -->","yoast_head_json":{"title":"El sheriff de Alexandria empieza a alejarse del ICE - Legal Aid Justice Center","robots":{"index":"index","follow":"follow","max-snippet":"max-snippet:-1","max-image-preview":"max-image-preview:large","max-video-preview":"max-video-preview:-1"},"canonical":"https:\/\/www.justice4all.org\/es\/news\/el-sheriff-de-alexandria-empieza-a-alejarse-del-ice\/","og_locale":"es_ES","og_type":"article","og_title":"El sheriff de Alexandria empieza a alejarse del ICE - Legal Aid Justice Center","og_description":"Para publicaci\u00f3n inmediata: 10 de julio de 2018 Contacto: Mia Taylor, mtaylor@tenantsandworkers.org, 571-269-8107 Simon Sandoval-Moshenberg, simon@justice4all.org, 703-720-5605 El sheriff de Alexandria reduce su colaboraci\u00f3n con el ICE, pero hace falta m\u00e1s Grupos de defensa de los derechos de los inmigrantes exigen que la c\u00e1rcel de Alexandria rompa sus v\u00ednculos con el ICE ALEXANDRIA, VA: El [&hellip;]","og_url":"https:\/\/www.justice4all.org\/es\/news\/el-sheriff-de-alexandria-empieza-a-alejarse-del-ice\/","og_site_name":"Legal Aid Justice Center","twitter_card":"summary_large_image","twitter_misc":{"Tiempo de lectura":"4 minuto"},"schema":{"@context":"https:\/\/schema.org","@graph":[{"@type":"WebPage","@id":"https:\/\/www.justice4all.org\/es\/news\/el-sheriff-de-alexandria-empieza-a-alejarse-del-ice\/","url":"https:\/\/www.justice4all.org\/es\/news\/el-sheriff-de-alexandria-empieza-a-alejarse-del-ice\/","name":"El sheriff de Alexandria empieza a alejarse del ICE - Legal Aid Justice Center","isPartOf":{"@id":"https:\/\/www.justice4all.org\/es\/#website"},"datePublished":"2018-07-10T13:01:28+00:00","breadcrumb":{"@id":"https:\/\/www.justice4all.org\/es\/news\/el-sheriff-de-alexandria-empieza-a-alejarse-del-ice\/#breadcrumb"},"inLanguage":"es","potentialAction":[{"@type":"ReadAction","target":["https:\/\/www.justice4all.org\/es\/news\/el-sheriff-de-alexandria-empieza-a-alejarse-del-ice\/"]}]},{"@type":"BreadcrumbList","@id":"https:\/\/www.justice4all.org\/es\/news\/el-sheriff-de-alexandria-empieza-a-alejarse-del-ice\/#breadcrumb","itemListElement":[{"@type":"ListItem","position":1,"name":"Home","item":"https:\/\/www.justice4all.org\/es\/"},{"@type":"ListItem","position":2,"name":"El sheriff de Alexandria empieza a alejarse del ICE"}]},{"@type":"WebSite","@id":"https:\/\/www.justice4all.org\/es\/#website","url":"https:\/\/www.justice4all.org\/es\/","name":"Legal Aid Justice Center","description":"","potentialAction":[{"@type":"SearchAction","target":{"@type":"EntryPoint","urlTemplate":"https:\/\/www.justice4all.org\/es\/?s={search_term_string}"},"query-input":{"@type":"PropertyValueSpecification","valueRequired":true,"valueName":"search_term_string"}}],"inLanguage":"es"}]}},"_links":{"self":[{"href":"https:\/\/www.justice4all.org\/es\/wp-json\/wp\/v2\/lajc_news\/19871","targetHints":{"allow":["GET"]}}],"collection":[{"href":"https:\/\/www.justice4all.org\/es\/wp-json\/wp\/v2\/lajc_news"}],"about":[{"href":"https:\/\/www.justice4all.org\/es\/wp-json\/wp\/v2\/types\/lajc_news"}],"author":[{"embeddable":true,"href":"https:\/\/www.justice4all.org\/es\/wp-json\/wp\/v2\/users\/7"}],"version-history":[{"count":0,"href":"https:\/\/www.justice4all.org\/es\/wp-json\/wp\/v2\/lajc_news\/19871\/revisions"}],"wp:attachment":[{"href":"https:\/\/www.justice4all.org\/es\/wp-json\/wp\/v2\/media?parent=19871"}],"wp:term":[{"taxonomy":"lajc-tax-news-type","embeddable":true,"href":"https:\/\/www.justice4all.org\/es\/wp-json\/wp\/v2\/lajc-tax-news-type?post=19871"},{"taxonomy":"lajc-tax-roles","embeddable":true,"href":"https:\/\/www.justice4all.org\/es\/wp-json\/wp\/v2\/lajc-tax-roles?post=19871"},{"taxonomy":"lajc-tax-issues","embeddable":true,"href":"https:\/\/www.justice4all.org\/es\/wp-json\/wp\/v2\/lajc-tax-issues?post=19871"},{"taxonomy":"lajc-tax-locations","embeddable":true,"href":"https:\/\/www.justice4all.org\/es\/wp-json\/wp\/v2\/lajc-tax-locations?post=19871"}],"curies":[{"name":"wp","href":"https:\/\/api.w.org\/{rel}","templated":true}]}}