{"id":19869,"date":"2018-08-22T19:14:18","date_gmt":"2018-08-22T19:14:18","guid":{"rendered":"https:\/\/www.justice4all.org\/news\/el-lajc-corrige-las-inexactitudes-del-ice-re-acrj\/"},"modified":"2018-08-22T19:14:18","modified_gmt":"2018-08-22T19:14:18","slug":"el-lajc-corrige-las-inexactitudes-del-ice-re-acrj","status":"publish","type":"lajc_news","link":"https:\/\/www.justice4all.org\/es\/news\/el-lajc-corrige-las-inexactitudes-del-ice-re-acrj\/","title":{"rendered":"El LAJC corrige las inexactitudes del ICE RE: ACRJ"},"content":{"rendered":"<div class=\"lajc-m-content\"><strong><u>Para publicaci\u00f3n inmediata: 22 de agosto de 2018<\/u><\/strong><\/p>\n<p><strong>&nbsp;<\/strong><strong>Contacto:<\/strong> Deena N. Sharuk, <a href=\"mailto:deena@justice4all.org\">deena@justice4all.org<\/a> 434-977-0553<\/p>\n<p style=\"text-align: center;\"><strong><em>El LAJC corrige las inexactitudes del ICE y se une al llamamiento para que la ACRJ ponga fin a la notificaci\u00f3n voluntaria al ICE<\/em><\/strong><\/p>\n<p>CHARLOTTESVILLE, VA - El jueves 23 de agosto, a las 12.30 h, los miembros de la Junta de la C\u00e1rcel Regional de Albemarle-Charlottesville (ACRJ) se reunir\u00e1n en sesi\u00f3n de trabajo para debatir la pol\u00edtica voluntaria de la c\u00e1rcel de notificar al Servicio de Inmigraci\u00f3n y Control de Aduanas (ICE) la fecha y hora de puesta en libertad de los presos inmigrantes, para que el ICE pueda detenerlos. Representantes del Centro de Justicia de Ayuda Legal y otros miembros de la comunidad estar\u00e1n presentes para instar a la Junta de la C\u00e1rcel a que deje de facilitar voluntariamente la aplicaci\u00f3n de la ley federal de inmigraci\u00f3n del ICE. <\/p>\n<p>Previamente, el 25 de enero, la Junta de la ACRJ celebr\u00f3 una reuni\u00f3n especial para revisar la pol\u00edtica. En esa reuni\u00f3n, el Director de la Oficina de Campo del ICE, Russell Hott, testific\u00f3 a favor de la pol\u00edtica de notificaci\u00f3n adicional voluntaria del ICE. Bas\u00e1ndose en parte en las declaraciones del Sr. Hott, el ACRJ vot\u00f3 7 a 3 a favor de mantener la pol\u00edtica de notificaci\u00f3n adicional del ICE.  <\/p>\n<p>En un <a href=\"https:\/\/www.justice4all.org\/wp-content\/uploads\/2018\/08\/ICE-at-ACRJ-Fact-or-Fiction.pdf\" target=\"_blank\" rel=\"noopener\">libro blanco <strong>(<\/strong>pdf)<strong>)<\/strong><\/a> publicado hoy, el Centro de Justicia de Asistencia Jur\u00eddica identific\u00f3 cinco declaraciones falsas o enga\u00f1osas realizadas por el Sr. Hott en su testimonio ante la Junta. Contrariamente a las declaraciones del Sr. Hott: <\/p>\n<ul>\n<li>Entre las infracciones m\u00e1s comunes por las que los inmigrantes del ACRJ quedan sujetos a notificaci\u00f3n del ICE est\u00e1n emborracharse en p\u00fablico y no tener un permiso de conducir v\u00e1lido.<\/li>\n<li>La mayor\u00eda de los inmigrantes en proceso de expulsi\u00f3n no tienen acceso a representaci\u00f3n legal.<\/li>\n<li>El ICE realiza redadas.<\/li>\n<li>El ICE tiene capacidad para solicitar una orden de detenci\u00f3n firmada por un juez por infracciones penales de inmigraci\u00f3n. La naturaleza sensible de las pruebas subyacentes es irrelevante para esa b\u00fasqueda. <\/li>\n<li>Estar presente en los Estados Unidos de Am\u00e9rica sin permiso no es un delito.<\/li>\n<\/ul>\n<p>Entre las fuentes del libro blanco, el LAJC analiz\u00f3 datos de la poblaci\u00f3n reclusa facilitados por la ACRJ en respuesta a la solicitud del LAJC de la Ley de Libertad de Informaci\u00f3n de Virginia (VFOIA). El libro blanco del LAJC se ha compartido con los miembros de la junta de la c\u00e1rcel. <\/p>\n<p>\u00abLa actual pol\u00edtica de notificaci\u00f3n voluntaria amenaza nuestra seguridad p\u00fablica colectiva, burla las protecciones de nuestro sistema de justicia penal y afecta desproporcionadamente a las personas de color\u00bb, afirma Deena Sharuk, abogada del Programa de Defensa de los Inmigrantes del Centro de Justicia de Ayuda Legal.&nbsp;\u00abCuando se confunde la aplicaci\u00f3n de la ley local con el ICE, hace que toda nuestra comunidad sea menos segura\u00bb.<\/p>\n<p>Se espera que representantes del ICE argumenten a favor de que contin\u00faen las notificaciones. Tambi\u00e9n est\u00e1n invitados a participar los fiscales del condado de Albemarle, de la ciudad de Charlottesville y del condado de Nelson. La Sra. Sharuk y la abogada local Tanishka Cruz abogar\u00e1n por el fin de la actual pol\u00edtica de notificaciones.  <\/p>\n<p>No se espera ninguna decisi\u00f3n en la sesi\u00f3n de trabajo.&nbsp;  La junta volver\u00e1 a reunirse el 13 de septiembre para escuchar los comentarios del p\u00fablico y proceder a la votaci\u00f3n final sobre la pol\u00edtica.&nbsp;  Los miembros de la junta de la C\u00e1rcel son el sheriff Chip Harding, la supervisora Diantha McKeel, el ayudante del ejecutivo del condado Doug Walker, la Sra. Cyndra Van Clief, el concejal de la ciudad Dr. Wes Bellamy. Sheriff James Brown, el Administrador Municipal Interino Mike Murphy, la Sra. Kathy Harris, el Sr. W. Lawton Tufts, el Sheriff David Hill y el Ejecutivo del Condado Steven Carter. <\/p>\n<p style=\"text-align: center;\"># # #<\/p>\n<p>Legal Aid Justice Center es una organizaci\u00f3n estatal sin \u00e1nimo de lucro de Virginia cuya misi\u00f3n es fortalecer las voces de las comunidades de bajos ingresos y erradicar las desigualdades que mantienen a las personas en la pobreza.&nbsp;  Proporcionamos apoyo jur\u00eddico a las comunidades de inmigrantes que se enfrentan a crisis legales, y utilizamos la defensa y los litigios de impacto para luchar contra los abusos del ICE en materia de aplicaci\u00f3n de la ley y detenci\u00f3n.<\/p>\n<p>&nbsp;<\/p><\/div>\n","protected":false},"excerpt":{"rendered":"<p>Para publicaci\u00f3n inmediata: 22 de agosto de 2018 &nbsp;Contacto: Deena N. Sharuk, deena@justice4all.org 434-977-0553 El LAJC corrige las inexactitudes del ICE y se une al llamamiento para que la ACRJ ponga fin a la notificaci\u00f3n voluntaria al ICE CHARLOTTESVILLE, VA - El jueves 23 de agosto, a las 12.30 h, los miembros de la Junta [&hellip;]<\/p>\n","protected":false},"author":5,"featured_media":0,"parent":0,"menu_order":0,"template":"","format":"standard","meta":{"footnotes":""},"lajc-tax-news-type":[],"lajc-tax-roles":[],"lajc-tax-issues":[],"lajc-tax-locations":[],"class_list":["post-19869","lajc_news","type-lajc_news","status-publish","format-standard","hentry"],"acf":[],"yoast_head":"<!-- This site is optimized with the Yoast SEO plugin v27.5 - https:\/\/yoast.com\/product\/yoast-seo-wordpress\/ -->\n<title>El LAJC corrige las inexactitudes del ICE RE: ACRJ - Legal Aid Justice Center<\/title>\n<meta name=\"robots\" content=\"index, follow, max-snippet:-1, max-image-preview:large, max-video-preview:-1\" \/>\n<link rel=\"canonical\" href=\"https:\/\/www.justice4all.org\/es\/news\/el-lajc-corrige-las-inexactitudes-del-ice-re-acrj\/\" \/>\n<meta property=\"og:locale\" content=\"es_ES\" \/>\n<meta property=\"og:type\" content=\"article\" \/>\n<meta property=\"og:title\" content=\"El LAJC corrige las inexactitudes del ICE RE: ACRJ - Legal Aid Justice Center\" \/>\n<meta property=\"og:description\" content=\"Para publicaci\u00f3n inmediata: 22 de agosto de 2018 &nbsp;Contacto: Deena N. Sharuk, deena@justice4all.org 434-977-0553 El LAJC corrige las inexactitudes del ICE y se une al llamamiento para que la ACRJ ponga fin a la notificaci\u00f3n voluntaria al ICE CHARLOTTESVILLE, VA - El jueves 23 de agosto, a las 12.30 h, los miembros de la Junta [&hellip;]\" \/>\n<meta property=\"og:url\" content=\"https:\/\/www.justice4all.org\/es\/news\/el-lajc-corrige-las-inexactitudes-del-ice-re-acrj\/\" \/>\n<meta property=\"og:site_name\" content=\"Legal Aid Justice Center\" \/>\n<meta name=\"twitter:card\" content=\"summary_large_image\" \/>\n<meta name=\"twitter:label1\" content=\"Tiempo de lectura\" \/>\n\t<meta name=\"twitter:data1\" content=\"4 minuto\" \/>\n<script type=\"application\/ld+json\" class=\"yoast-schema-graph\">{\"@context\":\"https:\\\/\\\/schema.org\",\"@graph\":[{\"@type\":\"WebPage\",\"@id\":\"https:\\\/\\\/www.justice4all.org\\\/es\\\/news\\\/el-lajc-corrige-las-inexactitudes-del-ice-re-acrj\\\/\",\"url\":\"https:\\\/\\\/www.justice4all.org\\\/es\\\/news\\\/el-lajc-corrige-las-inexactitudes-del-ice-re-acrj\\\/\",\"name\":\"El LAJC corrige las inexactitudes del ICE RE: ACRJ - Legal Aid Justice Center\",\"isPartOf\":{\"@id\":\"https:\\\/\\\/www.justice4all.org\\\/es\\\/#website\"},\"datePublished\":\"2018-08-22T19:14:18+00:00\",\"breadcrumb\":{\"@id\":\"https:\\\/\\\/www.justice4all.org\\\/es\\\/news\\\/el-lajc-corrige-las-inexactitudes-del-ice-re-acrj\\\/#breadcrumb\"},\"inLanguage\":\"es\",\"potentialAction\":[{\"@type\":\"ReadAction\",\"target\":[\"https:\\\/\\\/www.justice4all.org\\\/es\\\/news\\\/el-lajc-corrige-las-inexactitudes-del-ice-re-acrj\\\/\"]}]},{\"@type\":\"BreadcrumbList\",\"@id\":\"https:\\\/\\\/www.justice4all.org\\\/es\\\/news\\\/el-lajc-corrige-las-inexactitudes-del-ice-re-acrj\\\/#breadcrumb\",\"itemListElement\":[{\"@type\":\"ListItem\",\"position\":1,\"name\":\"Home\",\"item\":\"https:\\\/\\\/www.justice4all.org\\\/es\\\/\"},{\"@type\":\"ListItem\",\"position\":2,\"name\":\"El LAJC corrige las inexactitudes del ICE RE: ACRJ\"}]},{\"@type\":\"WebSite\",\"@id\":\"https:\\\/\\\/www.justice4all.org\\\/es\\\/#website\",\"url\":\"https:\\\/\\\/www.justice4all.org\\\/es\\\/\",\"name\":\"Legal Aid Justice Center\",\"description\":\"\",\"potentialAction\":[{\"@type\":\"SearchAction\",\"target\":{\"@type\":\"EntryPoint\",\"urlTemplate\":\"https:\\\/\\\/www.justice4all.org\\\/es\\\/?s={search_term_string}\"},\"query-input\":{\"@type\":\"PropertyValueSpecification\",\"valueRequired\":true,\"valueName\":\"search_term_string\"}}],\"inLanguage\":\"es\"}]}<\/script>\n<!-- \/ Yoast SEO plugin. -->","yoast_head_json":{"title":"El LAJC corrige las inexactitudes del ICE RE: ACRJ - Legal Aid Justice Center","robots":{"index":"index","follow":"follow","max-snippet":"max-snippet:-1","max-image-preview":"max-image-preview:large","max-video-preview":"max-video-preview:-1"},"canonical":"https:\/\/www.justice4all.org\/es\/news\/el-lajc-corrige-las-inexactitudes-del-ice-re-acrj\/","og_locale":"es_ES","og_type":"article","og_title":"El LAJC corrige las inexactitudes del ICE RE: ACRJ - Legal Aid Justice Center","og_description":"Para publicaci\u00f3n inmediata: 22 de agosto de 2018 &nbsp;Contacto: Deena N. Sharuk, deena@justice4all.org 434-977-0553 El LAJC corrige las inexactitudes del ICE y se une al llamamiento para que la ACRJ ponga fin a la notificaci\u00f3n voluntaria al ICE CHARLOTTESVILLE, VA - El jueves 23 de agosto, a las 12.30 h, los miembros de la Junta [&hellip;]","og_url":"https:\/\/www.justice4all.org\/es\/news\/el-lajc-corrige-las-inexactitudes-del-ice-re-acrj\/","og_site_name":"Legal Aid Justice Center","twitter_card":"summary_large_image","twitter_misc":{"Tiempo de lectura":"4 minuto"},"schema":{"@context":"https:\/\/schema.org","@graph":[{"@type":"WebPage","@id":"https:\/\/www.justice4all.org\/es\/news\/el-lajc-corrige-las-inexactitudes-del-ice-re-acrj\/","url":"https:\/\/www.justice4all.org\/es\/news\/el-lajc-corrige-las-inexactitudes-del-ice-re-acrj\/","name":"El LAJC corrige las inexactitudes del ICE RE: ACRJ - Legal Aid Justice Center","isPartOf":{"@id":"https:\/\/www.justice4all.org\/es\/#website"},"datePublished":"2018-08-22T19:14:18+00:00","breadcrumb":{"@id":"https:\/\/www.justice4all.org\/es\/news\/el-lajc-corrige-las-inexactitudes-del-ice-re-acrj\/#breadcrumb"},"inLanguage":"es","potentialAction":[{"@type":"ReadAction","target":["https:\/\/www.justice4all.org\/es\/news\/el-lajc-corrige-las-inexactitudes-del-ice-re-acrj\/"]}]},{"@type":"BreadcrumbList","@id":"https:\/\/www.justice4all.org\/es\/news\/el-lajc-corrige-las-inexactitudes-del-ice-re-acrj\/#breadcrumb","itemListElement":[{"@type":"ListItem","position":1,"name":"Home","item":"https:\/\/www.justice4all.org\/es\/"},{"@type":"ListItem","position":2,"name":"El LAJC corrige las inexactitudes del ICE RE: ACRJ"}]},{"@type":"WebSite","@id":"https:\/\/www.justice4all.org\/es\/#website","url":"https:\/\/www.justice4all.org\/es\/","name":"Legal Aid Justice Center","description":"","potentialAction":[{"@type":"SearchAction","target":{"@type":"EntryPoint","urlTemplate":"https:\/\/www.justice4all.org\/es\/?s={search_term_string}"},"query-input":{"@type":"PropertyValueSpecification","valueRequired":true,"valueName":"search_term_string"}}],"inLanguage":"es"}]}},"_links":{"self":[{"href":"https:\/\/www.justice4all.org\/es\/wp-json\/wp\/v2\/lajc_news\/19869","targetHints":{"allow":["GET"]}}],"collection":[{"href":"https:\/\/www.justice4all.org\/es\/wp-json\/wp\/v2\/lajc_news"}],"about":[{"href":"https:\/\/www.justice4all.org\/es\/wp-json\/wp\/v2\/types\/lajc_news"}],"author":[{"embeddable":true,"href":"https:\/\/www.justice4all.org\/es\/wp-json\/wp\/v2\/users\/5"}],"version-history":[{"count":0,"href":"https:\/\/www.justice4all.org\/es\/wp-json\/wp\/v2\/lajc_news\/19869\/revisions"}],"wp:attachment":[{"href":"https:\/\/www.justice4all.org\/es\/wp-json\/wp\/v2\/media?parent=19869"}],"wp:term":[{"taxonomy":"lajc-tax-news-type","embeddable":true,"href":"https:\/\/www.justice4all.org\/es\/wp-json\/wp\/v2\/lajc-tax-news-type?post=19869"},{"taxonomy":"lajc-tax-roles","embeddable":true,"href":"https:\/\/www.justice4all.org\/es\/wp-json\/wp\/v2\/lajc-tax-roles?post=19869"},{"taxonomy":"lajc-tax-issues","embeddable":true,"href":"https:\/\/www.justice4all.org\/es\/wp-json\/wp\/v2\/lajc-tax-issues?post=19869"},{"taxonomy":"lajc-tax-locations","embeddable":true,"href":"https:\/\/www.justice4all.org\/es\/wp-json\/wp\/v2\/lajc-tax-locations?post=19869"}],"curies":[{"name":"wp","href":"https:\/\/api.w.org\/{rel}","templated":true}]}}