{"id":19867,"date":"2018-07-24T21:11:45","date_gmt":"2018-07-24T21:11:45","guid":{"rendered":"https:\/\/www.justice4all.org\/news\/una-demanda-colectiva-impugna-la-politica-de-detencion-del-ice\/"},"modified":"2018-07-24T21:11:45","modified_gmt":"2018-07-24T21:11:45","slug":"una-demanda-colectiva-impugna-la-politica-de-detencion-del-ice","status":"publish","type":"lajc_news","link":"https:\/\/www.justice4all.org\/es\/news\/una-demanda-colectiva-impugna-la-politica-de-detencion-del-ice\/","title":{"rendered":"Una demanda colectiva impugna la pol\u00edtica de detenci\u00f3n del ICE"},"content":{"rendered":"<div class=\"lajc-m-content\"><strong>Para publicaci\u00f3n inmediata:&nbsp;<\/strong><\/p>\n<p><strong>Contacto:<\/strong><br \/>\nCoalici\u00f3n CAIR: Sheena Pegarido, <a href=\"mailto:media@caircoalition.org\" target=\"_blank\" rel=\"noopener\">media@caircoalition.org,<\/a> 202-559-4431<br \/>\nLAJC: Simon Sandoval-Moshenberg, <a href=\"mailto:simon@justice4all.org\">simon@justice4all.org,<\/a> 703-720-5605<br \/>\nDefensores de los Musulmanes: Scott Simpson, <a href=\"mailto:scott@muslimadvocates.org\">scott@muslimadvocates.org,<\/a> 202-735-1984<\/p>\n<p><strong>UNA DEMANDA COLECTIVA IMPUGNA LA POL\u00cdTICA DE ICE DE MANTENER DETENIDOS A LOS INMIGRANTES TRAS GANAR SUS CASOS<\/strong><br \/>\n<strong><em>Grupos de derechos de los inmigrantes luchan contra la pol\u00edtica que mantiene a los inmigrantes entre rejas tras ganar casos<\/em><\/strong><\/p>\n<p>ALEXANDRIA, VIRGINIA, 23 de julio de 2018 - La Coalici\u00f3n por los Derechos de los Inmigrantes del \u00c1rea Capital (CAIR, por sus siglas en ingl\u00e9s), el Centro de Justicia de Asistencia Jur\u00eddica y Defensores de los Musulmanes han presentado el viernes una demanda colectiva para impugnar una pol\u00edtica nueva y fundamentalmente injusta que mantiene detenidos a los inmigrantes despu\u00e9s de ganar sus casos, violando los principios b\u00e1sicos del debido proceso.<\/p>\n<p>Antes, cuando los inmigrantes detenidos ganaban sus casos de retenci\u00f3n de expulsi\u00f3n, el Servicio de Inmigraci\u00f3n y Control de Aduanas (ICE) sol\u00eda ponerlos en libertad de inmediato, salvo por alg\u00fan motivo concreto. Ahora, la nueva pol\u00edtica del ICE consiste en retener a todos esos inmigrantes entre rejas y mantenerlos separados de sus familias durante 90 d\u00edas m\u00e1s, sin una buena raz\u00f3n. La retenci\u00f3n de expulsi\u00f3n, similar al asilo, es una protecci\u00f3n concedida por un juez de inmigraci\u00f3n a personas que han demostrado con \u00e9xito que ser\u00e1n perseguidas o asesinadas si son devueltas a su pa\u00eds de origen.  <\/p>\n<p>\u00abNo hay absolutamente ninguna raz\u00f3n para que el gobierno siga manteniendo a los inmigrantes entre rejas despu\u00e9s de ganar sus casos\u00bb, dijo Claudia Cubas, directora de litigios de la Coalici\u00f3n CAIR. \u00abLucharemos contra esta pol\u00edtica atroz, y si ganamos en Virginia, esto allanar\u00e1 el camino para eliminar esta pol\u00edtica en todo el pa\u00eds\u00bb. \u00abUn juez ya ha decidido que estas personas no ser\u00e1n deportadas. Se les permitir\u00e1 vivir aqu\u00ed y seguir siendo miembros productivos de la sociedad\u00bb, dijo Simon Sandoval-Moshenberg, Director Jur\u00eddico del Programa de Defensa de los Inmigrantes del Centro de Justicia de Ayuda Legal. \u00abEntonces, \u00bfpor qu\u00e9 el ICE los mantiene encerrados tres meses m\u00e1s? \u00bfS\u00f3lo por despecho?\u00bb  <\/p>\n<p>\u00abHemos visto una pauta de aplicaci\u00f3n de la ley del ICE contra personas que no tienen por qu\u00e9 estar en la c\u00e1rcel. La detenci\u00f3n innecesaria, ilegal y costosa de personas que ya han ganado sus casos es un ejemplo m\u00e1s de las pol\u00edticas punitivas dise\u00f1adas para atacar a los inmigrantes y a las personas de color y disuadirlos de luchar por sus casos\u00bb, declar\u00f3 Sirine Shebaya, abogada principal de Muslim Advocates. \u00abEl ICE debe poner fin a esta pr\u00e1ctica inmediatamente y permitir que estas personas se re\u00fanan con sus familiares y comunidades, como exige la ley\u00bb. El caso se titula S\u00e1nchez-Acosta contra Sessions, n\u00ba 1:18-cv-872, y est\u00e1 pendiente ante el juez Liam O&#8217;Grady en el Tribunal de Distrito de EE.UU. para el Distrito Este de Virginia. Se espera una sentencia este oto\u00f1o.   <\/p>\n<p style=\"text-align: center;\">###<\/p>\n<p style=\"text-align: left;\"><strong>La Coalici\u00f3n por los Derechos de los Inmigrantes del \u00c1rea de la Capital<\/strong> se esfuerza por garantizar una justicia igualitaria para todos los hombres, mujeres y ni\u00f1os inmigrantes en riesgo de detenci\u00f3n y deportaci\u00f3n en el \u00e1rea metropolitana de DC y m\u00e1s all\u00e1 mediante la representaci\u00f3n legal directa, presentaciones sobre conoce tus derechos, trabajo de impacto y defensa, y la formaci\u00f3n de abogados que defienden a los inmigrantes en los \u00e1mbitos de la inmigraci\u00f3n y la justicia penal. Puedes encontrar m\u00e1s informaci\u00f3n en <a href=\"http:\/\/www.caircoalition.org\" target=\"_blank\" rel=\"noopener\">http:\/\/www.caircoalition.org.<\/a> <\/p>\n<p><strong>El Centro de Justicia de Asistencia Jur\u00eddica<\/strong> es una organizaci\u00f3n sin \u00e1nimo de lucro de todo el estado de Virginia cuya misi\u00f3n es fortalecer las voces de las comunidades con bajos ingresos y erradicar las desigualdades que mantienen a la gente en la pobreza. Proporcionamos apoyo jur\u00eddico a las comunidades de inmigrantes que se enfrentan a crisis legales, y utilizamos la defensa y los litigios de impacto para luchar contra los abusos del ICE en materia de aplicaci\u00f3n de la ley y detenci\u00f3n. Nuestra campa\u00f1a \u00abDe-ICE Virginia\u00bb pretende romper los v\u00ednculos entre las fuerzas de seguridad locales y el ICE. Puedes encontrar m\u00e1s informaci\u00f3n en <a href=\"https:\/\/www.justice4all.org\/current-initiatives\/fighting-ice-enforcement-abuses\" target=\"_blank\" rel=\"noopener\">https:\/\/www.justice4all.org\/current-initiatives\/fighting-ice-enforcement-abuses\/.<\/a>  <\/p>\n<p style=\"text-align: left;\"><strong>Muslim Advocates<\/strong> es una organizaci\u00f3n nacional de defensa legal y educativa que trabaja en primera l\u00ednea de los derechos civiles para garantizar la libertad y la justicia a los estadounidenses de todas las religiones. Puedes encontrar m\u00e1s informaci\u00f3n en <a href=\"http:\/\/www.muslimadvocates.org\" target=\"_blank\" rel=\"noopener\">http:\/\/www.muslimadvocates.org.<\/a> <\/p>\n<p style=\"text-align: center;\">###<\/p>\n<\/div>\n","protected":false},"excerpt":{"rendered":"<p>Para publicaci\u00f3n inmediata:&nbsp; Contacto: Coalici\u00f3n CAIR: Sheena Pegarido, media@caircoalition.org, 202-559-4431 LAJC: Simon Sandoval-Moshenberg, simon@justice4all.org, 703-720-5605 Defensores de los Musulmanes: Scott Simpson, scott@muslimadvocates.org, 202-735-1984 UNA DEMANDA COLECTIVA IMPUGNA LA POL\u00cdTICA DE ICE DE MANTENER DETENIDOS A LOS INMIGRANTES TRAS GANAR SUS CASOS Grupos de derechos de los inmigrantes luchan contra la pol\u00edtica que mantiene a los [&hellip;]<\/p>\n","protected":false},"author":5,"featured_media":0,"parent":0,"menu_order":0,"template":"","format":"standard","meta":{"footnotes":""},"lajc-tax-news-type":[],"lajc-tax-roles":[],"lajc-tax-issues":[],"lajc-tax-locations":[],"class_list":["post-19867","lajc_news","type-lajc_news","status-publish","format-standard","hentry"],"acf":[],"yoast_head":"<!-- This site is optimized with the Yoast SEO plugin v27.5 - https:\/\/yoast.com\/product\/yoast-seo-wordpress\/ -->\n<title>Una demanda colectiva impugna la pol\u00edtica de detenci\u00f3n del ICE - Legal Aid Justice Center<\/title>\n<meta name=\"robots\" content=\"index, follow, max-snippet:-1, max-image-preview:large, max-video-preview:-1\" \/>\n<link rel=\"canonical\" href=\"https:\/\/www.justice4all.org\/es\/news\/una-demanda-colectiva-impugna-la-politica-de-detencion-del-ice\/\" \/>\n<meta property=\"og:locale\" content=\"es_ES\" \/>\n<meta property=\"og:type\" content=\"article\" \/>\n<meta property=\"og:title\" content=\"Una demanda colectiva impugna la pol\u00edtica de detenci\u00f3n del ICE - Legal Aid Justice Center\" \/>\n<meta property=\"og:description\" content=\"Para publicaci\u00f3n inmediata:&nbsp; Contacto: Coalici\u00f3n CAIR: Sheena Pegarido, media@caircoalition.org, 202-559-4431 LAJC: Simon Sandoval-Moshenberg, simon@justice4all.org, 703-720-5605 Defensores de los Musulmanes: Scott Simpson, scott@muslimadvocates.org, 202-735-1984 UNA DEMANDA COLECTIVA IMPUGNA LA POL\u00cdTICA DE ICE DE MANTENER DETENIDOS A LOS INMIGRANTES TRAS GANAR SUS CASOS Grupos de derechos de los inmigrantes luchan contra la pol\u00edtica que mantiene a los [&hellip;]\" \/>\n<meta property=\"og:url\" content=\"https:\/\/www.justice4all.org\/es\/news\/una-demanda-colectiva-impugna-la-politica-de-detencion-del-ice\/\" \/>\n<meta property=\"og:site_name\" content=\"Legal Aid Justice Center\" \/>\n<meta name=\"twitter:card\" content=\"summary_large_image\" \/>\n<meta name=\"twitter:label1\" content=\"Tiempo de lectura\" \/>\n\t<meta name=\"twitter:data1\" content=\"4 minuto\" \/>\n<script type=\"application\/ld+json\" class=\"yoast-schema-graph\">{\"@context\":\"https:\\\/\\\/schema.org\",\"@graph\":[{\"@type\":\"WebPage\",\"@id\":\"https:\\\/\\\/www.justice4all.org\\\/es\\\/news\\\/una-demanda-colectiva-impugna-la-politica-de-detencion-del-ice\\\/\",\"url\":\"https:\\\/\\\/www.justice4all.org\\\/es\\\/news\\\/una-demanda-colectiva-impugna-la-politica-de-detencion-del-ice\\\/\",\"name\":\"Una demanda colectiva impugna la pol\u00edtica de detenci\u00f3n del ICE - Legal Aid Justice Center\",\"isPartOf\":{\"@id\":\"https:\\\/\\\/www.justice4all.org\\\/es\\\/#website\"},\"datePublished\":\"2018-07-24T21:11:45+00:00\",\"breadcrumb\":{\"@id\":\"https:\\\/\\\/www.justice4all.org\\\/es\\\/news\\\/una-demanda-colectiva-impugna-la-politica-de-detencion-del-ice\\\/#breadcrumb\"},\"inLanguage\":\"es\",\"potentialAction\":[{\"@type\":\"ReadAction\",\"target\":[\"https:\\\/\\\/www.justice4all.org\\\/es\\\/news\\\/una-demanda-colectiva-impugna-la-politica-de-detencion-del-ice\\\/\"]}]},{\"@type\":\"BreadcrumbList\",\"@id\":\"https:\\\/\\\/www.justice4all.org\\\/es\\\/news\\\/una-demanda-colectiva-impugna-la-politica-de-detencion-del-ice\\\/#breadcrumb\",\"itemListElement\":[{\"@type\":\"ListItem\",\"position\":1,\"name\":\"Home\",\"item\":\"https:\\\/\\\/www.justice4all.org\\\/es\\\/\"},{\"@type\":\"ListItem\",\"position\":2,\"name\":\"Una demanda colectiva impugna la pol\u00edtica de detenci\u00f3n del ICE\"}]},{\"@type\":\"WebSite\",\"@id\":\"https:\\\/\\\/www.justice4all.org\\\/es\\\/#website\",\"url\":\"https:\\\/\\\/www.justice4all.org\\\/es\\\/\",\"name\":\"Legal Aid Justice Center\",\"description\":\"\",\"potentialAction\":[{\"@type\":\"SearchAction\",\"target\":{\"@type\":\"EntryPoint\",\"urlTemplate\":\"https:\\\/\\\/www.justice4all.org\\\/es\\\/?s={search_term_string}\"},\"query-input\":{\"@type\":\"PropertyValueSpecification\",\"valueRequired\":true,\"valueName\":\"search_term_string\"}}],\"inLanguage\":\"es\"}]}<\/script>\n<!-- \/ Yoast SEO plugin. -->","yoast_head_json":{"title":"Una demanda colectiva impugna la pol\u00edtica de detenci\u00f3n del ICE - Legal Aid Justice Center","robots":{"index":"index","follow":"follow","max-snippet":"max-snippet:-1","max-image-preview":"max-image-preview:large","max-video-preview":"max-video-preview:-1"},"canonical":"https:\/\/www.justice4all.org\/es\/news\/una-demanda-colectiva-impugna-la-politica-de-detencion-del-ice\/","og_locale":"es_ES","og_type":"article","og_title":"Una demanda colectiva impugna la pol\u00edtica de detenci\u00f3n del ICE - Legal Aid Justice Center","og_description":"Para publicaci\u00f3n inmediata:&nbsp; Contacto: Coalici\u00f3n CAIR: Sheena Pegarido, media@caircoalition.org, 202-559-4431 LAJC: Simon Sandoval-Moshenberg, simon@justice4all.org, 703-720-5605 Defensores de los Musulmanes: Scott Simpson, scott@muslimadvocates.org, 202-735-1984 UNA DEMANDA COLECTIVA IMPUGNA LA POL\u00cdTICA DE ICE DE MANTENER DETENIDOS A LOS INMIGRANTES TRAS GANAR SUS CASOS Grupos de derechos de los inmigrantes luchan contra la pol\u00edtica que mantiene a los [&hellip;]","og_url":"https:\/\/www.justice4all.org\/es\/news\/una-demanda-colectiva-impugna-la-politica-de-detencion-del-ice\/","og_site_name":"Legal Aid Justice Center","twitter_card":"summary_large_image","twitter_misc":{"Tiempo de lectura":"4 minuto"},"schema":{"@context":"https:\/\/schema.org","@graph":[{"@type":"WebPage","@id":"https:\/\/www.justice4all.org\/es\/news\/una-demanda-colectiva-impugna-la-politica-de-detencion-del-ice\/","url":"https:\/\/www.justice4all.org\/es\/news\/una-demanda-colectiva-impugna-la-politica-de-detencion-del-ice\/","name":"Una demanda colectiva impugna la pol\u00edtica de detenci\u00f3n del ICE - Legal Aid Justice Center","isPartOf":{"@id":"https:\/\/www.justice4all.org\/es\/#website"},"datePublished":"2018-07-24T21:11:45+00:00","breadcrumb":{"@id":"https:\/\/www.justice4all.org\/es\/news\/una-demanda-colectiva-impugna-la-politica-de-detencion-del-ice\/#breadcrumb"},"inLanguage":"es","potentialAction":[{"@type":"ReadAction","target":["https:\/\/www.justice4all.org\/es\/news\/una-demanda-colectiva-impugna-la-politica-de-detencion-del-ice\/"]}]},{"@type":"BreadcrumbList","@id":"https:\/\/www.justice4all.org\/es\/news\/una-demanda-colectiva-impugna-la-politica-de-detencion-del-ice\/#breadcrumb","itemListElement":[{"@type":"ListItem","position":1,"name":"Home","item":"https:\/\/www.justice4all.org\/es\/"},{"@type":"ListItem","position":2,"name":"Una demanda colectiva impugna la pol\u00edtica de detenci\u00f3n del ICE"}]},{"@type":"WebSite","@id":"https:\/\/www.justice4all.org\/es\/#website","url":"https:\/\/www.justice4all.org\/es\/","name":"Legal Aid Justice Center","description":"","potentialAction":[{"@type":"SearchAction","target":{"@type":"EntryPoint","urlTemplate":"https:\/\/www.justice4all.org\/es\/?s={search_term_string}"},"query-input":{"@type":"PropertyValueSpecification","valueRequired":true,"valueName":"search_term_string"}}],"inLanguage":"es"}]}},"_links":{"self":[{"href":"https:\/\/www.justice4all.org\/es\/wp-json\/wp\/v2\/lajc_news\/19867","targetHints":{"allow":["GET"]}}],"collection":[{"href":"https:\/\/www.justice4all.org\/es\/wp-json\/wp\/v2\/lajc_news"}],"about":[{"href":"https:\/\/www.justice4all.org\/es\/wp-json\/wp\/v2\/types\/lajc_news"}],"author":[{"embeddable":true,"href":"https:\/\/www.justice4all.org\/es\/wp-json\/wp\/v2\/users\/5"}],"version-history":[{"count":0,"href":"https:\/\/www.justice4all.org\/es\/wp-json\/wp\/v2\/lajc_news\/19867\/revisions"}],"wp:attachment":[{"href":"https:\/\/www.justice4all.org\/es\/wp-json\/wp\/v2\/media?parent=19867"}],"wp:term":[{"taxonomy":"lajc-tax-news-type","embeddable":true,"href":"https:\/\/www.justice4all.org\/es\/wp-json\/wp\/v2\/lajc-tax-news-type?post=19867"},{"taxonomy":"lajc-tax-roles","embeddable":true,"href":"https:\/\/www.justice4all.org\/es\/wp-json\/wp\/v2\/lajc-tax-roles?post=19867"},{"taxonomy":"lajc-tax-issues","embeddable":true,"href":"https:\/\/www.justice4all.org\/es\/wp-json\/wp\/v2\/lajc-tax-issues?post=19867"},{"taxonomy":"lajc-tax-locations","embeddable":true,"href":"https:\/\/www.justice4all.org\/es\/wp-json\/wp\/v2\/lajc-tax-locations?post=19867"}],"curies":[{"name":"wp","href":"https:\/\/api.w.org\/{rel}","templated":true}]}}