{"id":19857,"date":"2026-02-03T14:52:14","date_gmt":"2026-02-03T14:52:14","guid":{"rendered":"https:\/\/www.justice4all.org\/news\/comunicado-de-prensa-los-defensores-piden-a-la-asamblea-general-que-haga-avanzar-las-normas-de-seguridad-contra-el-calor-y-cierre-las-lagunas-del-salario-minimo\/"},"modified":"2026-02-05T03:03:04","modified_gmt":"2026-02-05T03:03:04","slug":"comunicado-de-prensa-los-defensores-piden-a-la-asamblea-general-que-haga-avanzar-las-normas-de-seguridad-contra-el-calor-y-cierre-las-lagunas-del-salario-minimo","status":"publish","type":"lajc_news","link":"https:\/\/www.justice4all.org\/es\/news\/comunicado-de-prensa-los-defensores-piden-a-la-asamblea-general-que-haga-avanzar-las-normas-de-seguridad-contra-el-calor-y-cierre-las-lagunas-del-salario-minimo\/","title":{"rendered":"COMUNICADO DE PRENSA: Los defensores piden a la Asamblea General que haga avanzar las normas de seguridad contra el calor y cierre las lagunas del salario m\u00ednimo"},"content":{"rendered":"\n\n\n\n\n<div id=\"block_fcd2383c322414ab5dd57ae7fa57e411\" class=\"content-wrapper-block  style-normal bg-width-full \">\n\t<div class=\"container-fluid\">\n\t\t<div class=\"row justify-content-center\">\n\t\t\t<div class=\"col-lg-12\">\n\t\t\t\t\t\t\t\t\t<div class=\"row row-content justify-content-center\">\n\t\t\t\t\t\t\n\n\n\n\n<style type=\"text\/css\">\n\t.edit-post-visual-editor [data-block=\"2f8a5e28774390a7b66422161d3a1306\"] {\n\t\twidth: calc((12 \/ 12) * 100%)!important;\n\t\tmin-width: calc((12 \/ 12) * 100%)!important;\n\t}\n<\/style>\n\n<div id=\"block_2f8a5e28774390a7b66422161d3a1306\" class=\"col-lg-12 custom-column-block\">\n\t<div class=\"custom-column-wrapper  \">\n\t\t\n\n<p><strong>RICHMOND, VA<\/strong> - Defensores de la justicia laboral, legisladores y trabajadores afectados se reunieron hoy en la Asamblea General para instar a los legisladores de Virginia a que promuevan legislaci\u00f3n que aborde dos lagunas de larga data en las protecciones laborales: la ausencia de normas de seguridad contra el calor en el lugar de trabajo que puedan hacerse cumplir y las obsoletas exenciones del salario m\u00ednimo que excluyen a los trabajadores agr\u00edcolas y a los trabajadores con visado H-2 de las protecciones salariales plenas.  <\/p>\n\n\n\n<p>A medida que el calor extremo se hace m\u00e1s frecuente en la Commonwealth, los trabajadores de Virginia siguen enfrent\u00e1ndose a condiciones peligrosas en el trabajo sin normas claras y aplicables de prevenci\u00f3n de las enfermedades causadas por el calor. Al mismo tiempo, la ley del salario m\u00ednimo de Virginia permite a determinados empresarios pagar legalmente a los trabajadores agr\u00edcolas y a los trabajadores extranjeros temporales por debajo del salario m\u00ednimo estatal, una exclusi\u00f3n arraigada en decisiones pol\u00edticas de hace d\u00e9cadas que ya no reflejan la mano de obra ni la econom\u00eda actuales.   <\/p>\n\n\n\n<p>La legislaci\u00f3n presentada en la Asamblea General de Virginia de 2026, HB 1092 (Del. Hern\u00e1ndez) y SB 288 (Sen. Aird), ordena a la Junta de C\u00f3digos de Seguridad y Salud de Virginia que, en consulta con el Departamento de Trabajo e Industria, elabore y adopte normas de prevenci\u00f3n de las enfermedades causadas por el calor en el lugar de trabajo y autorice la aplicaci\u00f3n de dichas normas. Estos proyectos de ley proporcionar\u00edan a los empresarios una orientaci\u00f3n clara, al tiempo que ayudar\u00edan a prevenir enfermedades y lesiones evitables relacionadas con el calor.   <\/p>\n\n\n\n<p><strong><em>En una declaraci\u00f3n, el senador Lashrecse Aird dijo,<\/em><\/strong><em> \u00abNadie deber\u00eda tener que arriesgar su salud s\u00f3lo para ganarse un sueldo. A medida que suben las temperaturas, demasiados trabajadores de Virginia sufren enfermedades prevenibles relacionadas con el calor, y este proyecto de ley establece normas claras y de sentido com\u00fan -como el acceso al agua, el descanso y la sombra- que ayudan a mantener a la gente segura en el trabajo. Proteger a los trabajadores de los golpes de calor tiene que ver con la dignidad, la seguridad y la valoraci\u00f3n de la humanidad de las personas que hacen funcionar nuestra mancomunidad.\u00bb<\/em> <\/p>\n\n\n\n<p><strong><em>Dijo Del. Hern\u00e1ndez, <\/em><\/strong><em>  \u00abVirginia ha sido calificada sistem\u00e1ticamente como uno de los mejores estados para los negocios. Tambi\u00e9n podemos ser el mejor lugar para los trabajadores. El acceso al agua, al descanso y a la sombra ayuda a evitar consecuencias peligrosas y mortales durante el calor extremo. Todo el mundo merece la dignidad de un lugar de trabajo seguro y saludable donde pueda ganar un salario decente en una econom\u00eda asequible. Porque cuando nuestros trabajadores y familias prosperan, Virginia prospera. Me complace luchar por estas pol\u00edticas y por los trabajadores que hacen grande nuestra Commonwealth.\u00bb<\/em> <\/p>\n\n\n\n<p>Datos recientes subrayan la urgencia de la protecci\u00f3n contra el calor. De mayo a septiembre de 2024, Virginia registr\u00f3 3.248 urgencias y visitas urgentes relacionadas con el calor, un 22% m\u00e1s que en 2023. En 2024, varias ciudades, como Richmond, Charlottesville, Roanoke, Danville y Norfolk, batieron r\u00e9cords hist\u00f3ricos de temperatura. Durante una ola de calor de cuatro d\u00edas en junio de 2025, m\u00e1s de 800 virginianos buscaron atenci\u00f3n m\u00e9dica urgente por enfermedades relacionadas con el calor.     <\/p>\n\n\n\n<p><strong><em>La Dra. Susan Miller, m\u00e9dico de familia y miembro de M\u00e9dicos Cl\u00ednicos de Virginia por la Acci\u00f3n Clim\u00e1tica, declar\u00f3,<\/em><\/strong><em> \u00abA pesar de nuestra semana de fr\u00edo r\u00e9cord, el calor es la amenaza meteorol\u00f3gica m\u00e1s mort\u00edfera a la que nos enfrentamos, pero las enfermedades relacionadas con el calor son totalmente evitables. Sin embargo, demasiados trabajadores est\u00e1n colapsando en el trabajo o muriendo. Con temperaturas r\u00e9cord, Virginia debe adoptar medidas de sentido com\u00fan para salvar vidas y reducir las urgencias m\u00e9dicas evitables.\u00bb<\/em> <\/p>\n\n\n\n<p>Los proyectos de ley HB 20 (Del. McClure) y SB 121 (Sen. Carroll Foy), eliminar\u00edan antiguas exenciones de la Ley del Salario M\u00ednimo de Virginia que excluyen a los trabajadores agr\u00edcolas y a los trabajadores con visado H-2 de la protecci\u00f3n del salario m\u00ednimo. Los proyectos de ley garantizar\u00edan que estos trabajadores est\u00e1n cubiertos por la actual ley de salario m\u00ednimo de Virginia, cerrando las lagunas que permiten que persistan las disparidades salariales.   <\/p>\n\n\n\n<p><strong><em>Del. Adele McClure dijo <\/em><\/strong><em>Estoy orgulloso de haber colaborado con el Centro de Ayuda Jur\u00eddica y Justicia y con m\u00e1s de 60 organizaciones durante los \u00faltimos tres a\u00f1os para hacer avanzar la ley HB20. Este proyecto de ley garantiza que los trabajadores agr\u00edcolas reciban por fin las protecciones y la seguridad econ\u00f3mica que merecen en virtud de la Ley del Salario M\u00ednimo de Virginia. He defendido la HB20 en cada sesi\u00f3n desde 2024 porque lo correcto es pagar lo justo a los trabajadores que ayudan a alimentar a nuestras familias y a impulsar nuestra econom\u00eda. Mi abuela era aparcera, y mi familia y tantas otras han sentido el impacto de las pol\u00edticas excluyentes. Ya es hora de que corrijamos este error hist\u00f3rico, eliminemos un vestigio de Jim Crow de la legislaci\u00f3n estatal y protejamos a los trabajadores esenciales que quiz\u00e1 no veamos a menudo, pero que, sin embargo, sostienen a todos y cada uno de los virginianos.\u00bb<\/em> <\/p>\n\n\n\n<p><em>\u00abExcluir a los trabajadores agr\u00edcolas y a los trabajadores con visado H-2 del salario m\u00ednimo de Virginia es una pol\u00edtica anticuada, arraigada en la discriminaci\u00f3n racial, que sigue perjudicando hoy a los trabajadores y a las econom\u00edas locales. Los trabajadores agr\u00edcolas merecen las mismas protecciones salariales b\u00e1sicas que cualquier otro trabajador de la Commonwealth, y otros estados han demostrado que pueden coexistir unos salarios justos y una industria agr\u00edcola fuerte. Es hora de que Virginia elimine estas exenciones arbitrarias y garantice que todos los trabajadores sean tratados con dignidad y justicia\u00bb.<\/em><strong><em> dijo el senador Carroll Foy.<\/em><\/strong> <\/p>\n\n\n\n<p>La exenci\u00f3n del salario m\u00ednimo de los trabajadores agr\u00edcolas se remonta a la \u00e9poca de Jim Crow y sigue vigente en la actualidad. Las leyes sobre salario m\u00ednimo est\u00e1n pensadas para establecer un suelo salarial b\u00e1sico, pero esta exenci\u00f3n permite que los trabajadores agr\u00edcolas de Virginia cobren menos, incrustando la desigualdad directamente en el sistema laboral del estado. El resultado es una mano de obra de dos niveles en la que todos los trabajadores agr\u00edcolas -independientemente de su edad, experiencia o destreza- est\u00e1n excluidos de las mismas protecciones salariales que se conceden a otros trabajadores, una divisi\u00f3n que sigue determinando los salarios y las condiciones de trabajo en toda la econom\u00eda agr\u00edcola de Virginia.    <\/p>\n\n\n\n<p><em>\u00abCada temporada, somos testigos de la dedicaci\u00f3n de los 1.200 trabajadores agr\u00edcolas que vienen a la Costa Este para ayudar a alimentar a nuestras comunidades, a menudo mientras trabajan en condiciones dif\u00edciles y poco apreciadas. Garantizar que reciben al menos el salario m\u00ednimo es el reconocimiento m\u00e1s b\u00e1sico de su dignidad y de su indispensable labor. AWAC se solidariza firmemente con los trabajadores agr\u00edcolas de todo Virginia para exigir un salario justo y el respeto que merecen\u00bb. <\/em><strong><em>declar\u00f3 el reverendo Rick Willis, vicepresidente de la Coalici\u00f3n para la Defensa de los Trabajadores Agr\u00edcolas.<\/em><\/strong> <\/p>\n\n\n\n<p>Los trabajadores afectados tanto por la exposici\u00f3n al calor como por las exclusiones salariales carecen de protecciones b\u00e1sicas y se enfrentan a graves consecuencias para su salud, estabilidad econ\u00f3mica y capacidad de mantener a sus familias.  <\/p>\n\n\n\n<p><em>\u00abLos trabajadores agr\u00edcolas de Virginia trabajan de sol a sol para alimentar a nuestras comunidades, pero se les sigue negando la dignidad b\u00e1sica de la protecci\u00f3n del salario m\u00ednimo. Esta exclusi\u00f3n, arraigada en el racismo, debe acabar de una vez. Los trabajadores de todo el estado tambi\u00e9n se enfrentan cada verano a peligrosas condiciones de calor, y muchos acaban en las salas de urgencias simplemente por hacer su trabajo. Nadie debe arriesgarse a enfermar o morir s\u00f3lo por ganar un salario honrado, y Virginia tiene la obligaci\u00f3n moral de proteger a las personas que mantienen en funcionamiento nuestro estado\u00bb.  <\/em><strong><em>dijo Manuel Gago, codirector del Programa de Justicia Laboral del Centro de Justicia de Asistencia Jur\u00eddica.<\/em><\/strong> <\/p>\n\n\n\n<p><em>\u00abNo hace falta trabajar al aire libre para que el estr\u00e9s t\u00e9rmico sea un grave problema de seguridad\u00bb. <\/em><strong><em>dijo Dani Loesch, miembro del sindicato UFCW Local 400 y recepcionista de una tienda Kroger de Virginia Beach.<\/em><\/strong><em>. \u00abAunque la trastienda es t\u00e9cnicamente interior, a menudo carece de calefacci\u00f3n o aire acondicionado y puede ser m\u00e1s inc\u00f3moda que el exterior. Trabajamos muchas horas realizando labores f\u00edsicas a temperaturas de hasta 95 grados con una humedad elevada. En estas condiciones, no se tarda mucho en sobrecalentarse y deshidratarse\u00bb.<\/em> <\/p>\n\n\n\n<p><em>\u00abEs bastante sencillo: una norma de Virginia sobre el calor salvar\u00e1 la vida y proteger\u00e1 la salud de muchos trabajadores de Virginia. Los requisitos son sencillos: descanso a la sombra fresca, acceso al agua, formaci\u00f3n y un plan de emergencia. Los estados con fuertes protecciones contra el calor han reducido las tasas de enfermedades y lesiones, y Virginia puede hacer lo mismo\u00bb, dijo Charlotte Brody, enfermera diplomada en medicina y salud. <\/em><strong><em>dijo Charlotte Brody, enfermera diplomada y vicepresidenta de salud medioambiental y laboral de la Alianza BlueGreen. <\/em><\/strong>  <\/p>\n\n\n\n<p><em>\u00abLas lesiones por calor son evitables, y los trabajadores merecen unas condiciones seguras en todas las obras. El Local 205 de Carpinteros est\u00e1 con LCV en apoyo de la justicia por el calor y la seguridad de los trabajadores\u00bb. <\/em><strong><em>dijo un representante del Local 205 de Carpinteros.<\/em><\/strong> <\/p>\n\n\n\n<p>Los defensores instaron a los legisladores a hacer avanzar las leyes HB 1092\/SB 288 y HB 20\/SB 121 para abordar los riesgos evitables en el lugar de trabajo, cerrar lagunas salariales obsoletas y acercar a la Commonwealth a las normas laborales ya adoptadas en muchos otros estados.  <\/p>\n\n\n\t<\/div>\n<\/div>\n\n\t\t\t\t\t<\/div>\n\t\t\t\t\t\t\t\n\t\t\t<\/div>\n\t\t<\/div>\n\t<\/div>\n\n\t<style type=\"text\/css\">\n\t\t.edit-post-visual-editor [data-block=\"fcd2383c322414ab5dd57ae7fa57e411\"] .block-editor-block-list__layout {\n\t\t\tjustify-content: center;\n\t\t}\n\n\t\t\t<\/style>\n<\/div>\n","protected":false},"excerpt":{"rendered":"","protected":false},"author":20,"featured_media":0,"parent":0,"menu_order":0,"template":"","format":"standard","meta":{"footnotes":""},"lajc-tax-news-type":[],"lajc-tax-roles":[],"lajc-tax-issues":[80],"lajc-tax-locations":[],"class_list":["post-19857","lajc_news","type-lajc_news","status-publish","format-standard","hentry","lajc-tax-issues-workplace-es"],"acf":[],"yoast_head":"<!-- This site is optimized with the Yoast SEO plugin v27.5 - https:\/\/yoast.com\/product\/yoast-seo-wordpress\/ -->\n<title>COMUNICADO DE PRENSA: Los defensores piden a la Asamblea General que haga avanzar las normas de seguridad contra el calor y cierre las lagunas del salario m\u00ednimo - Legal Aid Justice Center<\/title>\n<meta name=\"robots\" content=\"index, follow, max-snippet:-1, max-image-preview:large, max-video-preview:-1\" \/>\n<link rel=\"canonical\" href=\"https:\/\/www.justice4all.org\/es\/news\/comunicado-de-prensa-los-defensores-piden-a-la-asamblea-general-que-haga-avanzar-las-normas-de-seguridad-contra-el-calor-y-cierre-las-lagunas-del-salario-minimo\/\" \/>\n<meta property=\"og:locale\" content=\"es_ES\" \/>\n<meta property=\"og:type\" content=\"article\" \/>\n<meta property=\"og:title\" content=\"COMUNICADO DE PRENSA: Los defensores piden a la Asamblea General que haga avanzar las normas de seguridad contra el calor y cierre las lagunas del salario m\u00ednimo - Legal Aid Justice Center\" \/>\n<meta property=\"og:url\" content=\"https:\/\/www.justice4all.org\/es\/news\/comunicado-de-prensa-los-defensores-piden-a-la-asamblea-general-que-haga-avanzar-las-normas-de-seguridad-contra-el-calor-y-cierre-las-lagunas-del-salario-minimo\/\" \/>\n<meta property=\"og:site_name\" content=\"Legal Aid Justice Center\" \/>\n<meta property=\"article:modified_time\" content=\"2026-02-05T03:03:04+00:00\" \/>\n<meta name=\"twitter:card\" content=\"summary_large_image\" \/>\n<meta name=\"twitter:label1\" content=\"Tiempo de lectura\" \/>\n\t<meta name=\"twitter:data1\" content=\"8 minuto\" \/>\n<script type=\"application\/ld+json\" class=\"yoast-schema-graph\">{\"@context\":\"https:\\\/\\\/schema.org\",\"@graph\":[{\"@type\":\"WebPage\",\"@id\":\"https:\\\/\\\/www.justice4all.org\\\/es\\\/news\\\/comunicado-de-prensa-los-defensores-piden-a-la-asamblea-general-que-haga-avanzar-las-normas-de-seguridad-contra-el-calor-y-cierre-las-lagunas-del-salario-minimo\\\/\",\"url\":\"https:\\\/\\\/www.justice4all.org\\\/es\\\/news\\\/comunicado-de-prensa-los-defensores-piden-a-la-asamblea-general-que-haga-avanzar-las-normas-de-seguridad-contra-el-calor-y-cierre-las-lagunas-del-salario-minimo\\\/\",\"name\":\"COMUNICADO DE PRENSA: Los defensores piden a la Asamblea General que haga avanzar las normas de seguridad contra el calor y cierre las lagunas del salario m\u00ednimo - Legal Aid Justice Center\",\"isPartOf\":{\"@id\":\"https:\\\/\\\/www.justice4all.org\\\/es\\\/#website\"},\"datePublished\":\"2026-02-03T14:52:14+00:00\",\"dateModified\":\"2026-02-05T03:03:04+00:00\",\"breadcrumb\":{\"@id\":\"https:\\\/\\\/www.justice4all.org\\\/es\\\/news\\\/comunicado-de-prensa-los-defensores-piden-a-la-asamblea-general-que-haga-avanzar-las-normas-de-seguridad-contra-el-calor-y-cierre-las-lagunas-del-salario-minimo\\\/#breadcrumb\"},\"inLanguage\":\"es\",\"potentialAction\":[{\"@type\":\"ReadAction\",\"target\":[\"https:\\\/\\\/www.justice4all.org\\\/es\\\/news\\\/comunicado-de-prensa-los-defensores-piden-a-la-asamblea-general-que-haga-avanzar-las-normas-de-seguridad-contra-el-calor-y-cierre-las-lagunas-del-salario-minimo\\\/\"]}]},{\"@type\":\"BreadcrumbList\",\"@id\":\"https:\\\/\\\/www.justice4all.org\\\/es\\\/news\\\/comunicado-de-prensa-los-defensores-piden-a-la-asamblea-general-que-haga-avanzar-las-normas-de-seguridad-contra-el-calor-y-cierre-las-lagunas-del-salario-minimo\\\/#breadcrumb\",\"itemListElement\":[{\"@type\":\"ListItem\",\"position\":1,\"name\":\"Home\",\"item\":\"https:\\\/\\\/www.justice4all.org\\\/es\\\/\"},{\"@type\":\"ListItem\",\"position\":2,\"name\":\"COMUNICADO DE PRENSA: Los defensores piden a la Asamblea General que haga avanzar las normas de seguridad contra el calor y cierre las lagunas del salario m\u00ednimo\"}]},{\"@type\":\"WebSite\",\"@id\":\"https:\\\/\\\/www.justice4all.org\\\/es\\\/#website\",\"url\":\"https:\\\/\\\/www.justice4all.org\\\/es\\\/\",\"name\":\"Legal Aid Justice Center\",\"description\":\"\",\"potentialAction\":[{\"@type\":\"SearchAction\",\"target\":{\"@type\":\"EntryPoint\",\"urlTemplate\":\"https:\\\/\\\/www.justice4all.org\\\/es\\\/?s={search_term_string}\"},\"query-input\":{\"@type\":\"PropertyValueSpecification\",\"valueRequired\":true,\"valueName\":\"search_term_string\"}}],\"inLanguage\":\"es\"}]}<\/script>\n<!-- \/ Yoast SEO plugin. -->","yoast_head_json":{"title":"COMUNICADO DE PRENSA: Los defensores piden a la Asamblea General que haga avanzar las normas de seguridad contra el calor y cierre las lagunas del salario m\u00ednimo - Legal Aid Justice Center","robots":{"index":"index","follow":"follow","max-snippet":"max-snippet:-1","max-image-preview":"max-image-preview:large","max-video-preview":"max-video-preview:-1"},"canonical":"https:\/\/www.justice4all.org\/es\/news\/comunicado-de-prensa-los-defensores-piden-a-la-asamblea-general-que-haga-avanzar-las-normas-de-seguridad-contra-el-calor-y-cierre-las-lagunas-del-salario-minimo\/","og_locale":"es_ES","og_type":"article","og_title":"COMUNICADO DE PRENSA: Los defensores piden a la Asamblea General que haga avanzar las normas de seguridad contra el calor y cierre las lagunas del salario m\u00ednimo - Legal Aid Justice Center","og_url":"https:\/\/www.justice4all.org\/es\/news\/comunicado-de-prensa-los-defensores-piden-a-la-asamblea-general-que-haga-avanzar-las-normas-de-seguridad-contra-el-calor-y-cierre-las-lagunas-del-salario-minimo\/","og_site_name":"Legal Aid Justice Center","article_modified_time":"2026-02-05T03:03:04+00:00","twitter_card":"summary_large_image","twitter_misc":{"Tiempo de lectura":"8 minuto"},"schema":{"@context":"https:\/\/schema.org","@graph":[{"@type":"WebPage","@id":"https:\/\/www.justice4all.org\/es\/news\/comunicado-de-prensa-los-defensores-piden-a-la-asamblea-general-que-haga-avanzar-las-normas-de-seguridad-contra-el-calor-y-cierre-las-lagunas-del-salario-minimo\/","url":"https:\/\/www.justice4all.org\/es\/news\/comunicado-de-prensa-los-defensores-piden-a-la-asamblea-general-que-haga-avanzar-las-normas-de-seguridad-contra-el-calor-y-cierre-las-lagunas-del-salario-minimo\/","name":"COMUNICADO DE PRENSA: Los defensores piden a la Asamblea General que haga avanzar las normas de seguridad contra el calor y cierre las lagunas del salario m\u00ednimo - Legal Aid Justice Center","isPartOf":{"@id":"https:\/\/www.justice4all.org\/es\/#website"},"datePublished":"2026-02-03T14:52:14+00:00","dateModified":"2026-02-05T03:03:04+00:00","breadcrumb":{"@id":"https:\/\/www.justice4all.org\/es\/news\/comunicado-de-prensa-los-defensores-piden-a-la-asamblea-general-que-haga-avanzar-las-normas-de-seguridad-contra-el-calor-y-cierre-las-lagunas-del-salario-minimo\/#breadcrumb"},"inLanguage":"es","potentialAction":[{"@type":"ReadAction","target":["https:\/\/www.justice4all.org\/es\/news\/comunicado-de-prensa-los-defensores-piden-a-la-asamblea-general-que-haga-avanzar-las-normas-de-seguridad-contra-el-calor-y-cierre-las-lagunas-del-salario-minimo\/"]}]},{"@type":"BreadcrumbList","@id":"https:\/\/www.justice4all.org\/es\/news\/comunicado-de-prensa-los-defensores-piden-a-la-asamblea-general-que-haga-avanzar-las-normas-de-seguridad-contra-el-calor-y-cierre-las-lagunas-del-salario-minimo\/#breadcrumb","itemListElement":[{"@type":"ListItem","position":1,"name":"Home","item":"https:\/\/www.justice4all.org\/es\/"},{"@type":"ListItem","position":2,"name":"COMUNICADO DE PRENSA: Los defensores piden a la Asamblea General que haga avanzar las normas de seguridad contra el calor y cierre las lagunas del salario m\u00ednimo"}]},{"@type":"WebSite","@id":"https:\/\/www.justice4all.org\/es\/#website","url":"https:\/\/www.justice4all.org\/es\/","name":"Legal Aid Justice Center","description":"","potentialAction":[{"@type":"SearchAction","target":{"@type":"EntryPoint","urlTemplate":"https:\/\/www.justice4all.org\/es\/?s={search_term_string}"},"query-input":{"@type":"PropertyValueSpecification","valueRequired":true,"valueName":"search_term_string"}}],"inLanguage":"es"}]}},"_links":{"self":[{"href":"https:\/\/www.justice4all.org\/es\/wp-json\/wp\/v2\/lajc_news\/19857","targetHints":{"allow":["GET"]}}],"collection":[{"href":"https:\/\/www.justice4all.org\/es\/wp-json\/wp\/v2\/lajc_news"}],"about":[{"href":"https:\/\/www.justice4all.org\/es\/wp-json\/wp\/v2\/types\/lajc_news"}],"author":[{"embeddable":true,"href":"https:\/\/www.justice4all.org\/es\/wp-json\/wp\/v2\/users\/20"}],"version-history":[{"count":0,"href":"https:\/\/www.justice4all.org\/es\/wp-json\/wp\/v2\/lajc_news\/19857\/revisions"}],"wp:attachment":[{"href":"https:\/\/www.justice4all.org\/es\/wp-json\/wp\/v2\/media?parent=19857"}],"wp:term":[{"taxonomy":"lajc-tax-news-type","embeddable":true,"href":"https:\/\/www.justice4all.org\/es\/wp-json\/wp\/v2\/lajc-tax-news-type?post=19857"},{"taxonomy":"lajc-tax-roles","embeddable":true,"href":"https:\/\/www.justice4all.org\/es\/wp-json\/wp\/v2\/lajc-tax-roles?post=19857"},{"taxonomy":"lajc-tax-issues","embeddable":true,"href":"https:\/\/www.justice4all.org\/es\/wp-json\/wp\/v2\/lajc-tax-issues?post=19857"},{"taxonomy":"lajc-tax-locations","embeddable":true,"href":"https:\/\/www.justice4all.org\/es\/wp-json\/wp\/v2\/lajc-tax-locations?post=19857"}],"curies":[{"name":"wp","href":"https:\/\/api.w.org\/{rel}","templated":true}]}}