{"id":19831,"date":"2013-07-23T15:04:39","date_gmt":"2013-07-23T15:04:39","guid":{"rendered":"https:\/\/www.justice4all.org\/news\/demanda-contra-el-centro-correccional-de-fluvanna\/"},"modified":"2013-07-23T15:04:39","modified_gmt":"2013-07-23T15:04:39","slug":"demanda-contra-el-centro-correccional-de-fluvanna","status":"publish","type":"lajc_news","link":"https:\/\/www.justice4all.org\/es\/news\/demanda-contra-el-centro-correccional-de-fluvanna\/","title":{"rendered":"Demanda contra el Centro Correccional de Fluvanna"},"content":{"rendered":"<div class=\"lajc-m-content\">El \u00faltimo n\u00famero de C-Ville Weekly ofrece un vistazo a nuestra demanda en curso en nombre de las reclusas del Centro Correccional para Mujeres de Fluvanna.<\/p>\n<p>Brenda Casta\u00f1eda, nuestra abogada en el caso, dijo: \u00abEn el fondo, el caso es sencillo. Las presas est\u00e1n enfermas o sufren, el estado tiene la obligaci\u00f3n legal de cuidarlas mientras est\u00e1n entre rejas, y eso no est\u00e1 ocurriendo. Es dif\u00edcil ser m\u00e1s fundamental que eso\u00bb.<\/p>\n<p>M\u00e1s informaci\u00f3n en <a href=\"http:\/\/www.c-ville.com\/fluvanna-prison-lawsuit-celebrates-small-victories-faces-uphill-battle\/#.Ue56VpxIXAE\" target=\"_blank\" rel=\"noopener\"><strong>Semanario C-ville<\/strong><\/a>.<\/div>\n","protected":false},"excerpt":{"rendered":"<p>El \u00faltimo n\u00famero de C-Ville Weekly ofrece un vistazo a nuestra demanda en curso en nombre de las reclusas del Centro Correccional para Mujeres de Fluvanna. Brenda Casta\u00f1eda, nuestra abogada en el caso, dijo: \u00abEn el fondo, el caso es sencillo. Las presas est\u00e1n enfermas o sufren, el estado tiene la obligaci\u00f3n legal de cuidarlas [&hellip;]<\/p>\n","protected":false},"author":3,"featured_media":0,"parent":0,"menu_order":0,"template":"","format":"standard","meta":{"footnotes":""},"lajc-tax-news-type":[],"lajc-tax-roles":[],"lajc-tax-issues":[],"lajc-tax-locations":[],"class_list":["post-19831","lajc_news","type-lajc_news","status-publish","format-standard","hentry"],"acf":[],"yoast_head":"<!-- This site is optimized with the Yoast SEO plugin v27.5 - https:\/\/yoast.com\/product\/yoast-seo-wordpress\/ -->\n<title>Demanda contra el Centro Correccional de Fluvanna - Legal Aid Justice Center<\/title>\n<meta name=\"robots\" content=\"index, follow, max-snippet:-1, max-image-preview:large, max-video-preview:-1\" \/>\n<link rel=\"canonical\" href=\"https:\/\/www.justice4all.org\/es\/news\/demanda-contra-el-centro-correccional-de-fluvanna\/\" \/>\n<meta property=\"og:locale\" content=\"es_ES\" \/>\n<meta property=\"og:type\" content=\"article\" \/>\n<meta property=\"og:title\" content=\"Demanda contra el Centro Correccional de Fluvanna - Legal Aid Justice Center\" \/>\n<meta property=\"og:description\" content=\"El \u00faltimo n\u00famero de C-Ville Weekly ofrece un vistazo a nuestra demanda en curso en nombre de las reclusas del Centro Correccional para Mujeres de Fluvanna. Brenda Casta\u00f1eda, nuestra abogada en el caso, dijo: \u00abEn el fondo, el caso es sencillo. Las presas est\u00e1n enfermas o sufren, el estado tiene la obligaci\u00f3n legal de cuidarlas [&hellip;]\" \/>\n<meta property=\"og:url\" content=\"https:\/\/www.justice4all.org\/es\/news\/demanda-contra-el-centro-correccional-de-fluvanna\/\" \/>\n<meta property=\"og:site_name\" content=\"Legal Aid Justice Center\" \/>\n<meta name=\"twitter:card\" content=\"summary_large_image\" \/>\n<script type=\"application\/ld+json\" class=\"yoast-schema-graph\">{\"@context\":\"https:\\\/\\\/schema.org\",\"@graph\":[{\"@type\":\"WebPage\",\"@id\":\"https:\\\/\\\/www.justice4all.org\\\/es\\\/news\\\/demanda-contra-el-centro-correccional-de-fluvanna\\\/\",\"url\":\"https:\\\/\\\/www.justice4all.org\\\/es\\\/news\\\/demanda-contra-el-centro-correccional-de-fluvanna\\\/\",\"name\":\"Demanda contra el Centro Correccional de Fluvanna - Legal Aid Justice Center\",\"isPartOf\":{\"@id\":\"https:\\\/\\\/www.justice4all.org\\\/es\\\/#website\"},\"datePublished\":\"2013-07-23T15:04:39+00:00\",\"breadcrumb\":{\"@id\":\"https:\\\/\\\/www.justice4all.org\\\/es\\\/news\\\/demanda-contra-el-centro-correccional-de-fluvanna\\\/#breadcrumb\"},\"inLanguage\":\"es\",\"potentialAction\":[{\"@type\":\"ReadAction\",\"target\":[\"https:\\\/\\\/www.justice4all.org\\\/es\\\/news\\\/demanda-contra-el-centro-correccional-de-fluvanna\\\/\"]}]},{\"@type\":\"BreadcrumbList\",\"@id\":\"https:\\\/\\\/www.justice4all.org\\\/es\\\/news\\\/demanda-contra-el-centro-correccional-de-fluvanna\\\/#breadcrumb\",\"itemListElement\":[{\"@type\":\"ListItem\",\"position\":1,\"name\":\"Home\",\"item\":\"https:\\\/\\\/www.justice4all.org\\\/es\\\/\"},{\"@type\":\"ListItem\",\"position\":2,\"name\":\"Demanda contra el Centro Correccional de Fluvanna\"}]},{\"@type\":\"WebSite\",\"@id\":\"https:\\\/\\\/www.justice4all.org\\\/es\\\/#website\",\"url\":\"https:\\\/\\\/www.justice4all.org\\\/es\\\/\",\"name\":\"Legal Aid Justice Center\",\"description\":\"\",\"potentialAction\":[{\"@type\":\"SearchAction\",\"target\":{\"@type\":\"EntryPoint\",\"urlTemplate\":\"https:\\\/\\\/www.justice4all.org\\\/es\\\/?s={search_term_string}\"},\"query-input\":{\"@type\":\"PropertyValueSpecification\",\"valueRequired\":true,\"valueName\":\"search_term_string\"}}],\"inLanguage\":\"es\"}]}<\/script>\n<!-- \/ Yoast SEO plugin. -->","yoast_head_json":{"title":"Demanda contra el Centro Correccional de Fluvanna - Legal Aid Justice Center","robots":{"index":"index","follow":"follow","max-snippet":"max-snippet:-1","max-image-preview":"max-image-preview:large","max-video-preview":"max-video-preview:-1"},"canonical":"https:\/\/www.justice4all.org\/es\/news\/demanda-contra-el-centro-correccional-de-fluvanna\/","og_locale":"es_ES","og_type":"article","og_title":"Demanda contra el Centro Correccional de Fluvanna - Legal Aid Justice Center","og_description":"El \u00faltimo n\u00famero de C-Ville Weekly ofrece un vistazo a nuestra demanda en curso en nombre de las reclusas del Centro Correccional para Mujeres de Fluvanna. Brenda Casta\u00f1eda, nuestra abogada en el caso, dijo: \u00abEn el fondo, el caso es sencillo. Las presas est\u00e1n enfermas o sufren, el estado tiene la obligaci\u00f3n legal de cuidarlas [&hellip;]","og_url":"https:\/\/www.justice4all.org\/es\/news\/demanda-contra-el-centro-correccional-de-fluvanna\/","og_site_name":"Legal Aid Justice Center","twitter_card":"summary_large_image","schema":{"@context":"https:\/\/schema.org","@graph":[{"@type":"WebPage","@id":"https:\/\/www.justice4all.org\/es\/news\/demanda-contra-el-centro-correccional-de-fluvanna\/","url":"https:\/\/www.justice4all.org\/es\/news\/demanda-contra-el-centro-correccional-de-fluvanna\/","name":"Demanda contra el Centro Correccional de Fluvanna - Legal Aid Justice Center","isPartOf":{"@id":"https:\/\/www.justice4all.org\/es\/#website"},"datePublished":"2013-07-23T15:04:39+00:00","breadcrumb":{"@id":"https:\/\/www.justice4all.org\/es\/news\/demanda-contra-el-centro-correccional-de-fluvanna\/#breadcrumb"},"inLanguage":"es","potentialAction":[{"@type":"ReadAction","target":["https:\/\/www.justice4all.org\/es\/news\/demanda-contra-el-centro-correccional-de-fluvanna\/"]}]},{"@type":"BreadcrumbList","@id":"https:\/\/www.justice4all.org\/es\/news\/demanda-contra-el-centro-correccional-de-fluvanna\/#breadcrumb","itemListElement":[{"@type":"ListItem","position":1,"name":"Home","item":"https:\/\/www.justice4all.org\/es\/"},{"@type":"ListItem","position":2,"name":"Demanda contra el Centro Correccional de Fluvanna"}]},{"@type":"WebSite","@id":"https:\/\/www.justice4all.org\/es\/#website","url":"https:\/\/www.justice4all.org\/es\/","name":"Legal Aid Justice Center","description":"","potentialAction":[{"@type":"SearchAction","target":{"@type":"EntryPoint","urlTemplate":"https:\/\/www.justice4all.org\/es\/?s={search_term_string}"},"query-input":{"@type":"PropertyValueSpecification","valueRequired":true,"valueName":"search_term_string"}}],"inLanguage":"es"}]}},"_links":{"self":[{"href":"https:\/\/www.justice4all.org\/es\/wp-json\/wp\/v2\/lajc_news\/19831","targetHints":{"allow":["GET"]}}],"collection":[{"href":"https:\/\/www.justice4all.org\/es\/wp-json\/wp\/v2\/lajc_news"}],"about":[{"href":"https:\/\/www.justice4all.org\/es\/wp-json\/wp\/v2\/types\/lajc_news"}],"author":[{"embeddable":true,"href":"https:\/\/www.justice4all.org\/es\/wp-json\/wp\/v2\/users\/3"}],"version-history":[{"count":0,"href":"https:\/\/www.justice4all.org\/es\/wp-json\/wp\/v2\/lajc_news\/19831\/revisions"}],"wp:attachment":[{"href":"https:\/\/www.justice4all.org\/es\/wp-json\/wp\/v2\/media?parent=19831"}],"wp:term":[{"taxonomy":"lajc-tax-news-type","embeddable":true,"href":"https:\/\/www.justice4all.org\/es\/wp-json\/wp\/v2\/lajc-tax-news-type?post=19831"},{"taxonomy":"lajc-tax-roles","embeddable":true,"href":"https:\/\/www.justice4all.org\/es\/wp-json\/wp\/v2\/lajc-tax-roles?post=19831"},{"taxonomy":"lajc-tax-issues","embeddable":true,"href":"https:\/\/www.justice4all.org\/es\/wp-json\/wp\/v2\/lajc-tax-issues?post=19831"},{"taxonomy":"lajc-tax-locations","embeddable":true,"href":"https:\/\/www.justice4all.org\/es\/wp-json\/wp\/v2\/lajc-tax-locations?post=19831"}],"curies":[{"name":"wp","href":"https:\/\/api.w.org\/{rel}","templated":true}]}}