{"id":19829,"date":"2013-07-11T15:10:34","date_gmt":"2013-07-11T15:10:34","guid":{"rendered":"https:\/\/www.justice4all.org\/news\/restablecimiento-de-la-financiacion-de-la-unidad-de-reclamacion-salarial\/"},"modified":"2013-07-11T15:10:34","modified_gmt":"2013-07-11T15:10:34","slug":"restablecimiento-de-la-financiacion-de-la-unidad-de-reclamacion-salarial","status":"publish","type":"lajc_news","link":"https:\/\/www.justice4all.org\/es\/news\/restablecimiento-de-la-financiacion-de-la-unidad-de-reclamacion-salarial\/","title":{"rendered":"Restablecimiento de la financiaci\u00f3n de la Unidad de Reclamaci\u00f3n Salarial"},"content":{"rendered":"<div class=\"lajc-m-content\">El Centro de Justicia y Asistencia Jur\u00eddica se enorgullece de haber trabajado con el Del. David Toscano y otros socios de todo el estado en nuestra exitosa campa\u00f1a para restablecer la financiaci\u00f3n de la unidad de investigaci\u00f3n de reclamaciones salariales del Departamento de Trabajo e Industria. Esperamos poder ayudar al Comisario a garantizar que los trabajadores de Virginia reciban una compensaci\u00f3n adecuada por sus esfuerzos. M\u00e1s informaci\u00f3n en <a href=\"http:\/\/www.c-ville.com\/labor-pains-how-a-local-case-helped-resurrect-virginias-labor-investigations\/#.Ud13sTvCbq5\" target=\"_blank\" rel=\"noopener\"><strong>c-ville weekly<\/strong>.<\/a>\n<\/div>\n","protected":false},"excerpt":{"rendered":"<p>El Centro de Justicia y Asistencia Jur\u00eddica se enorgullece de haber trabajado con el Del. David Toscano y otros socios de todo el estado en nuestra exitosa campa\u00f1a para restablecer la financiaci\u00f3n de la unidad de investigaci\u00f3n de reclamaciones salariales del Departamento de Trabajo e Industria. Esperamos poder ayudar al Comisario a garantizar que los [&hellip;]<\/p>\n","protected":false},"author":3,"featured_media":0,"parent":0,"menu_order":0,"template":"","format":"standard","meta":{"footnotes":""},"lajc-tax-news-type":[],"lajc-tax-roles":[],"lajc-tax-issues":[],"lajc-tax-locations":[],"class_list":["post-19829","lajc_news","type-lajc_news","status-publish","format-standard","hentry"],"acf":[],"yoast_head":"<!-- This site is optimized with the Yoast SEO plugin v27.5 - https:\/\/yoast.com\/product\/yoast-seo-wordpress\/ -->\n<title>Restablecimiento de la financiaci\u00f3n de la Unidad de Reclamaci\u00f3n Salarial - Legal Aid Justice Center<\/title>\n<meta name=\"robots\" content=\"index, follow, max-snippet:-1, max-image-preview:large, max-video-preview:-1\" \/>\n<link rel=\"canonical\" href=\"https:\/\/www.justice4all.org\/es\/news\/restablecimiento-de-la-financiacion-de-la-unidad-de-reclamacion-salarial\/\" \/>\n<meta property=\"og:locale\" content=\"es_ES\" \/>\n<meta property=\"og:type\" content=\"article\" \/>\n<meta property=\"og:title\" content=\"Restablecimiento de la financiaci\u00f3n de la Unidad de Reclamaci\u00f3n Salarial - Legal Aid Justice Center\" \/>\n<meta property=\"og:description\" content=\"El Centro de Justicia y Asistencia Jur\u00eddica se enorgullece de haber trabajado con el Del. David Toscano y otros socios de todo el estado en nuestra exitosa campa\u00f1a para restablecer la financiaci\u00f3n de la unidad de investigaci\u00f3n de reclamaciones salariales del Departamento de Trabajo e Industria. Esperamos poder ayudar al Comisario a garantizar que los [&hellip;]\" \/>\n<meta property=\"og:url\" content=\"https:\/\/www.justice4all.org\/es\/news\/restablecimiento-de-la-financiacion-de-la-unidad-de-reclamacion-salarial\/\" \/>\n<meta property=\"og:site_name\" content=\"Legal Aid Justice Center\" \/>\n<meta name=\"twitter:card\" content=\"summary_large_image\" \/>\n<script type=\"application\/ld+json\" class=\"yoast-schema-graph\">{\"@context\":\"https:\\\/\\\/schema.org\",\"@graph\":[{\"@type\":\"WebPage\",\"@id\":\"https:\\\/\\\/www.justice4all.org\\\/es\\\/news\\\/restablecimiento-de-la-financiacion-de-la-unidad-de-reclamacion-salarial\\\/\",\"url\":\"https:\\\/\\\/www.justice4all.org\\\/es\\\/news\\\/restablecimiento-de-la-financiacion-de-la-unidad-de-reclamacion-salarial\\\/\",\"name\":\"Restablecimiento de la financiaci\u00f3n de la Unidad de Reclamaci\u00f3n Salarial - Legal Aid Justice Center\",\"isPartOf\":{\"@id\":\"https:\\\/\\\/www.justice4all.org\\\/es\\\/#website\"},\"datePublished\":\"2013-07-11T15:10:34+00:00\",\"breadcrumb\":{\"@id\":\"https:\\\/\\\/www.justice4all.org\\\/es\\\/news\\\/restablecimiento-de-la-financiacion-de-la-unidad-de-reclamacion-salarial\\\/#breadcrumb\"},\"inLanguage\":\"es\",\"potentialAction\":[{\"@type\":\"ReadAction\",\"target\":[\"https:\\\/\\\/www.justice4all.org\\\/es\\\/news\\\/restablecimiento-de-la-financiacion-de-la-unidad-de-reclamacion-salarial\\\/\"]}]},{\"@type\":\"BreadcrumbList\",\"@id\":\"https:\\\/\\\/www.justice4all.org\\\/es\\\/news\\\/restablecimiento-de-la-financiacion-de-la-unidad-de-reclamacion-salarial\\\/#breadcrumb\",\"itemListElement\":[{\"@type\":\"ListItem\",\"position\":1,\"name\":\"Home\",\"item\":\"https:\\\/\\\/www.justice4all.org\\\/es\\\/\"},{\"@type\":\"ListItem\",\"position\":2,\"name\":\"Restablecimiento de la financiaci\u00f3n de la Unidad de Reclamaci\u00f3n Salarial\"}]},{\"@type\":\"WebSite\",\"@id\":\"https:\\\/\\\/www.justice4all.org\\\/es\\\/#website\",\"url\":\"https:\\\/\\\/www.justice4all.org\\\/es\\\/\",\"name\":\"Legal Aid Justice Center\",\"description\":\"\",\"potentialAction\":[{\"@type\":\"SearchAction\",\"target\":{\"@type\":\"EntryPoint\",\"urlTemplate\":\"https:\\\/\\\/www.justice4all.org\\\/es\\\/?s={search_term_string}\"},\"query-input\":{\"@type\":\"PropertyValueSpecification\",\"valueRequired\":true,\"valueName\":\"search_term_string\"}}],\"inLanguage\":\"es\"}]}<\/script>\n<!-- \/ Yoast SEO plugin. -->","yoast_head_json":{"title":"Restablecimiento de la financiaci\u00f3n de la Unidad de Reclamaci\u00f3n Salarial - Legal Aid Justice Center","robots":{"index":"index","follow":"follow","max-snippet":"max-snippet:-1","max-image-preview":"max-image-preview:large","max-video-preview":"max-video-preview:-1"},"canonical":"https:\/\/www.justice4all.org\/es\/news\/restablecimiento-de-la-financiacion-de-la-unidad-de-reclamacion-salarial\/","og_locale":"es_ES","og_type":"article","og_title":"Restablecimiento de la financiaci\u00f3n de la Unidad de Reclamaci\u00f3n Salarial - Legal Aid Justice Center","og_description":"El Centro de Justicia y Asistencia Jur\u00eddica se enorgullece de haber trabajado con el Del. David Toscano y otros socios de todo el estado en nuestra exitosa campa\u00f1a para restablecer la financiaci\u00f3n de la unidad de investigaci\u00f3n de reclamaciones salariales del Departamento de Trabajo e Industria. Esperamos poder ayudar al Comisario a garantizar que los [&hellip;]","og_url":"https:\/\/www.justice4all.org\/es\/news\/restablecimiento-de-la-financiacion-de-la-unidad-de-reclamacion-salarial\/","og_site_name":"Legal Aid Justice Center","twitter_card":"summary_large_image","schema":{"@context":"https:\/\/schema.org","@graph":[{"@type":"WebPage","@id":"https:\/\/www.justice4all.org\/es\/news\/restablecimiento-de-la-financiacion-de-la-unidad-de-reclamacion-salarial\/","url":"https:\/\/www.justice4all.org\/es\/news\/restablecimiento-de-la-financiacion-de-la-unidad-de-reclamacion-salarial\/","name":"Restablecimiento de la financiaci\u00f3n de la Unidad de Reclamaci\u00f3n Salarial - Legal Aid Justice Center","isPartOf":{"@id":"https:\/\/www.justice4all.org\/es\/#website"},"datePublished":"2013-07-11T15:10:34+00:00","breadcrumb":{"@id":"https:\/\/www.justice4all.org\/es\/news\/restablecimiento-de-la-financiacion-de-la-unidad-de-reclamacion-salarial\/#breadcrumb"},"inLanguage":"es","potentialAction":[{"@type":"ReadAction","target":["https:\/\/www.justice4all.org\/es\/news\/restablecimiento-de-la-financiacion-de-la-unidad-de-reclamacion-salarial\/"]}]},{"@type":"BreadcrumbList","@id":"https:\/\/www.justice4all.org\/es\/news\/restablecimiento-de-la-financiacion-de-la-unidad-de-reclamacion-salarial\/#breadcrumb","itemListElement":[{"@type":"ListItem","position":1,"name":"Home","item":"https:\/\/www.justice4all.org\/es\/"},{"@type":"ListItem","position":2,"name":"Restablecimiento de la financiaci\u00f3n de la Unidad de Reclamaci\u00f3n Salarial"}]},{"@type":"WebSite","@id":"https:\/\/www.justice4all.org\/es\/#website","url":"https:\/\/www.justice4all.org\/es\/","name":"Legal Aid Justice Center","description":"","potentialAction":[{"@type":"SearchAction","target":{"@type":"EntryPoint","urlTemplate":"https:\/\/www.justice4all.org\/es\/?s={search_term_string}"},"query-input":{"@type":"PropertyValueSpecification","valueRequired":true,"valueName":"search_term_string"}}],"inLanguage":"es"}]}},"_links":{"self":[{"href":"https:\/\/www.justice4all.org\/es\/wp-json\/wp\/v2\/lajc_news\/19829","targetHints":{"allow":["GET"]}}],"collection":[{"href":"https:\/\/www.justice4all.org\/es\/wp-json\/wp\/v2\/lajc_news"}],"about":[{"href":"https:\/\/www.justice4all.org\/es\/wp-json\/wp\/v2\/types\/lajc_news"}],"author":[{"embeddable":true,"href":"https:\/\/www.justice4all.org\/es\/wp-json\/wp\/v2\/users\/3"}],"version-history":[{"count":0,"href":"https:\/\/www.justice4all.org\/es\/wp-json\/wp\/v2\/lajc_news\/19829\/revisions"}],"wp:attachment":[{"href":"https:\/\/www.justice4all.org\/es\/wp-json\/wp\/v2\/media?parent=19829"}],"wp:term":[{"taxonomy":"lajc-tax-news-type","embeddable":true,"href":"https:\/\/www.justice4all.org\/es\/wp-json\/wp\/v2\/lajc-tax-news-type?post=19829"},{"taxonomy":"lajc-tax-roles","embeddable":true,"href":"https:\/\/www.justice4all.org\/es\/wp-json\/wp\/v2\/lajc-tax-roles?post=19829"},{"taxonomy":"lajc-tax-issues","embeddable":true,"href":"https:\/\/www.justice4all.org\/es\/wp-json\/wp\/v2\/lajc-tax-issues?post=19829"},{"taxonomy":"lajc-tax-locations","embeddable":true,"href":"https:\/\/www.justice4all.org\/es\/wp-json\/wp\/v2\/lajc-tax-locations?post=19829"}],"curies":[{"name":"wp","href":"https:\/\/api.w.org\/{rel}","templated":true}]}}