{"id":19820,"date":"2014-04-29T11:15:23","date_gmt":"2014-04-29T11:15:23","guid":{"rendered":"https:\/\/www.justice4all.org\/news\/clientes-inmigrantes-ganan-la-matricula-estatal\/"},"modified":"2014-04-29T11:15:23","modified_gmt":"2014-04-29T11:15:23","slug":"clientes-inmigrantes-ganan-la-matricula-estatal","status":"publish","type":"lajc_news","link":"https:\/\/www.justice4all.org\/es\/news\/clientes-inmigrantes-ganan-la-matricula-estatal\/","title":{"rendered":"Clientes inmigrantes ganan la matr\u00edcula estatal"},"content":{"rendered":"<div class=\"lajc-m-content\">Siete valientes estudiantes inmigrantes representados por el Centro de Justicia y Asistencia Jur\u00eddica han ganado el pleito para obtener la matr\u00edcula estatal, no s\u00f3lo para ellos, sino para miles de beneficiarios de la Acci\u00f3n Diferida para los Llegados en la Infancia (DACA) de Virginia. El fiscal general de Virginia, Mark Herring, ha anunciado esta ma\u00f1ana que los beneficiarios de DACA pueden solicitar la matr\u00edcula estatal en virtud de la legislaci\u00f3n vigente en Virginia, tal y como hab\u00edan argumentado los estudiantes en una demanda presentada por el Centro de Justicia de Ayuda Legal el a\u00f1o pasado. El Centro de Justicia de Ayuda Legal agradece al Fiscal General Herring que haya abierto las puertas de la oportunidad educativa a estos estudiantes de Virginia que lo merecen.  <\/p>\n<p><strong><span class=\"home-title-black home-title\">Recursos<\/span><\/strong><br \/>\n<a href=\"http:\/\/lajc.wpengine.com\/wp-content\/uploads\/2014\/04\/LAJCs-Immigrant-Students-Win-In-State-Tuition-Eligibility-4-29-14.pdf\" target=\"_blank\" rel=\"noopener\">Comunicado de prensa (PDF)<\/a><\/p>\n<p><a href=\"http:\/\/lajc.wpengine.com\/wp-content\/uploads\/2014\/04\/DACA-and-In-State-Tuition-in-Virginia-Frequently-Asked-Questions-May-6th-2014.pdf\" target=\"_blank\" rel=\"noopener\">Preguntas frecuentes (PDF)<\/a><\/p>\n<p><a href=\"http:\/\/lajc.wpengine.com\/wp-content\/uploads\/2013\/12\/Orellana_v_SCHEV.pdf\" target=\"_blank\" rel=\"noopener\">Lee la demanda (PDF)<\/a><\/p>\n<p><a href=\"http:\/\/www.ag.virginia.gov\/Media%20and%20News%20Releases\/News_Releases\/Herring\/DACA_AG_Advice_Letter.pdf\">Lee la carta del Fiscal General Herring (29\/4\/14)<\/a><\/p>\n<p><strong><span class=\"home-title-black home-title\">Noticias<br \/>\n<\/span><\/strong><a href=\"http:\/\/www.c-ville.com\/big-victory-for-local-legal-aid-center-as-herring-extends-in-state-tuition-to-daca-eligible-immigrants\/#.U2lDqFcvkoN\" target=\"_blank\" rel=\"noopener\">Gran victoria para el Centro Local de Asistencia Jur\u00eddica<\/a> (C-ville Weekly 29\/4\/14)<\/p>\n<p><a href=\"http:\/\/www.nytimes.com\/2014\/04\/30\/us\/dreamers-eligible-for-in-state-tuition-virginias-attorney-general-says.html?action=click&amp;module=Search&amp;region=searchResults&amp;mabReward=relbias%3Ar&amp;url=http%3A%2F%2Fquery.nytimes.com%2Fsearch%2Fsitesearch%2F%3Faction%3Dclick%26region%3DMasthead%26pgtype%3DHomepage%26module%3DSearchSubmit%26contentCollection%3DHomepage%26t%3Dqry995%23%2Fherring%2F7days%2F&amp;_r=0\" target=\"_blank\" rel=\"noopener\">El fiscal general de Virginia abre la matr\u00edcula estatal a los estudiantes inmigrantes<\/a> (NY Times, 29\/4\/14)<\/p>\n<p><a href=\"http:\/\/www.washingtonpost.com\/local\/virginia-politics\/virginia-attorney-general-declares-dreamers-eligible-for-in-state-tuition\/2014\/04\/29\/ed594aea-cfb0-11e3-b812-0c92213941f4_story.html\" target=\"_blank\" rel=\"noopener\">El fiscal general de Virginia declara a los \u00abso\u00f1adores\u00bb elegibles para la matr\u00edcula estatal<\/a> (Washington Post, 29\/4\/14)<\/p>\n<p><a href=\"http:\/\/www.washingtonpost.com\/local\/korean-student-in-virginia-joined-forces-with-latino-dreamers-to-fight-for-in-state-tuition\/2014\/05\/03\/d2c8eea0-d150-11e3-9e25-188ebe1fa93b_story.html\">Un estudiante coreano de Virginia se une a los \u00abDREAMers\u00bb latinos<\/a> (Washington Post, 5\/3\/14)<\/p>\n<p><a href=\"http:\/\/college.usatoday.com\/2014\/05\/05\/undocumented-immigrants-in-va-can-now-qualify-for-in-state-tuition\/\" target=\"_blank\" rel=\"noopener\">Los inmigrantes indocumentados en Va. Tienen derecho a la matr\u00edcula estatal <\/a>  (USA Today College, 5\/5\/14)<\/p>\n<p><a href=\"http:\/\/www.c-ville.com\/immigrant-plaintiffs-who-sued-for-lower-tuition-rates-get-a-big-victory\/#.U2zR-lcvkoM\" target=\"_blank\" rel=\"noopener\">Los demandantes inmigrantes que solicitaron una reducci\u00f3n de la matr\u00edcula obtienen una gran victoria<\/a> (C-ville Weekly, 5\/8\/14)<\/p>\n<p>&nbsp;<\/p>\n<p><a href=\"https:\/\/secure2.convio.net\/lajc\/site\/Donation2;jsessionid=BE1B656BBC43BB25D11F821E01D421C9.app262a?1400.donation=form1&amp;df_id=1400\">Haz un donativo para apoyar esta labor<\/a><\/p>\n<p>&nbsp;<\/p><\/div>\n","protected":false},"excerpt":{"rendered":"<p>Siete valientes estudiantes inmigrantes representados por el Centro de Justicia y Asistencia Jur\u00eddica han ganado el pleito para obtener la matr\u00edcula estatal, no s\u00f3lo para ellos, sino para miles de beneficiarios de la Acci\u00f3n Diferida para los Llegados en la Infancia (DACA) de Virginia. El fiscal general de Virginia, Mark Herring, ha anunciado esta ma\u00f1ana [&hellip;]<\/p>\n","protected":false},"author":4,"featured_media":0,"parent":0,"menu_order":0,"template":"","format":"standard","meta":{"footnotes":""},"lajc-tax-news-type":[],"lajc-tax-roles":[],"lajc-tax-issues":[],"lajc-tax-locations":[],"class_list":["post-19820","lajc_news","type-lajc_news","status-publish","format-standard","hentry"],"acf":[],"yoast_head":"<!-- This site is optimized with the Yoast SEO plugin v27.5 - https:\/\/yoast.com\/product\/yoast-seo-wordpress\/ -->\n<title>Clientes inmigrantes ganan la matr\u00edcula estatal - Legal Aid Justice Center<\/title>\n<meta name=\"robots\" content=\"index, follow, max-snippet:-1, max-image-preview:large, max-video-preview:-1\" \/>\n<link rel=\"canonical\" href=\"https:\/\/www.justice4all.org\/es\/news\/clientes-inmigrantes-ganan-la-matricula-estatal\/\" \/>\n<meta property=\"og:locale\" content=\"es_ES\" \/>\n<meta property=\"og:type\" content=\"article\" \/>\n<meta property=\"og:title\" content=\"Clientes inmigrantes ganan la matr\u00edcula estatal - Legal Aid Justice Center\" \/>\n<meta property=\"og:description\" content=\"Siete valientes estudiantes inmigrantes representados por el Centro de Justicia y Asistencia Jur\u00eddica han ganado el pleito para obtener la matr\u00edcula estatal, no s\u00f3lo para ellos, sino para miles de beneficiarios de la Acci\u00f3n Diferida para los Llegados en la Infancia (DACA) de Virginia. El fiscal general de Virginia, Mark Herring, ha anunciado esta ma\u00f1ana [&hellip;]\" \/>\n<meta property=\"og:url\" content=\"https:\/\/www.justice4all.org\/es\/news\/clientes-inmigrantes-ganan-la-matricula-estatal\/\" \/>\n<meta property=\"og:site_name\" content=\"Legal Aid Justice Center\" \/>\n<meta name=\"twitter:card\" content=\"summary_large_image\" \/>\n<meta name=\"twitter:label1\" content=\"Tiempo de lectura\" \/>\n\t<meta name=\"twitter:data1\" content=\"1 minuto\" \/>\n<script type=\"application\/ld+json\" class=\"yoast-schema-graph\">{\"@context\":\"https:\\\/\\\/schema.org\",\"@graph\":[{\"@type\":\"WebPage\",\"@id\":\"https:\\\/\\\/www.justice4all.org\\\/es\\\/news\\\/clientes-inmigrantes-ganan-la-matricula-estatal\\\/\",\"url\":\"https:\\\/\\\/www.justice4all.org\\\/es\\\/news\\\/clientes-inmigrantes-ganan-la-matricula-estatal\\\/\",\"name\":\"Clientes inmigrantes ganan la matr\u00edcula estatal - Legal Aid Justice Center\",\"isPartOf\":{\"@id\":\"https:\\\/\\\/www.justice4all.org\\\/es\\\/#website\"},\"datePublished\":\"2014-04-29T11:15:23+00:00\",\"breadcrumb\":{\"@id\":\"https:\\\/\\\/www.justice4all.org\\\/es\\\/news\\\/clientes-inmigrantes-ganan-la-matricula-estatal\\\/#breadcrumb\"},\"inLanguage\":\"es\",\"potentialAction\":[{\"@type\":\"ReadAction\",\"target\":[\"https:\\\/\\\/www.justice4all.org\\\/es\\\/news\\\/clientes-inmigrantes-ganan-la-matricula-estatal\\\/\"]}]},{\"@type\":\"BreadcrumbList\",\"@id\":\"https:\\\/\\\/www.justice4all.org\\\/es\\\/news\\\/clientes-inmigrantes-ganan-la-matricula-estatal\\\/#breadcrumb\",\"itemListElement\":[{\"@type\":\"ListItem\",\"position\":1,\"name\":\"Home\",\"item\":\"https:\\\/\\\/www.justice4all.org\\\/es\\\/\"},{\"@type\":\"ListItem\",\"position\":2,\"name\":\"Clientes inmigrantes ganan la matr\u00edcula estatal\"}]},{\"@type\":\"WebSite\",\"@id\":\"https:\\\/\\\/www.justice4all.org\\\/es\\\/#website\",\"url\":\"https:\\\/\\\/www.justice4all.org\\\/es\\\/\",\"name\":\"Legal Aid Justice Center\",\"description\":\"\",\"potentialAction\":[{\"@type\":\"SearchAction\",\"target\":{\"@type\":\"EntryPoint\",\"urlTemplate\":\"https:\\\/\\\/www.justice4all.org\\\/es\\\/?s={search_term_string}\"},\"query-input\":{\"@type\":\"PropertyValueSpecification\",\"valueRequired\":true,\"valueName\":\"search_term_string\"}}],\"inLanguage\":\"es\"}]}<\/script>\n<!-- \/ Yoast SEO plugin. -->","yoast_head_json":{"title":"Clientes inmigrantes ganan la matr\u00edcula estatal - Legal Aid Justice Center","robots":{"index":"index","follow":"follow","max-snippet":"max-snippet:-1","max-image-preview":"max-image-preview:large","max-video-preview":"max-video-preview:-1"},"canonical":"https:\/\/www.justice4all.org\/es\/news\/clientes-inmigrantes-ganan-la-matricula-estatal\/","og_locale":"es_ES","og_type":"article","og_title":"Clientes inmigrantes ganan la matr\u00edcula estatal - Legal Aid Justice Center","og_description":"Siete valientes estudiantes inmigrantes representados por el Centro de Justicia y Asistencia Jur\u00eddica han ganado el pleito para obtener la matr\u00edcula estatal, no s\u00f3lo para ellos, sino para miles de beneficiarios de la Acci\u00f3n Diferida para los Llegados en la Infancia (DACA) de Virginia. El fiscal general de Virginia, Mark Herring, ha anunciado esta ma\u00f1ana [&hellip;]","og_url":"https:\/\/www.justice4all.org\/es\/news\/clientes-inmigrantes-ganan-la-matricula-estatal\/","og_site_name":"Legal Aid Justice Center","twitter_card":"summary_large_image","twitter_misc":{"Tiempo de lectura":"1 minuto"},"schema":{"@context":"https:\/\/schema.org","@graph":[{"@type":"WebPage","@id":"https:\/\/www.justice4all.org\/es\/news\/clientes-inmigrantes-ganan-la-matricula-estatal\/","url":"https:\/\/www.justice4all.org\/es\/news\/clientes-inmigrantes-ganan-la-matricula-estatal\/","name":"Clientes inmigrantes ganan la matr\u00edcula estatal - Legal Aid Justice Center","isPartOf":{"@id":"https:\/\/www.justice4all.org\/es\/#website"},"datePublished":"2014-04-29T11:15:23+00:00","breadcrumb":{"@id":"https:\/\/www.justice4all.org\/es\/news\/clientes-inmigrantes-ganan-la-matricula-estatal\/#breadcrumb"},"inLanguage":"es","potentialAction":[{"@type":"ReadAction","target":["https:\/\/www.justice4all.org\/es\/news\/clientes-inmigrantes-ganan-la-matricula-estatal\/"]}]},{"@type":"BreadcrumbList","@id":"https:\/\/www.justice4all.org\/es\/news\/clientes-inmigrantes-ganan-la-matricula-estatal\/#breadcrumb","itemListElement":[{"@type":"ListItem","position":1,"name":"Home","item":"https:\/\/www.justice4all.org\/es\/"},{"@type":"ListItem","position":2,"name":"Clientes inmigrantes ganan la matr\u00edcula estatal"}]},{"@type":"WebSite","@id":"https:\/\/www.justice4all.org\/es\/#website","url":"https:\/\/www.justice4all.org\/es\/","name":"Legal Aid Justice Center","description":"","potentialAction":[{"@type":"SearchAction","target":{"@type":"EntryPoint","urlTemplate":"https:\/\/www.justice4all.org\/es\/?s={search_term_string}"},"query-input":{"@type":"PropertyValueSpecification","valueRequired":true,"valueName":"search_term_string"}}],"inLanguage":"es"}]}},"_links":{"self":[{"href":"https:\/\/www.justice4all.org\/es\/wp-json\/wp\/v2\/lajc_news\/19820","targetHints":{"allow":["GET"]}}],"collection":[{"href":"https:\/\/www.justice4all.org\/es\/wp-json\/wp\/v2\/lajc_news"}],"about":[{"href":"https:\/\/www.justice4all.org\/es\/wp-json\/wp\/v2\/types\/lajc_news"}],"author":[{"embeddable":true,"href":"https:\/\/www.justice4all.org\/es\/wp-json\/wp\/v2\/users\/4"}],"version-history":[{"count":0,"href":"https:\/\/www.justice4all.org\/es\/wp-json\/wp\/v2\/lajc_news\/19820\/revisions"}],"wp:attachment":[{"href":"https:\/\/www.justice4all.org\/es\/wp-json\/wp\/v2\/media?parent=19820"}],"wp:term":[{"taxonomy":"lajc-tax-news-type","embeddable":true,"href":"https:\/\/www.justice4all.org\/es\/wp-json\/wp\/v2\/lajc-tax-news-type?post=19820"},{"taxonomy":"lajc-tax-roles","embeddable":true,"href":"https:\/\/www.justice4all.org\/es\/wp-json\/wp\/v2\/lajc-tax-roles?post=19820"},{"taxonomy":"lajc-tax-issues","embeddable":true,"href":"https:\/\/www.justice4all.org\/es\/wp-json\/wp\/v2\/lajc-tax-issues?post=19820"},{"taxonomy":"lajc-tax-locations","embeddable":true,"href":"https:\/\/www.justice4all.org\/es\/wp-json\/wp\/v2\/lajc-tax-locations?post=19820"}],"curies":[{"name":"wp","href":"https:\/\/api.w.org\/{rel}","templated":true}]}}