{"id":19819,"date":"2014-11-26T15:08:24","date_gmt":"2014-11-26T15:08:24","guid":{"rendered":"https:\/\/www.justice4all.org\/news\/los-demandantes-llegan-a-un-acuerdo-en-el-caso-de-la-asistencia-sanitaria-en-la-prision-de-fluvanna\/"},"modified":"2014-11-26T15:08:24","modified_gmt":"2014-11-26T15:08:24","slug":"los-demandantes-llegan-a-un-acuerdo-en-el-caso-de-la-asistencia-sanitaria-en-la-prision-de-fluvanna","status":"publish","type":"lajc_news","link":"https:\/\/www.justice4all.org\/es\/news\/los-demandantes-llegan-a-un-acuerdo-en-el-caso-de-la-asistencia-sanitaria-en-la-prision-de-fluvanna\/","title":{"rendered":"Los demandantes llegan a un acuerdo en el caso de la asistencia sanitaria en la prisi\u00f3n de Fluvanna"},"content":{"rendered":"<div class=\"lajc-m-content\">26 de noviembre de 2014<\/p>\n<p>El Centro de Justicia de Ayuda Legal anunci\u00f3 que hab\u00eda llegado a un acuerdo en nuestra demanda en nombre de las mujeres encarceladas en el Centro Correccional Fluvanna para Mujeres. WileyRein y Washington Lawyers&#8217; Committed son coasesores de las demandantes en el pleito. La demanda afirmaba que las 1200 mujeres encarceladas en el FCCW reciben una atenci\u00f3n m\u00e9dica constitucionalmente inadecuada, que pone en grave peligro su salud y su vida.   El acuerdo proporciona un marco para reformas significativas de la atenci\u00f3n m\u00e9dica en el FCCW. El acuerdo tambi\u00e9n esboza un proceso mediante el cual las partes examinar\u00e1n y revisar\u00e1n conjuntamente las pol\u00edticas del Departamento de Instituciones Penitenciarias relativas a la atenci\u00f3n sanitaria. El acuerdo dispone que las partes designen a un supervisor nombrado por el tribunal que supervisar\u00e1 la atenci\u00f3n prestada en el FCCW. Dado que el caso se certific\u00f3 como demanda colectiva, el acuerdo deber\u00e1 ser aprobado por el tribunal en una vista posterior.  <\/p>\n<p>El acuerdo se produjo a ra\u00edz de dos contundentes dict\u00e1menes del tribunal a favor de los demandantes: una orden por la que se conced\u00eda la certificaci\u00f3n colectiva y una orden por la que se conced\u00eda la petici\u00f3n de los demandantes de que se dictara sentencia sumaria.<\/p>\n<p>El 25 de noviembre de 2014, el tribunal dict\u00f3 una orden por la que conced\u00eda la petici\u00f3n de sentencia sumaria de los demandantes y denegaba la petici\u00f3n de sentencia sumaria de los demandados. En una decisi\u00f3n contundente, el tribunal dictamin\u00f3 que el Departamento de Instituciones Penitenciarias no puede delegar su obligaci\u00f3n constitucional de proporcionar una atenci\u00f3n m\u00e9dica adecuada simplemente entregando la atenci\u00f3n sanitaria a un subcontratista. <\/p>\n<p>El 20 de noviembre de 2014, el tribunal emiti\u00f3 un amplio dictamen concediendo la certificaci\u00f3n de clase en el caso, lo que significa que cualquier sentencia en el caso se aplicar\u00e1 a las 1200 mujeres de la prisi\u00f3n, no s\u00f3lo a las cuatro demandantes nombradas.<\/p>\n<p>25 de noviembre de 2014 - <a href=\"http:\/\/lajc.wpengine.com\/wp-content\/uploads\/2014\/11\/201-opinion-on-summary-judgment.pdf\">Opini\u00f3n memor\u00e1ndum por la que se concede la petici\u00f3n parcial de sentencia sumaria de los demandantes y se deniega la petici\u00f3n de sentencia sumaria de los demandados<\/a><\/p>\n<p>20 de noviembre de 2014 - <a href=\"http:\/\/lajc.wpengine.com\/wp-content\/uploads\/2014\/11\/188-memorandum-opinion-granting-class-cert.pdf\">Memor\u00e1ndum de opini\u00f3n por el que se concede la certificaci\u00f3n de clase<\/a><\/div>\n","protected":false},"excerpt":{"rendered":"<p>26 de noviembre de 2014 El Centro de Justicia de Ayuda Legal anunci\u00f3 que hab\u00eda llegado a un acuerdo en nuestra demanda en nombre de las mujeres encarceladas en el Centro Correccional Fluvanna para Mujeres. WileyRein y Washington Lawyers&#8217; Committed son coasesores de las demandantes en el pleito. La demanda afirmaba que las 1200 mujeres [&hellip;]<\/p>\n","protected":false},"author":4,"featured_media":0,"parent":0,"menu_order":0,"template":"","format":"standard","meta":{"footnotes":""},"lajc-tax-news-type":[],"lajc-tax-roles":[],"lajc-tax-issues":[],"lajc-tax-locations":[],"class_list":["post-19819","lajc_news","type-lajc_news","status-publish","format-standard","hentry"],"acf":[],"yoast_head":"<!-- This site is optimized with the Yoast SEO plugin v27.5 - https:\/\/yoast.com\/product\/yoast-seo-wordpress\/ -->\n<title>Los demandantes llegan a un acuerdo en el caso de la asistencia sanitaria en la prisi\u00f3n de Fluvanna - Legal Aid Justice Center<\/title>\n<meta name=\"robots\" content=\"index, follow, max-snippet:-1, max-image-preview:large, max-video-preview:-1\" \/>\n<link rel=\"canonical\" href=\"https:\/\/www.justice4all.org\/es\/news\/los-demandantes-llegan-a-un-acuerdo-en-el-caso-de-la-asistencia-sanitaria-en-la-prision-de-fluvanna\/\" \/>\n<meta property=\"og:locale\" content=\"es_ES\" \/>\n<meta property=\"og:type\" content=\"article\" \/>\n<meta property=\"og:title\" content=\"Los demandantes llegan a un acuerdo en el caso de la asistencia sanitaria en la prisi\u00f3n de Fluvanna - Legal Aid Justice Center\" \/>\n<meta property=\"og:description\" content=\"26 de noviembre de 2014 El Centro de Justicia de Ayuda Legal anunci\u00f3 que hab\u00eda llegado a un acuerdo en nuestra demanda en nombre de las mujeres encarceladas en el Centro Correccional Fluvanna para Mujeres. WileyRein y Washington Lawyers&#8217; Committed son coasesores de las demandantes en el pleito. La demanda afirmaba que las 1200 mujeres [&hellip;]\" \/>\n<meta property=\"og:url\" content=\"https:\/\/www.justice4all.org\/es\/news\/los-demandantes-llegan-a-un-acuerdo-en-el-caso-de-la-asistencia-sanitaria-en-la-prision-de-fluvanna\/\" \/>\n<meta property=\"og:site_name\" content=\"Legal Aid Justice Center\" \/>\n<meta name=\"twitter:card\" content=\"summary_large_image\" \/>\n<meta name=\"twitter:label1\" content=\"Tiempo de lectura\" \/>\n\t<meta name=\"twitter:data1\" content=\"2 minuto\" \/>\n<script type=\"application\/ld+json\" class=\"yoast-schema-graph\">{\"@context\":\"https:\\\/\\\/schema.org\",\"@graph\":[{\"@type\":\"WebPage\",\"@id\":\"https:\\\/\\\/www.justice4all.org\\\/es\\\/news\\\/los-demandantes-llegan-a-un-acuerdo-en-el-caso-de-la-asistencia-sanitaria-en-la-prision-de-fluvanna\\\/\",\"url\":\"https:\\\/\\\/www.justice4all.org\\\/es\\\/news\\\/los-demandantes-llegan-a-un-acuerdo-en-el-caso-de-la-asistencia-sanitaria-en-la-prision-de-fluvanna\\\/\",\"name\":\"Los demandantes llegan a un acuerdo en el caso de la asistencia sanitaria en la prisi\u00f3n de Fluvanna - Legal Aid Justice Center\",\"isPartOf\":{\"@id\":\"https:\\\/\\\/www.justice4all.org\\\/es\\\/#website\"},\"datePublished\":\"2014-11-26T15:08:24+00:00\",\"breadcrumb\":{\"@id\":\"https:\\\/\\\/www.justice4all.org\\\/es\\\/news\\\/los-demandantes-llegan-a-un-acuerdo-en-el-caso-de-la-asistencia-sanitaria-en-la-prision-de-fluvanna\\\/#breadcrumb\"},\"inLanguage\":\"es\",\"potentialAction\":[{\"@type\":\"ReadAction\",\"target\":[\"https:\\\/\\\/www.justice4all.org\\\/es\\\/news\\\/los-demandantes-llegan-a-un-acuerdo-en-el-caso-de-la-asistencia-sanitaria-en-la-prision-de-fluvanna\\\/\"]}]},{\"@type\":\"BreadcrumbList\",\"@id\":\"https:\\\/\\\/www.justice4all.org\\\/es\\\/news\\\/los-demandantes-llegan-a-un-acuerdo-en-el-caso-de-la-asistencia-sanitaria-en-la-prision-de-fluvanna\\\/#breadcrumb\",\"itemListElement\":[{\"@type\":\"ListItem\",\"position\":1,\"name\":\"Home\",\"item\":\"https:\\\/\\\/www.justice4all.org\\\/es\\\/\"},{\"@type\":\"ListItem\",\"position\":2,\"name\":\"Los demandantes llegan a un acuerdo en el caso de la asistencia sanitaria en la prisi\u00f3n de Fluvanna\"}]},{\"@type\":\"WebSite\",\"@id\":\"https:\\\/\\\/www.justice4all.org\\\/es\\\/#website\",\"url\":\"https:\\\/\\\/www.justice4all.org\\\/es\\\/\",\"name\":\"Legal Aid Justice Center\",\"description\":\"\",\"potentialAction\":[{\"@type\":\"SearchAction\",\"target\":{\"@type\":\"EntryPoint\",\"urlTemplate\":\"https:\\\/\\\/www.justice4all.org\\\/es\\\/?s={search_term_string}\"},\"query-input\":{\"@type\":\"PropertyValueSpecification\",\"valueRequired\":true,\"valueName\":\"search_term_string\"}}],\"inLanguage\":\"es\"}]}<\/script>\n<!-- \/ Yoast SEO plugin. -->","yoast_head_json":{"title":"Los demandantes llegan a un acuerdo en el caso de la asistencia sanitaria en la prisi\u00f3n de Fluvanna - Legal Aid Justice Center","robots":{"index":"index","follow":"follow","max-snippet":"max-snippet:-1","max-image-preview":"max-image-preview:large","max-video-preview":"max-video-preview:-1"},"canonical":"https:\/\/www.justice4all.org\/es\/news\/los-demandantes-llegan-a-un-acuerdo-en-el-caso-de-la-asistencia-sanitaria-en-la-prision-de-fluvanna\/","og_locale":"es_ES","og_type":"article","og_title":"Los demandantes llegan a un acuerdo en el caso de la asistencia sanitaria en la prisi\u00f3n de Fluvanna - Legal Aid Justice Center","og_description":"26 de noviembre de 2014 El Centro de Justicia de Ayuda Legal anunci\u00f3 que hab\u00eda llegado a un acuerdo en nuestra demanda en nombre de las mujeres encarceladas en el Centro Correccional Fluvanna para Mujeres. WileyRein y Washington Lawyers&#8217; Committed son coasesores de las demandantes en el pleito. La demanda afirmaba que las 1200 mujeres [&hellip;]","og_url":"https:\/\/www.justice4all.org\/es\/news\/los-demandantes-llegan-a-un-acuerdo-en-el-caso-de-la-asistencia-sanitaria-en-la-prision-de-fluvanna\/","og_site_name":"Legal Aid Justice Center","twitter_card":"summary_large_image","twitter_misc":{"Tiempo de lectura":"2 minuto"},"schema":{"@context":"https:\/\/schema.org","@graph":[{"@type":"WebPage","@id":"https:\/\/www.justice4all.org\/es\/news\/los-demandantes-llegan-a-un-acuerdo-en-el-caso-de-la-asistencia-sanitaria-en-la-prision-de-fluvanna\/","url":"https:\/\/www.justice4all.org\/es\/news\/los-demandantes-llegan-a-un-acuerdo-en-el-caso-de-la-asistencia-sanitaria-en-la-prision-de-fluvanna\/","name":"Los demandantes llegan a un acuerdo en el caso de la asistencia sanitaria en la prisi\u00f3n de Fluvanna - Legal Aid Justice Center","isPartOf":{"@id":"https:\/\/www.justice4all.org\/es\/#website"},"datePublished":"2014-11-26T15:08:24+00:00","breadcrumb":{"@id":"https:\/\/www.justice4all.org\/es\/news\/los-demandantes-llegan-a-un-acuerdo-en-el-caso-de-la-asistencia-sanitaria-en-la-prision-de-fluvanna\/#breadcrumb"},"inLanguage":"es","potentialAction":[{"@type":"ReadAction","target":["https:\/\/www.justice4all.org\/es\/news\/los-demandantes-llegan-a-un-acuerdo-en-el-caso-de-la-asistencia-sanitaria-en-la-prision-de-fluvanna\/"]}]},{"@type":"BreadcrumbList","@id":"https:\/\/www.justice4all.org\/es\/news\/los-demandantes-llegan-a-un-acuerdo-en-el-caso-de-la-asistencia-sanitaria-en-la-prision-de-fluvanna\/#breadcrumb","itemListElement":[{"@type":"ListItem","position":1,"name":"Home","item":"https:\/\/www.justice4all.org\/es\/"},{"@type":"ListItem","position":2,"name":"Los demandantes llegan a un acuerdo en el caso de la asistencia sanitaria en la prisi\u00f3n de Fluvanna"}]},{"@type":"WebSite","@id":"https:\/\/www.justice4all.org\/es\/#website","url":"https:\/\/www.justice4all.org\/es\/","name":"Legal Aid Justice Center","description":"","potentialAction":[{"@type":"SearchAction","target":{"@type":"EntryPoint","urlTemplate":"https:\/\/www.justice4all.org\/es\/?s={search_term_string}"},"query-input":{"@type":"PropertyValueSpecification","valueRequired":true,"valueName":"search_term_string"}}],"inLanguage":"es"}]}},"_links":{"self":[{"href":"https:\/\/www.justice4all.org\/es\/wp-json\/wp\/v2\/lajc_news\/19819","targetHints":{"allow":["GET"]}}],"collection":[{"href":"https:\/\/www.justice4all.org\/es\/wp-json\/wp\/v2\/lajc_news"}],"about":[{"href":"https:\/\/www.justice4all.org\/es\/wp-json\/wp\/v2\/types\/lajc_news"}],"author":[{"embeddable":true,"href":"https:\/\/www.justice4all.org\/es\/wp-json\/wp\/v2\/users\/4"}],"version-history":[{"count":0,"href":"https:\/\/www.justice4all.org\/es\/wp-json\/wp\/v2\/lajc_news\/19819\/revisions"}],"wp:attachment":[{"href":"https:\/\/www.justice4all.org\/es\/wp-json\/wp\/v2\/media?parent=19819"}],"wp:term":[{"taxonomy":"lajc-tax-news-type","embeddable":true,"href":"https:\/\/www.justice4all.org\/es\/wp-json\/wp\/v2\/lajc-tax-news-type?post=19819"},{"taxonomy":"lajc-tax-roles","embeddable":true,"href":"https:\/\/www.justice4all.org\/es\/wp-json\/wp\/v2\/lajc-tax-roles?post=19819"},{"taxonomy":"lajc-tax-issues","embeddable":true,"href":"https:\/\/www.justice4all.org\/es\/wp-json\/wp\/v2\/lajc-tax-issues?post=19819"},{"taxonomy":"lajc-tax-locations","embeddable":true,"href":"https:\/\/www.justice4all.org\/es\/wp-json\/wp\/v2\/lajc-tax-locations?post=19819"}],"curies":[{"name":"wp","href":"https:\/\/api.w.org\/{rel}","templated":true}]}}