{"id":19816,"date":"2015-01-20T14:28:18","date_gmt":"2015-01-20T14:28:18","guid":{"rendered":"https:\/\/www.justice4all.org\/news\/hacer-del-desahucio-un-ultimo-recurso\/"},"modified":"2015-01-20T14:28:18","modified_gmt":"2015-01-20T14:28:18","slug":"hacer-del-desahucio-un-ultimo-recurso","status":"publish","type":"lajc_news","link":"https:\/\/www.justice4all.org\/es\/news\/hacer-del-desahucio-un-ultimo-recurso\/","title":{"rendered":"Hacer del desahucio un \u00faltimo recurso"},"content":{"rendered":"<div class=\"lajc-m-content\">&nbsp;<\/p>\n<p><strong>En colaboraci\u00f3n con LAJC y PHAR, CRHA adopta cambios en su pol\u00edtica de desahucios<\/strong><\/p>\n<figure id=\"attachment_2455\" aria-describedby=\"caption-attachment-2455\" style=\"width: 300px\" class=\"wp-caption alignleft\"><a href=\"http:\/\/lajc.wpengine.com\/wp-content\/uploads\/2015\/01\/370.jpg\"><img loading=\"lazy\" decoding=\"async\" class=\"wp-image-2455 size-medium\" src=\"http:\/\/lajc.wpengine.com\/wp-content\/uploads\/2015\/01\/370-300x225.jpg\" alt=\"370\" width=\"300\" height=\"225\"><\/a><figcaption id=\"caption-attachment-2455\" class=\"wp-caption-text\">Foto cortes\u00eda de PHAR<\/figcaption><\/figure>\n<p>Charlottesville, Virginia, 20 de enero de 2015 - Tras m\u00e1s de dos a\u00f1os de en\u00e9rgica campa\u00f1a por parte de residentes y defensores, el 14 de enero la Autoridad de Reurbanizaci\u00f3n y Vivienda de Charlottesville (CRHA) adopt\u00f3 formalmente amplias enmiendas a su pol\u00edtica de desahucios. La pol\u00edtica reci\u00e9n adoptada incluye la mayor\u00eda de los cambios defendidos por la Asociaci\u00f3n de Residentes de Viviendas P\u00fablicas (PHAR) y el Centro de Justicia de Asistencia Jur\u00eddica (LAJC). Muchos de estos cambios ya hab\u00edan sido adoptados informalmente por la CRHA en el transcurso de la campa\u00f1a y dieron lugar a una disminuci\u00f3n del 91% de los desahucios de 2011 a 2014. Las pol\u00edticas, que aclaran las responsabilidades de los residentes y les ofrecen v\u00edas para volver a la normalidad tras periodos de dificultades econ\u00f3micas, tambi\u00e9n han dado lugar a un aumento del cobro de alquileres por parte de la CRHA.   <\/p>\n<p>La nueva pol\u00edtica aclara, entre otras cosas, que a los residentes se les ofrecer\u00e1n reuniones individuales con el personal de la autoridad de vivienda antes de emprender acciones judiciales; se ofrecer\u00e1n planes de reembolso a todos los residentes que se retrasen en el pago del alquiler, pero que por lo dem\u00e1s cumplan el contrato; los avisos de rescisi\u00f3n del contrato contendr\u00e1n una explicaci\u00f3n clara de c\u00f3mo remediar la infracci\u00f3n; y s\u00f3lo podr\u00e1 dictarse una citaci\u00f3n judicial cuando la cantidad adeudada supere los 50 $. En conjunto, la nueva pol\u00edtica hace del desahucio un \u00faltimo recurso. <\/p>\n<p>Esta exitosa campa\u00f1a comenz\u00f3 el 11 de septiembre de 2012, cuando la Sra. Seay, anciana y residente de larga duraci\u00f3n, fue desahuciada de su apartamento de CRHA en South First Street, lo que desencaden\u00f3 una protesta de la comunidad. PHAR y LAJC se dieron cuenta de que era necesario un enfoque sist\u00e9mico: una nueva pol\u00edtica de desahucio vinculante. <\/p>\n<p>A lo largo de 2013 y 2014, PHAR organiz\u00f3 a los miembros de la comunidad para que se manifestaran en las reuniones de CRHA y otros foros p\u00fablicos a favor de cambios en la pol\u00edtica de desahucios de CRHA. A petici\u00f3n de PHAR, CRHA suspendi\u00f3 los desalojos de septiembre a noviembre de 2012, reconociendo que su pol\u00edtica de desalojos deb\u00eda revisarse. En enero de 2013, la CRHA modific\u00f3 exhaustivamente su Pol\u00edtica de Admisi\u00f3n y Ocupaci\u00f3n Continuada, pero no revis\u00f3 la pol\u00edtica de desahucios. Frustradas, m\u00e1s de 100 personas se manifestaron en protesta por los recientes desalojos y en apoyo de la dignidad de los residentes de viviendas p\u00fablicas.   <\/p>\n<p>A lo largo de 2013, PHAR sigui\u00f3 reuni\u00e9ndose con los Comisarios, presionando para que se redactara una nueva pol\u00edtica y concienciando sobre los cambios necesarios que a\u00fan no se hab\u00edan realizado. A medida que el a\u00f1o llegaba a su fin y CRHA no ofrec\u00eda cambios en la pol\u00edtica, PHAR y LAJC trabajaron juntos para redactar su propia versi\u00f3n de una nueva pol\u00edtica de desahucios. A lo largo de la primavera y el verano de 2014, PHAR y LAJC se reunieron con los Comisarios de CRHA para debatir su propuesta de pol\u00edtica. Tras meses de reuniones, di\u00e1logo p\u00fablico sobre el tema y continuas reivindicaciones, en oto\u00f1o el personal de la CRHA celebr\u00f3 una serie de reuniones muy productivas con los representantes de PHAR y LAJC. El 14 de enero de 2015, la CRHA adopt\u00f3 casi todos los cambios propuestos por PHAR y LAJC a la pol\u00edtica de desahucios de la autoridad de vivienda.    <\/p>\n<p>Durante los dos \u00faltimos a\u00f1os, la campa\u00f1a sostenida de PHAR consigui\u00f3 no s\u00f3lo cambiar la pol\u00edtica de desahucios de CRHA, sino tambi\u00e9n hacer del desahucio un \u00faltimo recurso en nuestra comunidad. PHAR, LAJC y la comunidad de viviendas p\u00fablicas de Charlottesville en general est\u00e1n satisfechos con los cambios que hemos podido lograr en colaboraci\u00f3n con CRHA. Permaneceremos vigilantes para garantizar que se respeten las pol\u00edticas que redujeron dr\u00e1sticamente los desahucios y que ahora est\u00e1n formalizadas en la pol\u00edtica de desahucios de CRHA.  <\/p>\n<p>####<\/p>\n<p><em>La Asociaci\u00f3n de Residentes de Viviendas P\u00fablicas (PHAR) se fund\u00f3 en 1998 y se ha convertido en una de las organizaciones de residentes m\u00e1s s\u00f3lidas y conocidas del pa\u00eds. PHAR es el \u00abconsejo asesor de residentes (RAB)\u00bb reconocido para las viviendas p\u00fablicas de Charlottesville. PHAR est\u00e1 formada \u00edntegramente por y para personas que viven en viviendas sociales. Defendemos y organizamos en nuestra comunidad cambios sist\u00e9micos y ayudamos a los residentes a mejorar su calidad de vida.   <\/em><\/p>\n<p><em>El Centro de Ayuda Jur\u00eddica y Justicia (LAJC) ofrece representaci\u00f3n legal a personas con bajos ingresos en Virginia. LAJC es el asesor general de PHAR. <\/em><\/p>\n<p>Contacto:<\/p>\n<p>Brandon Collins, PHAR, 434-249-3312<\/p>\n<p>Wyatt Rolla, LAJC, 434-529-1841<\/p><\/div>\n","protected":false},"excerpt":{"rendered":"<p>&nbsp; En colaboraci\u00f3n con LAJC y PHAR, CRHA adopta cambios en su pol\u00edtica de desahucios Charlottesville, Virginia, 20 de enero de 2015 - Tras m\u00e1s de dos a\u00f1os de en\u00e9rgica campa\u00f1a por parte de residentes y defensores, el 14 de enero la Autoridad de Reurbanizaci\u00f3n y Vivienda de Charlottesville (CRHA) adopt\u00f3 formalmente amplias enmiendas a [&hellip;]<\/p>\n","protected":false},"author":4,"featured_media":0,"parent":0,"menu_order":0,"template":"","format":"standard","meta":{"footnotes":""},"lajc-tax-news-type":[],"lajc-tax-roles":[],"lajc-tax-issues":[],"lajc-tax-locations":[],"class_list":["post-19816","lajc_news","type-lajc_news","status-publish","format-standard","hentry"],"acf":[],"yoast_head":"<!-- This site is optimized with the Yoast SEO plugin v27.5 - https:\/\/yoast.com\/product\/yoast-seo-wordpress\/ -->\n<title>Hacer del desahucio un \u00faltimo recurso - Legal Aid Justice Center<\/title>\n<meta name=\"robots\" content=\"index, follow, max-snippet:-1, max-image-preview:large, max-video-preview:-1\" \/>\n<link rel=\"canonical\" href=\"https:\/\/www.justice4all.org\/es\/news\/hacer-del-desahucio-un-ultimo-recurso\/\" \/>\n<meta property=\"og:locale\" content=\"es_ES\" \/>\n<meta property=\"og:type\" content=\"article\" \/>\n<meta property=\"og:title\" content=\"Hacer del desahucio un \u00faltimo recurso - Legal Aid Justice Center\" \/>\n<meta property=\"og:description\" content=\"&nbsp; En colaboraci\u00f3n con LAJC y PHAR, CRHA adopta cambios en su pol\u00edtica de desahucios Charlottesville, Virginia, 20 de enero de 2015 - Tras m\u00e1s de dos a\u00f1os de en\u00e9rgica campa\u00f1a por parte de residentes y defensores, el 14 de enero la Autoridad de Reurbanizaci\u00f3n y Vivienda de Charlottesville (CRHA) adopt\u00f3 formalmente amplias enmiendas a [&hellip;]\" \/>\n<meta property=\"og:url\" content=\"https:\/\/www.justice4all.org\/es\/news\/hacer-del-desahucio-un-ultimo-recurso\/\" \/>\n<meta property=\"og:site_name\" content=\"Legal Aid Justice Center\" \/>\n<meta property=\"og:image\" content=\"http:\/\/lajc.wpengine.com\/wp-content\/uploads\/2015\/01\/370-300x225.jpg\" \/>\n<meta name=\"twitter:card\" content=\"summary_large_image\" \/>\n<meta name=\"twitter:label1\" content=\"Tiempo de lectura\" \/>\n\t<meta name=\"twitter:data1\" content=\"4 minuto\" \/>\n<script type=\"application\/ld+json\" class=\"yoast-schema-graph\">{\"@context\":\"https:\\\/\\\/schema.org\",\"@graph\":[{\"@type\":\"WebPage\",\"@id\":\"https:\\\/\\\/www.justice4all.org\\\/es\\\/news\\\/hacer-del-desahucio-un-ultimo-recurso\\\/\",\"url\":\"https:\\\/\\\/www.justice4all.org\\\/es\\\/news\\\/hacer-del-desahucio-un-ultimo-recurso\\\/\",\"name\":\"Hacer del desahucio un \u00faltimo recurso - Legal Aid Justice Center\",\"isPartOf\":{\"@id\":\"https:\\\/\\\/www.justice4all.org\\\/es\\\/#website\"},\"primaryImageOfPage\":{\"@id\":\"https:\\\/\\\/www.justice4all.org\\\/es\\\/news\\\/hacer-del-desahucio-un-ultimo-recurso\\\/#primaryimage\"},\"image\":{\"@id\":\"https:\\\/\\\/www.justice4all.org\\\/es\\\/news\\\/hacer-del-desahucio-un-ultimo-recurso\\\/#primaryimage\"},\"thumbnailUrl\":\"http:\\\/\\\/lajc.wpengine.com\\\/wp-content\\\/uploads\\\/2015\\\/01\\\/370-300x225.jpg\",\"datePublished\":\"2015-01-20T14:28:18+00:00\",\"breadcrumb\":{\"@id\":\"https:\\\/\\\/www.justice4all.org\\\/es\\\/news\\\/hacer-del-desahucio-un-ultimo-recurso\\\/#breadcrumb\"},\"inLanguage\":\"es\",\"potentialAction\":[{\"@type\":\"ReadAction\",\"target\":[\"https:\\\/\\\/www.justice4all.org\\\/es\\\/news\\\/hacer-del-desahucio-un-ultimo-recurso\\\/\"]}]},{\"@type\":\"ImageObject\",\"inLanguage\":\"es\",\"@id\":\"https:\\\/\\\/www.justice4all.org\\\/es\\\/news\\\/hacer-del-desahucio-un-ultimo-recurso\\\/#primaryimage\",\"url\":\"http:\\\/\\\/lajc.wpengine.com\\\/wp-content\\\/uploads\\\/2015\\\/01\\\/370-300x225.jpg\",\"contentUrl\":\"http:\\\/\\\/lajc.wpengine.com\\\/wp-content\\\/uploads\\\/2015\\\/01\\\/370-300x225.jpg\"},{\"@type\":\"BreadcrumbList\",\"@id\":\"https:\\\/\\\/www.justice4all.org\\\/es\\\/news\\\/hacer-del-desahucio-un-ultimo-recurso\\\/#breadcrumb\",\"itemListElement\":[{\"@type\":\"ListItem\",\"position\":1,\"name\":\"Home\",\"item\":\"https:\\\/\\\/www.justice4all.org\\\/es\\\/\"},{\"@type\":\"ListItem\",\"position\":2,\"name\":\"Hacer del desahucio un \u00faltimo recurso\"}]},{\"@type\":\"WebSite\",\"@id\":\"https:\\\/\\\/www.justice4all.org\\\/es\\\/#website\",\"url\":\"https:\\\/\\\/www.justice4all.org\\\/es\\\/\",\"name\":\"Legal Aid Justice Center\",\"description\":\"\",\"potentialAction\":[{\"@type\":\"SearchAction\",\"target\":{\"@type\":\"EntryPoint\",\"urlTemplate\":\"https:\\\/\\\/www.justice4all.org\\\/es\\\/?s={search_term_string}\"},\"query-input\":{\"@type\":\"PropertyValueSpecification\",\"valueRequired\":true,\"valueName\":\"search_term_string\"}}],\"inLanguage\":\"es\"}]}<\/script>\n<!-- \/ Yoast SEO plugin. -->","yoast_head_json":{"title":"Hacer del desahucio un \u00faltimo recurso - Legal Aid Justice Center","robots":{"index":"index","follow":"follow","max-snippet":"max-snippet:-1","max-image-preview":"max-image-preview:large","max-video-preview":"max-video-preview:-1"},"canonical":"https:\/\/www.justice4all.org\/es\/news\/hacer-del-desahucio-un-ultimo-recurso\/","og_locale":"es_ES","og_type":"article","og_title":"Hacer del desahucio un \u00faltimo recurso - Legal Aid Justice Center","og_description":"&nbsp; En colaboraci\u00f3n con LAJC y PHAR, CRHA adopta cambios en su pol\u00edtica de desahucios Charlottesville, Virginia, 20 de enero de 2015 - Tras m\u00e1s de dos a\u00f1os de en\u00e9rgica campa\u00f1a por parte de residentes y defensores, el 14 de enero la Autoridad de Reurbanizaci\u00f3n y Vivienda de Charlottesville (CRHA) adopt\u00f3 formalmente amplias enmiendas a [&hellip;]","og_url":"https:\/\/www.justice4all.org\/es\/news\/hacer-del-desahucio-un-ultimo-recurso\/","og_site_name":"Legal Aid Justice Center","og_image":[{"url":"http:\/\/lajc.wpengine.com\/wp-content\/uploads\/2015\/01\/370-300x225.jpg","type":"","width":"","height":""}],"twitter_card":"summary_large_image","twitter_misc":{"Tiempo de lectura":"4 minuto"},"schema":{"@context":"https:\/\/schema.org","@graph":[{"@type":"WebPage","@id":"https:\/\/www.justice4all.org\/es\/news\/hacer-del-desahucio-un-ultimo-recurso\/","url":"https:\/\/www.justice4all.org\/es\/news\/hacer-del-desahucio-un-ultimo-recurso\/","name":"Hacer del desahucio un \u00faltimo recurso - Legal Aid Justice Center","isPartOf":{"@id":"https:\/\/www.justice4all.org\/es\/#website"},"primaryImageOfPage":{"@id":"https:\/\/www.justice4all.org\/es\/news\/hacer-del-desahucio-un-ultimo-recurso\/#primaryimage"},"image":{"@id":"https:\/\/www.justice4all.org\/es\/news\/hacer-del-desahucio-un-ultimo-recurso\/#primaryimage"},"thumbnailUrl":"http:\/\/lajc.wpengine.com\/wp-content\/uploads\/2015\/01\/370-300x225.jpg","datePublished":"2015-01-20T14:28:18+00:00","breadcrumb":{"@id":"https:\/\/www.justice4all.org\/es\/news\/hacer-del-desahucio-un-ultimo-recurso\/#breadcrumb"},"inLanguage":"es","potentialAction":[{"@type":"ReadAction","target":["https:\/\/www.justice4all.org\/es\/news\/hacer-del-desahucio-un-ultimo-recurso\/"]}]},{"@type":"ImageObject","inLanguage":"es","@id":"https:\/\/www.justice4all.org\/es\/news\/hacer-del-desahucio-un-ultimo-recurso\/#primaryimage","url":"http:\/\/lajc.wpengine.com\/wp-content\/uploads\/2015\/01\/370-300x225.jpg","contentUrl":"http:\/\/lajc.wpengine.com\/wp-content\/uploads\/2015\/01\/370-300x225.jpg"},{"@type":"BreadcrumbList","@id":"https:\/\/www.justice4all.org\/es\/news\/hacer-del-desahucio-un-ultimo-recurso\/#breadcrumb","itemListElement":[{"@type":"ListItem","position":1,"name":"Home","item":"https:\/\/www.justice4all.org\/es\/"},{"@type":"ListItem","position":2,"name":"Hacer del desahucio un \u00faltimo recurso"}]},{"@type":"WebSite","@id":"https:\/\/www.justice4all.org\/es\/#website","url":"https:\/\/www.justice4all.org\/es\/","name":"Legal Aid Justice Center","description":"","potentialAction":[{"@type":"SearchAction","target":{"@type":"EntryPoint","urlTemplate":"https:\/\/www.justice4all.org\/es\/?s={search_term_string}"},"query-input":{"@type":"PropertyValueSpecification","valueRequired":true,"valueName":"search_term_string"}}],"inLanguage":"es"}]}},"_links":{"self":[{"href":"https:\/\/www.justice4all.org\/es\/wp-json\/wp\/v2\/lajc_news\/19816","targetHints":{"allow":["GET"]}}],"collection":[{"href":"https:\/\/www.justice4all.org\/es\/wp-json\/wp\/v2\/lajc_news"}],"about":[{"href":"https:\/\/www.justice4all.org\/es\/wp-json\/wp\/v2\/types\/lajc_news"}],"author":[{"embeddable":true,"href":"https:\/\/www.justice4all.org\/es\/wp-json\/wp\/v2\/users\/4"}],"version-history":[{"count":0,"href":"https:\/\/www.justice4all.org\/es\/wp-json\/wp\/v2\/lajc_news\/19816\/revisions"}],"wp:attachment":[{"href":"https:\/\/www.justice4all.org\/es\/wp-json\/wp\/v2\/media?parent=19816"}],"wp:term":[{"taxonomy":"lajc-tax-news-type","embeddable":true,"href":"https:\/\/www.justice4all.org\/es\/wp-json\/wp\/v2\/lajc-tax-news-type?post=19816"},{"taxonomy":"lajc-tax-roles","embeddable":true,"href":"https:\/\/www.justice4all.org\/es\/wp-json\/wp\/v2\/lajc-tax-roles?post=19816"},{"taxonomy":"lajc-tax-issues","embeddable":true,"href":"https:\/\/www.justice4all.org\/es\/wp-json\/wp\/v2\/lajc-tax-issues?post=19816"},{"taxonomy":"lajc-tax-locations","embeddable":true,"href":"https:\/\/www.justice4all.org\/es\/wp-json\/wp\/v2\/lajc-tax-locations?post=19816"}],"curies":[{"name":"wp","href":"https:\/\/api.w.org\/{rel}","templated":true}]}}