{"id":19815,"date":"2015-07-02T12:08:58","date_gmt":"2015-07-02T12:08:58","guid":{"rendered":"https:\/\/www.justice4all.org\/news\/eeuu-resuelve-una-demanda-por-deportacion-ilegal\/"},"modified":"2015-07-02T12:08:58","modified_gmt":"2015-07-02T12:08:58","slug":"eeuu-resuelve-una-demanda-por-deportacion-ilegal","status":"publish","type":"lajc_news","link":"https:\/\/www.justice4all.org\/es\/news\/eeuu-resuelve-una-demanda-por-deportacion-ilegal\/","title":{"rendered":"EEUU resuelve una demanda por deportaci\u00f3n ilegal"},"content":{"rendered":"<div class=\"lajc-m-content\">&nbsp;<\/p>\n<p><strong>Estados Unidos acepta resolver una demanda por deportaci\u00f3n indebida<\/strong><\/p>\n<p><strong>Washington D.C.  <\/strong>- Tras m\u00e1s de dos a\u00f1os de litigio, el gobierno de EE.UU. ha aceptado llegar a un acuerdo sobre un  <a href=\"http:\/\/wfc2.wiredforchange.com\/dia\/track.jsp?v=2&amp;c=hgue73X6YPEWSti5ijqXYt7p5OKW6SAC\" target=\"_blank\" rel=\"noopener\">demanda<\/a>  presentada por Leonel Ruiz en nombre de su hija menor de edad, E.R. En la demanda se alegaba que, en 2011, el Servicio de Aduanas y Protecci\u00f3n de Fronteras de Estados Unidos (CBP), dependiente del Departamento de Seguridad Nacional (DHS), detuvo ilegalmente a la hija del Sr. Ruiz, que entonces ten\u00eda 4 a\u00f1os y era ciudadana estadounidense, cuando lleg\u00f3 al aeropuerto de Dulles, en Virginia, la priv\u00f3 de todo contacto con sus padres y la envi\u00f3 de vuelta a Guatemala en lugar de permitirle reunirse con sus padres, que esperaban su llegada a Nueva York.<\/p>\n<p>Seg\u00fan la denuncia, durante las veinte horas que E.R. estuvo detenida bajo custodia de la CBP con su abuelo, no le dieron nada de comer, salvo una galleta y un refresco, y ning\u00fan lugar donde dormir la siesta, salvo el fr\u00edo suelo. Finalmente pudo regresar a casa en Estados Unidos casi tres semanas despu\u00e9s, pero s\u00f3lo despu\u00e9s de que su padre contratara a un abogado local para que volara a Guatemala a recogerla. <\/p>\n<p>&#8230;<\/p>\n<p>\u00abCon un n\u00famero cada vez mayor de hijos nacidos en EE.UU. de familias con estatus mixto, esto seguir\u00e1 siendo un problema a menos que la CBP forme formalmente a sus agentes sobre c\u00f3mo tratar mejor las cuestiones relacionadas con los hijos de ciudadanos estadounidenses retornados\u00bb, dijo Simon Sandoval-Moshenberg, director del Proyecto de Defensa de los Inmigrantes del Centro de Justicia de Ayuda Legal, que tambi\u00e9n proporcion\u00f3 representaci\u00f3n pro bono a E.R. \u00abEl papel de la CBP es facilitar las entradas legales en EE.UU., no levantar barreras y bloqueos\u00bb.<\/p>\n<p><a href=\"http:\/\/www.americanimmigrationcouncil.org\/newsroom\/release\/united-states-agrees-settle-lawsuit-alleging-wrongful-deportation\" target=\"_blank\" rel=\"noopener\">Comunicado completo<\/a> (Consejo Americano de Inmigraci\u00f3n)<\/p>\n<p><strong>Cobertura medi\u00e1tica<\/strong><\/p>\n<div id=\"stcpDiv\"><a href=\"http:\/\/immigrationimpact.com\/2015\/07\/02\/u-s-settles-with-4-year-old-u-s-citizen-they-wrongfully-deported\/\" target=\"_blank\" rel=\"noopener\">EE.UU. llega a un acuerdo con un ciudadano estadounidense de 4 a\u00f1os al que deport\u00f3 injustamente<\/a> (Impacto Inmigraci\u00f3n, 7\/2\/15)<\/div>\n<\/div>\n","protected":false},"excerpt":{"rendered":"<p>&nbsp; Estados Unidos acepta resolver una demanda por deportaci\u00f3n indebida Washington D.C. - Tras m\u00e1s de dos a\u00f1os de litigio, el gobierno de EE.UU. ha aceptado llegar a un acuerdo sobre un demanda presentada por Leonel Ruiz en nombre de su hija menor de edad, E.R. En la demanda se alegaba que, en 2011, el [&hellip;]<\/p>\n","protected":false},"author":4,"featured_media":0,"parent":0,"menu_order":0,"template":"","format":"standard","meta":{"footnotes":""},"lajc-tax-news-type":[],"lajc-tax-roles":[],"lajc-tax-issues":[],"lajc-tax-locations":[],"class_list":["post-19815","lajc_news","type-lajc_news","status-publish","format-standard","hentry"],"acf":[],"yoast_head":"<!-- This site is optimized with the Yoast SEO plugin v27.5 - https:\/\/yoast.com\/product\/yoast-seo-wordpress\/ -->\n<title>EEUU resuelve una demanda por deportaci\u00f3n ilegal - Legal Aid Justice Center<\/title>\n<meta name=\"robots\" content=\"index, follow, max-snippet:-1, max-image-preview:large, max-video-preview:-1\" \/>\n<link rel=\"canonical\" href=\"https:\/\/www.justice4all.org\/es\/news\/eeuu-resuelve-una-demanda-por-deportacion-ilegal\/\" \/>\n<meta property=\"og:locale\" content=\"es_ES\" \/>\n<meta property=\"og:type\" content=\"article\" \/>\n<meta property=\"og:title\" content=\"EEUU resuelve una demanda por deportaci\u00f3n ilegal - Legal Aid Justice Center\" \/>\n<meta property=\"og:description\" content=\"&nbsp; Estados Unidos acepta resolver una demanda por deportaci\u00f3n indebida Washington D.C. - Tras m\u00e1s de dos a\u00f1os de litigio, el gobierno de EE.UU. ha aceptado llegar a un acuerdo sobre un demanda presentada por Leonel Ruiz en nombre de su hija menor de edad, E.R. En la demanda se alegaba que, en 2011, el [&hellip;]\" \/>\n<meta property=\"og:url\" content=\"https:\/\/www.justice4all.org\/es\/news\/eeuu-resuelve-una-demanda-por-deportacion-ilegal\/\" \/>\n<meta property=\"og:site_name\" content=\"Legal Aid Justice Center\" \/>\n<meta name=\"twitter:card\" content=\"summary_large_image\" \/>\n<meta name=\"twitter:label1\" content=\"Tiempo de lectura\" \/>\n\t<meta name=\"twitter:data1\" content=\"2 minuto\" \/>\n<script type=\"application\/ld+json\" class=\"yoast-schema-graph\">{\"@context\":\"https:\\\/\\\/schema.org\",\"@graph\":[{\"@type\":\"WebPage\",\"@id\":\"https:\\\/\\\/www.justice4all.org\\\/es\\\/news\\\/eeuu-resuelve-una-demanda-por-deportacion-ilegal\\\/\",\"url\":\"https:\\\/\\\/www.justice4all.org\\\/es\\\/news\\\/eeuu-resuelve-una-demanda-por-deportacion-ilegal\\\/\",\"name\":\"EEUU resuelve una demanda por deportaci\u00f3n ilegal - Legal Aid Justice Center\",\"isPartOf\":{\"@id\":\"https:\\\/\\\/www.justice4all.org\\\/es\\\/#website\"},\"datePublished\":\"2015-07-02T12:08:58+00:00\",\"breadcrumb\":{\"@id\":\"https:\\\/\\\/www.justice4all.org\\\/es\\\/news\\\/eeuu-resuelve-una-demanda-por-deportacion-ilegal\\\/#breadcrumb\"},\"inLanguage\":\"es\",\"potentialAction\":[{\"@type\":\"ReadAction\",\"target\":[\"https:\\\/\\\/www.justice4all.org\\\/es\\\/news\\\/eeuu-resuelve-una-demanda-por-deportacion-ilegal\\\/\"]}]},{\"@type\":\"BreadcrumbList\",\"@id\":\"https:\\\/\\\/www.justice4all.org\\\/es\\\/news\\\/eeuu-resuelve-una-demanda-por-deportacion-ilegal\\\/#breadcrumb\",\"itemListElement\":[{\"@type\":\"ListItem\",\"position\":1,\"name\":\"Home\",\"item\":\"https:\\\/\\\/www.justice4all.org\\\/es\\\/\"},{\"@type\":\"ListItem\",\"position\":2,\"name\":\"EEUU resuelve una demanda por deportaci\u00f3n ilegal\"}]},{\"@type\":\"WebSite\",\"@id\":\"https:\\\/\\\/www.justice4all.org\\\/es\\\/#website\",\"url\":\"https:\\\/\\\/www.justice4all.org\\\/es\\\/\",\"name\":\"Legal Aid Justice Center\",\"description\":\"\",\"potentialAction\":[{\"@type\":\"SearchAction\",\"target\":{\"@type\":\"EntryPoint\",\"urlTemplate\":\"https:\\\/\\\/www.justice4all.org\\\/es\\\/?s={search_term_string}\"},\"query-input\":{\"@type\":\"PropertyValueSpecification\",\"valueRequired\":true,\"valueName\":\"search_term_string\"}}],\"inLanguage\":\"es\"}]}<\/script>\n<!-- \/ Yoast SEO plugin. -->","yoast_head_json":{"title":"EEUU resuelve una demanda por deportaci\u00f3n ilegal - Legal Aid Justice Center","robots":{"index":"index","follow":"follow","max-snippet":"max-snippet:-1","max-image-preview":"max-image-preview:large","max-video-preview":"max-video-preview:-1"},"canonical":"https:\/\/www.justice4all.org\/es\/news\/eeuu-resuelve-una-demanda-por-deportacion-ilegal\/","og_locale":"es_ES","og_type":"article","og_title":"EEUU resuelve una demanda por deportaci\u00f3n ilegal - Legal Aid Justice Center","og_description":"&nbsp; Estados Unidos acepta resolver una demanda por deportaci\u00f3n indebida Washington D.C. - Tras m\u00e1s de dos a\u00f1os de litigio, el gobierno de EE.UU. ha aceptado llegar a un acuerdo sobre un demanda presentada por Leonel Ruiz en nombre de su hija menor de edad, E.R. En la demanda se alegaba que, en 2011, el [&hellip;]","og_url":"https:\/\/www.justice4all.org\/es\/news\/eeuu-resuelve-una-demanda-por-deportacion-ilegal\/","og_site_name":"Legal Aid Justice Center","twitter_card":"summary_large_image","twitter_misc":{"Tiempo de lectura":"2 minuto"},"schema":{"@context":"https:\/\/schema.org","@graph":[{"@type":"WebPage","@id":"https:\/\/www.justice4all.org\/es\/news\/eeuu-resuelve-una-demanda-por-deportacion-ilegal\/","url":"https:\/\/www.justice4all.org\/es\/news\/eeuu-resuelve-una-demanda-por-deportacion-ilegal\/","name":"EEUU resuelve una demanda por deportaci\u00f3n ilegal - Legal Aid Justice Center","isPartOf":{"@id":"https:\/\/www.justice4all.org\/es\/#website"},"datePublished":"2015-07-02T12:08:58+00:00","breadcrumb":{"@id":"https:\/\/www.justice4all.org\/es\/news\/eeuu-resuelve-una-demanda-por-deportacion-ilegal\/#breadcrumb"},"inLanguage":"es","potentialAction":[{"@type":"ReadAction","target":["https:\/\/www.justice4all.org\/es\/news\/eeuu-resuelve-una-demanda-por-deportacion-ilegal\/"]}]},{"@type":"BreadcrumbList","@id":"https:\/\/www.justice4all.org\/es\/news\/eeuu-resuelve-una-demanda-por-deportacion-ilegal\/#breadcrumb","itemListElement":[{"@type":"ListItem","position":1,"name":"Home","item":"https:\/\/www.justice4all.org\/es\/"},{"@type":"ListItem","position":2,"name":"EEUU resuelve una demanda por deportaci\u00f3n ilegal"}]},{"@type":"WebSite","@id":"https:\/\/www.justice4all.org\/es\/#website","url":"https:\/\/www.justice4all.org\/es\/","name":"Legal Aid Justice Center","description":"","potentialAction":[{"@type":"SearchAction","target":{"@type":"EntryPoint","urlTemplate":"https:\/\/www.justice4all.org\/es\/?s={search_term_string}"},"query-input":{"@type":"PropertyValueSpecification","valueRequired":true,"valueName":"search_term_string"}}],"inLanguage":"es"}]}},"_links":{"self":[{"href":"https:\/\/www.justice4all.org\/es\/wp-json\/wp\/v2\/lajc_news\/19815","targetHints":{"allow":["GET"]}}],"collection":[{"href":"https:\/\/www.justice4all.org\/es\/wp-json\/wp\/v2\/lajc_news"}],"about":[{"href":"https:\/\/www.justice4all.org\/es\/wp-json\/wp\/v2\/types\/lajc_news"}],"author":[{"embeddable":true,"href":"https:\/\/www.justice4all.org\/es\/wp-json\/wp\/v2\/users\/4"}],"version-history":[{"count":0,"href":"https:\/\/www.justice4all.org\/es\/wp-json\/wp\/v2\/lajc_news\/19815\/revisions"}],"wp:attachment":[{"href":"https:\/\/www.justice4all.org\/es\/wp-json\/wp\/v2\/media?parent=19815"}],"wp:term":[{"taxonomy":"lajc-tax-news-type","embeddable":true,"href":"https:\/\/www.justice4all.org\/es\/wp-json\/wp\/v2\/lajc-tax-news-type?post=19815"},{"taxonomy":"lajc-tax-roles","embeddable":true,"href":"https:\/\/www.justice4all.org\/es\/wp-json\/wp\/v2\/lajc-tax-roles?post=19815"},{"taxonomy":"lajc-tax-issues","embeddable":true,"href":"https:\/\/www.justice4all.org\/es\/wp-json\/wp\/v2\/lajc-tax-issues?post=19815"},{"taxonomy":"lajc-tax-locations","embeddable":true,"href":"https:\/\/www.justice4all.org\/es\/wp-json\/wp\/v2\/lajc-tax-locations?post=19815"}],"curies":[{"name":"wp","href":"https:\/\/api.w.org\/{rel}","templated":true}]}}