{"id":19813,"date":"2015-02-16T18:55:04","date_gmt":"2015-02-16T18:55:04","guid":{"rendered":"https:\/\/www.justice4all.org\/news\/victoria-del-proyecto-de-ley-para-limitar-la-restriccion-y-la-reclusion\/"},"modified":"2015-02-16T18:55:04","modified_gmt":"2015-02-16T18:55:04","slug":"victoria-del-proyecto-de-ley-para-limitar-la-restriccion-y-la-reclusion","status":"publish","type":"lajc_news","link":"https:\/\/www.justice4all.org\/es\/news\/victoria-del-proyecto-de-ley-para-limitar-la-restriccion-y-la-reclusion\/","title":{"rendered":"\u00a1Victoria del proyecto de ley para limitar la restricci\u00f3n y la reclusi\u00f3n!"},"content":{"rendered":"<div class=\"lajc-m-content\">El Centro de Ayuda Jur\u00eddica y Justicia form\u00f3 parte de una coalici\u00f3n de 40 grupos de todo el estado que representaban a padres, ni\u00f1os, estudiantes, defensores de las personas con discapacidad, defensores de la prevenci\u00f3n del maltrato infantil y abogados, y aplaude a la Asamblea General de Virginia por aprobar una legislaci\u00f3n que limitar\u00e1 el uso nocivo de la reclusi\u00f3n y la contenci\u00f3n f\u00edsica en las escuelas a las situaciones de emergencia. La Coalici\u00f3n para la Mejora de la Seguridad Escolar abog\u00f3 en apoyo de las leyes H.B. 1443 y S.B. 782, que fueron aprobadas con el apoyo abrumador de ambas c\u00e1maras y se espera que lleguen pronto a la mesa del gobernador Terry McAuliffe. <\/p>\n<p>\u00abEstamos orgullosos de habernos unido a nuestros socios para apoyar esta legislaci\u00f3n, que proporcionar\u00e1 protecciones significativas a los estudiantes de Virginia y dar\u00e1 al personal escolar las herramientas que necesitan para prevenir y abordar los comportamientos desafiantes\u00bb, dijo Angela A. Ciolfi, directora jur\u00eddica del Programa JustChildren del Centro de Justicia de Ayuda Legal de Virginia. \u00abLa restricci\u00f3n f\u00edsica y el aislamiento nunca deben ser una forma predeterminada de disciplina escolar\u00bb. <\/p>\n<h1>Recursos<\/h1>\n<h1><\/h1>\n<p><a href=\"http:\/\/lajc.wpengine.com\/wp-content\/uploads\/2015\/02\/Advocates-Laud-Passage-of-Bill-to-Limit-Restraint-Seclusion-of-Students.pdf\">Comunicado de prensa<\/a> (PDF)<\/p>\n<h1>Cobertura medi\u00e1tica<\/h1>\n<p>&nbsp;<\/p>\n<p><a href=\"http:\/\/www.roanoke.com\/ap\/state\/stories-of-trauma-in-va-prompt-crackdown-on-seclusion-rooms\/image_03e3f0d2-7724-54a4-a2e5-0f5022daf8b9.html?mode=nogs\">The Roanoke Times, \u00abHistorias de trauma en Virginia provocan medidas en\u00e9rgicas contra las salas de aislamiento\u00bb<\/a><\/div>\n","protected":false},"excerpt":{"rendered":"<p>El Centro de Ayuda Jur\u00eddica y Justicia form\u00f3 parte de una coalici\u00f3n de 40 grupos de todo el estado que representaban a padres, ni\u00f1os, estudiantes, defensores de las personas con discapacidad, defensores de la prevenci\u00f3n del maltrato infantil y abogados, y aplaude a la Asamblea General de Virginia por aprobar una legislaci\u00f3n que limitar\u00e1 el [&hellip;]<\/p>\n","protected":false},"author":5,"featured_media":0,"parent":0,"menu_order":0,"template":"","format":"standard","meta":{"footnotes":""},"lajc-tax-news-type":[],"lajc-tax-roles":[],"lajc-tax-issues":[],"lajc-tax-locations":[],"class_list":["post-19813","lajc_news","type-lajc_news","status-publish","format-standard","hentry"],"acf":[],"yoast_head":"<!-- This site is optimized with the Yoast SEO plugin v27.5 - https:\/\/yoast.com\/product\/yoast-seo-wordpress\/ -->\n<title>\u00a1Victoria del proyecto de ley para limitar la restricci\u00f3n y la reclusi\u00f3n! - Legal Aid Justice Center<\/title>\n<meta name=\"robots\" content=\"index, follow, max-snippet:-1, max-image-preview:large, max-video-preview:-1\" \/>\n<link rel=\"canonical\" href=\"https:\/\/www.justice4all.org\/es\/news\/victoria-del-proyecto-de-ley-para-limitar-la-restriccion-y-la-reclusion\/\" \/>\n<meta property=\"og:locale\" content=\"es_ES\" \/>\n<meta property=\"og:type\" content=\"article\" \/>\n<meta property=\"og:title\" content=\"\u00a1Victoria del proyecto de ley para limitar la restricci\u00f3n y la reclusi\u00f3n! - Legal Aid Justice Center\" \/>\n<meta property=\"og:description\" content=\"El Centro de Ayuda Jur\u00eddica y Justicia form\u00f3 parte de una coalici\u00f3n de 40 grupos de todo el estado que representaban a padres, ni\u00f1os, estudiantes, defensores de las personas con discapacidad, defensores de la prevenci\u00f3n del maltrato infantil y abogados, y aplaude a la Asamblea General de Virginia por aprobar una legislaci\u00f3n que limitar\u00e1 el [&hellip;]\" \/>\n<meta property=\"og:url\" content=\"https:\/\/www.justice4all.org\/es\/news\/victoria-del-proyecto-de-ley-para-limitar-la-restriccion-y-la-reclusion\/\" \/>\n<meta property=\"og:site_name\" content=\"Legal Aid Justice Center\" \/>\n<meta name=\"twitter:card\" content=\"summary_large_image\" \/>\n<meta name=\"twitter:label1\" content=\"Tiempo de lectura\" \/>\n\t<meta name=\"twitter:data1\" content=\"1 minuto\" \/>\n<script type=\"application\/ld+json\" class=\"yoast-schema-graph\">{\"@context\":\"https:\\\/\\\/schema.org\",\"@graph\":[{\"@type\":\"WebPage\",\"@id\":\"https:\\\/\\\/www.justice4all.org\\\/es\\\/news\\\/victoria-del-proyecto-de-ley-para-limitar-la-restriccion-y-la-reclusion\\\/\",\"url\":\"https:\\\/\\\/www.justice4all.org\\\/es\\\/news\\\/victoria-del-proyecto-de-ley-para-limitar-la-restriccion-y-la-reclusion\\\/\",\"name\":\"\u00a1Victoria del proyecto de ley para limitar la restricci\u00f3n y la reclusi\u00f3n! - Legal Aid Justice Center\",\"isPartOf\":{\"@id\":\"https:\\\/\\\/www.justice4all.org\\\/es\\\/#website\"},\"datePublished\":\"2015-02-16T18:55:04+00:00\",\"breadcrumb\":{\"@id\":\"https:\\\/\\\/www.justice4all.org\\\/es\\\/news\\\/victoria-del-proyecto-de-ley-para-limitar-la-restriccion-y-la-reclusion\\\/#breadcrumb\"},\"inLanguage\":\"es\",\"potentialAction\":[{\"@type\":\"ReadAction\",\"target\":[\"https:\\\/\\\/www.justice4all.org\\\/es\\\/news\\\/victoria-del-proyecto-de-ley-para-limitar-la-restriccion-y-la-reclusion\\\/\"]}]},{\"@type\":\"BreadcrumbList\",\"@id\":\"https:\\\/\\\/www.justice4all.org\\\/es\\\/news\\\/victoria-del-proyecto-de-ley-para-limitar-la-restriccion-y-la-reclusion\\\/#breadcrumb\",\"itemListElement\":[{\"@type\":\"ListItem\",\"position\":1,\"name\":\"Home\",\"item\":\"https:\\\/\\\/www.justice4all.org\\\/es\\\/\"},{\"@type\":\"ListItem\",\"position\":2,\"name\":\"\u00a1Victoria del proyecto de ley para limitar la restricci\u00f3n y la reclusi\u00f3n!\"}]},{\"@type\":\"WebSite\",\"@id\":\"https:\\\/\\\/www.justice4all.org\\\/es\\\/#website\",\"url\":\"https:\\\/\\\/www.justice4all.org\\\/es\\\/\",\"name\":\"Legal Aid Justice Center\",\"description\":\"\",\"potentialAction\":[{\"@type\":\"SearchAction\",\"target\":{\"@type\":\"EntryPoint\",\"urlTemplate\":\"https:\\\/\\\/www.justice4all.org\\\/es\\\/?s={search_term_string}\"},\"query-input\":{\"@type\":\"PropertyValueSpecification\",\"valueRequired\":true,\"valueName\":\"search_term_string\"}}],\"inLanguage\":\"es\"}]}<\/script>\n<!-- \/ Yoast SEO plugin. -->","yoast_head_json":{"title":"\u00a1Victoria del proyecto de ley para limitar la restricci\u00f3n y la reclusi\u00f3n! - Legal Aid Justice Center","robots":{"index":"index","follow":"follow","max-snippet":"max-snippet:-1","max-image-preview":"max-image-preview:large","max-video-preview":"max-video-preview:-1"},"canonical":"https:\/\/www.justice4all.org\/es\/news\/victoria-del-proyecto-de-ley-para-limitar-la-restriccion-y-la-reclusion\/","og_locale":"es_ES","og_type":"article","og_title":"\u00a1Victoria del proyecto de ley para limitar la restricci\u00f3n y la reclusi\u00f3n! - Legal Aid Justice Center","og_description":"El Centro de Ayuda Jur\u00eddica y Justicia form\u00f3 parte de una coalici\u00f3n de 40 grupos de todo el estado que representaban a padres, ni\u00f1os, estudiantes, defensores de las personas con discapacidad, defensores de la prevenci\u00f3n del maltrato infantil y abogados, y aplaude a la Asamblea General de Virginia por aprobar una legislaci\u00f3n que limitar\u00e1 el [&hellip;]","og_url":"https:\/\/www.justice4all.org\/es\/news\/victoria-del-proyecto-de-ley-para-limitar-la-restriccion-y-la-reclusion\/","og_site_name":"Legal Aid Justice Center","twitter_card":"summary_large_image","twitter_misc":{"Tiempo de lectura":"1 minuto"},"schema":{"@context":"https:\/\/schema.org","@graph":[{"@type":"WebPage","@id":"https:\/\/www.justice4all.org\/es\/news\/victoria-del-proyecto-de-ley-para-limitar-la-restriccion-y-la-reclusion\/","url":"https:\/\/www.justice4all.org\/es\/news\/victoria-del-proyecto-de-ley-para-limitar-la-restriccion-y-la-reclusion\/","name":"\u00a1Victoria del proyecto de ley para limitar la restricci\u00f3n y la reclusi\u00f3n! - Legal Aid Justice Center","isPartOf":{"@id":"https:\/\/www.justice4all.org\/es\/#website"},"datePublished":"2015-02-16T18:55:04+00:00","breadcrumb":{"@id":"https:\/\/www.justice4all.org\/es\/news\/victoria-del-proyecto-de-ley-para-limitar-la-restriccion-y-la-reclusion\/#breadcrumb"},"inLanguage":"es","potentialAction":[{"@type":"ReadAction","target":["https:\/\/www.justice4all.org\/es\/news\/victoria-del-proyecto-de-ley-para-limitar-la-restriccion-y-la-reclusion\/"]}]},{"@type":"BreadcrumbList","@id":"https:\/\/www.justice4all.org\/es\/news\/victoria-del-proyecto-de-ley-para-limitar-la-restriccion-y-la-reclusion\/#breadcrumb","itemListElement":[{"@type":"ListItem","position":1,"name":"Home","item":"https:\/\/www.justice4all.org\/es\/"},{"@type":"ListItem","position":2,"name":"\u00a1Victoria del proyecto de ley para limitar la restricci\u00f3n y la reclusi\u00f3n!"}]},{"@type":"WebSite","@id":"https:\/\/www.justice4all.org\/es\/#website","url":"https:\/\/www.justice4all.org\/es\/","name":"Legal Aid Justice Center","description":"","potentialAction":[{"@type":"SearchAction","target":{"@type":"EntryPoint","urlTemplate":"https:\/\/www.justice4all.org\/es\/?s={search_term_string}"},"query-input":{"@type":"PropertyValueSpecification","valueRequired":true,"valueName":"search_term_string"}}],"inLanguage":"es"}]}},"_links":{"self":[{"href":"https:\/\/www.justice4all.org\/es\/wp-json\/wp\/v2\/lajc_news\/19813","targetHints":{"allow":["GET"]}}],"collection":[{"href":"https:\/\/www.justice4all.org\/es\/wp-json\/wp\/v2\/lajc_news"}],"about":[{"href":"https:\/\/www.justice4all.org\/es\/wp-json\/wp\/v2\/types\/lajc_news"}],"author":[{"embeddable":true,"href":"https:\/\/www.justice4all.org\/es\/wp-json\/wp\/v2\/users\/5"}],"version-history":[{"count":0,"href":"https:\/\/www.justice4all.org\/es\/wp-json\/wp\/v2\/lajc_news\/19813\/revisions"}],"wp:attachment":[{"href":"https:\/\/www.justice4all.org\/es\/wp-json\/wp\/v2\/media?parent=19813"}],"wp:term":[{"taxonomy":"lajc-tax-news-type","embeddable":true,"href":"https:\/\/www.justice4all.org\/es\/wp-json\/wp\/v2\/lajc-tax-news-type?post=19813"},{"taxonomy":"lajc-tax-roles","embeddable":true,"href":"https:\/\/www.justice4all.org\/es\/wp-json\/wp\/v2\/lajc-tax-roles?post=19813"},{"taxonomy":"lajc-tax-issues","embeddable":true,"href":"https:\/\/www.justice4all.org\/es\/wp-json\/wp\/v2\/lajc-tax-issues?post=19813"},{"taxonomy":"lajc-tax-locations","embeddable":true,"href":"https:\/\/www.justice4all.org\/es\/wp-json\/wp\/v2\/lajc-tax-locations?post=19813"}],"curies":[{"name":"wp","href":"https:\/\/api.w.org\/{rel}","templated":true}]}}