{"id":19812,"date":"2015-09-21T15:32:50","date_gmt":"2015-09-21T15:32:50","guid":{"rendered":"https:\/\/www.justice4all.org\/news\/aprobacion-preliminar-en-el-caso-de-la-prision-de-fluvanna\/"},"modified":"2015-09-21T15:32:50","modified_gmt":"2015-09-21T15:32:50","slug":"aprobacion-preliminar-en-el-caso-de-la-prision-de-fluvanna","status":"publish","type":"lajc_news","link":"https:\/\/www.justice4all.org\/es\/news\/aprobacion-preliminar-en-el-caso-de-la-prision-de-fluvanna\/","title":{"rendered":"Aprobaci\u00f3n preliminar en el caso de la prisi\u00f3n de Fluvanna"},"content":{"rendered":"<div class=\"lajc-m-content\"><strong>Charlottesville, VA, 16 de<\/strong>septiembre de 2015-El martes 15 de septiembre se present\u00f3 oficialmente <strong>el<\/strong>acuerdo de conciliaci\u00f3n entre las reclusas del Centro Correccional para Mujeres de Fluvanna (FCCW) y el Departamento Correccional de Virginia (VDOC). El acuerdo propone resolver una demanda colectiva relativa a la atenci\u00f3n m\u00e9dica prestada en la prisi\u00f3n del condado de Fluvanna. El juez federal de distrito Norman Moon concedi\u00f3 la aprobaci\u00f3n preliminar del acuerdo el mi\u00e9rcoles 16 de septiembre. Se enviar\u00e1 una notificaci\u00f3n a las reclusas, y el juez Moon deber\u00e1 revisar y aprobar el acuerdo de conciliaci\u00f3n, teniendo en cuenta cualquier objeci\u00f3n de las reclusas, antes de que sea definitivo.   <\/p>\n<p><a href=\"http:\/\/lajc.wpengine.com\/get-informed\/news\/preliminary-approval-of-fccw-settlement-granted\/\">Puedes encontrar m\u00e1s detalles sobre el acuerdo, incluidos los documentos del acuerdo y otros materiales relacionados con el caso, aqu\u00ed.<\/a><\/div>\n","protected":false},"excerpt":{"rendered":"<p>Charlottesville, VA, 16 deseptiembre de 2015-El martes 15 de septiembre se present\u00f3 oficialmente elacuerdo de conciliaci\u00f3n entre las reclusas del Centro Correccional para Mujeres de Fluvanna (FCCW) y el Departamento Correccional de Virginia (VDOC). El acuerdo propone resolver una demanda colectiva relativa a la atenci\u00f3n m\u00e9dica prestada en la prisi\u00f3n del condado de Fluvanna. El [&hellip;]<\/p>\n","protected":false},"author":4,"featured_media":0,"parent":0,"menu_order":0,"template":"","format":"standard","meta":{"footnotes":""},"lajc-tax-news-type":[],"lajc-tax-roles":[],"lajc-tax-issues":[],"lajc-tax-locations":[],"class_list":["post-19812","lajc_news","type-lajc_news","status-publish","format-standard","hentry"],"acf":[],"yoast_head":"<!-- This site is optimized with the Yoast SEO plugin v27.5 - https:\/\/yoast.com\/product\/yoast-seo-wordpress\/ -->\n<title>Aprobaci\u00f3n preliminar en el caso de la prisi\u00f3n de Fluvanna - Legal Aid Justice Center<\/title>\n<meta name=\"robots\" content=\"index, follow, max-snippet:-1, max-image-preview:large, max-video-preview:-1\" \/>\n<link rel=\"canonical\" href=\"https:\/\/www.justice4all.org\/es\/news\/aprobacion-preliminar-en-el-caso-de-la-prision-de-fluvanna\/\" \/>\n<meta property=\"og:locale\" content=\"es_ES\" \/>\n<meta property=\"og:type\" content=\"article\" \/>\n<meta property=\"og:title\" content=\"Aprobaci\u00f3n preliminar en el caso de la prisi\u00f3n de Fluvanna - Legal Aid Justice Center\" \/>\n<meta property=\"og:description\" content=\"Charlottesville, VA, 16 deseptiembre de 2015-El martes 15 de septiembre se present\u00f3 oficialmente elacuerdo de conciliaci\u00f3n entre las reclusas del Centro Correccional para Mujeres de Fluvanna (FCCW) y el Departamento Correccional de Virginia (VDOC). El acuerdo propone resolver una demanda colectiva relativa a la atenci\u00f3n m\u00e9dica prestada en la prisi\u00f3n del condado de Fluvanna. El [&hellip;]\" \/>\n<meta property=\"og:url\" content=\"https:\/\/www.justice4all.org\/es\/news\/aprobacion-preliminar-en-el-caso-de-la-prision-de-fluvanna\/\" \/>\n<meta property=\"og:site_name\" content=\"Legal Aid Justice Center\" \/>\n<meta name=\"twitter:card\" content=\"summary_large_image\" \/>\n<meta name=\"twitter:label1\" content=\"Tiempo de lectura\" \/>\n\t<meta name=\"twitter:data1\" content=\"1 minuto\" \/>\n<script type=\"application\/ld+json\" class=\"yoast-schema-graph\">{\"@context\":\"https:\\\/\\\/schema.org\",\"@graph\":[{\"@type\":\"WebPage\",\"@id\":\"https:\\\/\\\/www.justice4all.org\\\/es\\\/news\\\/aprobacion-preliminar-en-el-caso-de-la-prision-de-fluvanna\\\/\",\"url\":\"https:\\\/\\\/www.justice4all.org\\\/es\\\/news\\\/aprobacion-preliminar-en-el-caso-de-la-prision-de-fluvanna\\\/\",\"name\":\"Aprobaci\u00f3n preliminar en el caso de la prisi\u00f3n de Fluvanna - Legal Aid Justice Center\",\"isPartOf\":{\"@id\":\"https:\\\/\\\/www.justice4all.org\\\/es\\\/#website\"},\"datePublished\":\"2015-09-21T15:32:50+00:00\",\"breadcrumb\":{\"@id\":\"https:\\\/\\\/www.justice4all.org\\\/es\\\/news\\\/aprobacion-preliminar-en-el-caso-de-la-prision-de-fluvanna\\\/#breadcrumb\"},\"inLanguage\":\"es\",\"potentialAction\":[{\"@type\":\"ReadAction\",\"target\":[\"https:\\\/\\\/www.justice4all.org\\\/es\\\/news\\\/aprobacion-preliminar-en-el-caso-de-la-prision-de-fluvanna\\\/\"]}]},{\"@type\":\"BreadcrumbList\",\"@id\":\"https:\\\/\\\/www.justice4all.org\\\/es\\\/news\\\/aprobacion-preliminar-en-el-caso-de-la-prision-de-fluvanna\\\/#breadcrumb\",\"itemListElement\":[{\"@type\":\"ListItem\",\"position\":1,\"name\":\"Home\",\"item\":\"https:\\\/\\\/www.justice4all.org\\\/es\\\/\"},{\"@type\":\"ListItem\",\"position\":2,\"name\":\"Aprobaci\u00f3n preliminar en el caso de la prisi\u00f3n de Fluvanna\"}]},{\"@type\":\"WebSite\",\"@id\":\"https:\\\/\\\/www.justice4all.org\\\/es\\\/#website\",\"url\":\"https:\\\/\\\/www.justice4all.org\\\/es\\\/\",\"name\":\"Legal Aid Justice Center\",\"description\":\"\",\"potentialAction\":[{\"@type\":\"SearchAction\",\"target\":{\"@type\":\"EntryPoint\",\"urlTemplate\":\"https:\\\/\\\/www.justice4all.org\\\/es\\\/?s={search_term_string}\"},\"query-input\":{\"@type\":\"PropertyValueSpecification\",\"valueRequired\":true,\"valueName\":\"search_term_string\"}}],\"inLanguage\":\"es\"}]}<\/script>\n<!-- \/ Yoast SEO plugin. -->","yoast_head_json":{"title":"Aprobaci\u00f3n preliminar en el caso de la prisi\u00f3n de Fluvanna - Legal Aid Justice Center","robots":{"index":"index","follow":"follow","max-snippet":"max-snippet:-1","max-image-preview":"max-image-preview:large","max-video-preview":"max-video-preview:-1"},"canonical":"https:\/\/www.justice4all.org\/es\/news\/aprobacion-preliminar-en-el-caso-de-la-prision-de-fluvanna\/","og_locale":"es_ES","og_type":"article","og_title":"Aprobaci\u00f3n preliminar en el caso de la prisi\u00f3n de Fluvanna - Legal Aid Justice Center","og_description":"Charlottesville, VA, 16 deseptiembre de 2015-El martes 15 de septiembre se present\u00f3 oficialmente elacuerdo de conciliaci\u00f3n entre las reclusas del Centro Correccional para Mujeres de Fluvanna (FCCW) y el Departamento Correccional de Virginia (VDOC). El acuerdo propone resolver una demanda colectiva relativa a la atenci\u00f3n m\u00e9dica prestada en la prisi\u00f3n del condado de Fluvanna. El [&hellip;]","og_url":"https:\/\/www.justice4all.org\/es\/news\/aprobacion-preliminar-en-el-caso-de-la-prision-de-fluvanna\/","og_site_name":"Legal Aid Justice Center","twitter_card":"summary_large_image","twitter_misc":{"Tiempo de lectura":"1 minuto"},"schema":{"@context":"https:\/\/schema.org","@graph":[{"@type":"WebPage","@id":"https:\/\/www.justice4all.org\/es\/news\/aprobacion-preliminar-en-el-caso-de-la-prision-de-fluvanna\/","url":"https:\/\/www.justice4all.org\/es\/news\/aprobacion-preliminar-en-el-caso-de-la-prision-de-fluvanna\/","name":"Aprobaci\u00f3n preliminar en el caso de la prisi\u00f3n de Fluvanna - Legal Aid Justice Center","isPartOf":{"@id":"https:\/\/www.justice4all.org\/es\/#website"},"datePublished":"2015-09-21T15:32:50+00:00","breadcrumb":{"@id":"https:\/\/www.justice4all.org\/es\/news\/aprobacion-preliminar-en-el-caso-de-la-prision-de-fluvanna\/#breadcrumb"},"inLanguage":"es","potentialAction":[{"@type":"ReadAction","target":["https:\/\/www.justice4all.org\/es\/news\/aprobacion-preliminar-en-el-caso-de-la-prision-de-fluvanna\/"]}]},{"@type":"BreadcrumbList","@id":"https:\/\/www.justice4all.org\/es\/news\/aprobacion-preliminar-en-el-caso-de-la-prision-de-fluvanna\/#breadcrumb","itemListElement":[{"@type":"ListItem","position":1,"name":"Home","item":"https:\/\/www.justice4all.org\/es\/"},{"@type":"ListItem","position":2,"name":"Aprobaci\u00f3n preliminar en el caso de la prisi\u00f3n de Fluvanna"}]},{"@type":"WebSite","@id":"https:\/\/www.justice4all.org\/es\/#website","url":"https:\/\/www.justice4all.org\/es\/","name":"Legal Aid Justice Center","description":"","potentialAction":[{"@type":"SearchAction","target":{"@type":"EntryPoint","urlTemplate":"https:\/\/www.justice4all.org\/es\/?s={search_term_string}"},"query-input":{"@type":"PropertyValueSpecification","valueRequired":true,"valueName":"search_term_string"}}],"inLanguage":"es"}]}},"_links":{"self":[{"href":"https:\/\/www.justice4all.org\/es\/wp-json\/wp\/v2\/lajc_news\/19812","targetHints":{"allow":["GET"]}}],"collection":[{"href":"https:\/\/www.justice4all.org\/es\/wp-json\/wp\/v2\/lajc_news"}],"about":[{"href":"https:\/\/www.justice4all.org\/es\/wp-json\/wp\/v2\/types\/lajc_news"}],"author":[{"embeddable":true,"href":"https:\/\/www.justice4all.org\/es\/wp-json\/wp\/v2\/users\/4"}],"version-history":[{"count":0,"href":"https:\/\/www.justice4all.org\/es\/wp-json\/wp\/v2\/lajc_news\/19812\/revisions"}],"wp:attachment":[{"href":"https:\/\/www.justice4all.org\/es\/wp-json\/wp\/v2\/media?parent=19812"}],"wp:term":[{"taxonomy":"lajc-tax-news-type","embeddable":true,"href":"https:\/\/www.justice4all.org\/es\/wp-json\/wp\/v2\/lajc-tax-news-type?post=19812"},{"taxonomy":"lajc-tax-roles","embeddable":true,"href":"https:\/\/www.justice4all.org\/es\/wp-json\/wp\/v2\/lajc-tax-roles?post=19812"},{"taxonomy":"lajc-tax-issues","embeddable":true,"href":"https:\/\/www.justice4all.org\/es\/wp-json\/wp\/v2\/lajc-tax-issues?post=19812"},{"taxonomy":"lajc-tax-locations","embeddable":true,"href":"https:\/\/www.justice4all.org\/es\/wp-json\/wp\/v2\/lajc-tax-locations?post=19812"}],"curies":[{"name":"wp","href":"https:\/\/api.w.org\/{rel}","templated":true}]}}