{"id":19810,"date":"2015-04-27T13:28:37","date_gmt":"2015-04-27T13:28:37","guid":{"rendered":"https:\/\/www.justice4all.org\/news\/denuncia-por-discriminacion-en-materia-de-vivienda-presentada-en-richmond\/"},"modified":"2015-04-27T13:28:37","modified_gmt":"2015-04-27T13:28:37","slug":"denuncia-por-discriminacion-en-materia-de-vivienda-presentada-en-richmond","status":"publish","type":"lajc_news","link":"https:\/\/www.justice4all.org\/es\/news\/denuncia-por-discriminacion-en-materia-de-vivienda-presentada-en-richmond\/","title":{"rendered":"Denuncia por discriminaci\u00f3n en materia de vivienda presentada en Richmond"},"content":{"rendered":"<div class=\"lajc-m-content\">&nbsp;<\/p>\n<p><strong>RESIDENTES DE CASAS M\u00d3VILES PRESENTAN UNA DENUNCIA POR DISCRIMINACI\u00d3N EN MATERIA DE VIVIENDA CONTRA LA CIUDAD DE RICHMOND<\/strong><\/p>\n<p><strong>Las familias afirman que la campa\u00f1a de aplicaci\u00f3n de c\u00f3digos de la ciudad es discriminatoria y pretende acabar con la fuente de viviendas asequibles.<\/strong><\/p>\n<p>Un grupo de m\u00e1s de treinta residentes actuales y antiguos de parques de autocaravanas present\u00f3 el viernes una queja sobre vivienda justa contra la ciudad de Richmond, tras un a\u00f1o intentando cooperar con ella. La denuncia se present\u00f3 ante el Departamento de Vivienda y Desarrollo Urbano de Estados Unidos (HUD) por la campa\u00f1a de aplicaci\u00f3n de c\u00f3digos de la ciudad contra los parques de autocaravanas. \u00abTodos queremos un hogar seguro y queremos cumplir el c\u00f3digo\u00bb, dice Gerardo Mart\u00ednez, residente de Mobile Towne, en Old Midlothian Turnpike. \u00abPero tenemos la sensaci\u00f3n de que la Ciudad est\u00e1 apuntando a los parques de casas m\u00f3viles porque somos comunidades de familias pobres, en su mayor\u00eda latinas\u00bb.   <\/p>\n<p>El grupo present\u00f3 la denuncia al HUD con la ayuda del Centro de Justicia de Ayuda Jur\u00eddica de Richmond y del bufete de abogados Crowell &amp; Moring de Washington D.C. Alega que la campa\u00f1a de aplicaci\u00f3n de la ley del ayuntamiento discrimina al dirigirse espec\u00edficamente a los parques de casas m\u00f3viles, donde los residentes son principalmente latinos. \u00abEn lugar de encontrar formas de ayudarles a tener una vivienda segura, los inspectores amenazan con cerrar la \u00fanica opci\u00f3n que muchas de estas familias pueden permitirse\u00bb, seg\u00fan Phil Storey, abogado del Centro de Justicia de Ayuda Jur\u00eddica. <\/p>\n<p>La denuncia describe las formas en que el Ayuntamiento ha sometido a los residentes de casas m\u00f3viles a duras medidas coercitivas. Entre ellas se incluyen inspecciones intrusivas con escolta policial armada; amenazas de condenar las casas o incluso presentar cargos penales si los residentes no permiten entrar a los inspectores; y normas de reparaci\u00f3n poco razonables que hacen poco realista su cumplimiento. <\/p>\n<p><strong>Recursos<\/strong><\/p>\n<p><a href=\"http:\/\/lajc.wpengine.com\/wp-content\/uploads\/2015\/04\/Press-Release_HUD-Complaint.pdf\" target=\"_blank\" rel=\"noopener\">Comunicado de prensa<\/a> (PDF)<\/p>\n<p><a href=\"http:\/\/lajc.wpengine.com\/wp-content\/uploads\/2015\/04\/Press-Release_HUD-complaint_Spanish.pdf\" target=\"_blank\" rel=\"noopener\">Aviso de Prensa<\/a> (PDF)<\/p>\n<p><a href=\"http:\/\/lajc.wpengine.com\/wp-content\/uploads\/2015\/04\/RVA-MHP-HUD-complaint.pdf\" target=\"_blank\" rel=\"noopener\">Denuncia oficial<\/a> (PDF)<\/p>\n<p><strong>Cobertura medi\u00e1tica<\/strong><\/p>\n<p><a href=\"http:\/\/www.styleweekly.com\/richmond\/city-faces-discrimination-complaint\/Content?oid=2200055\" target=\"_blank\" rel=\"noopener\">La ciudad se enfrenta a una denuncia por discriminaci\u00f3n<\/a> (Style Weekly, 27\/4\/15)<\/div>\n","protected":false},"excerpt":{"rendered":"<p>&nbsp; RESIDENTES DE CASAS M\u00d3VILES PRESENTAN UNA DENUNCIA POR DISCRIMINACI\u00d3N EN MATERIA DE VIVIENDA CONTRA LA CIUDAD DE RICHMOND Las familias afirman que la campa\u00f1a de aplicaci\u00f3n de c\u00f3digos de la ciudad es discriminatoria y pretende acabar con la fuente de viviendas asequibles. Un grupo de m\u00e1s de treinta residentes actuales y antiguos de parques [&hellip;]<\/p>\n","protected":false},"author":4,"featured_media":0,"parent":0,"menu_order":0,"template":"","format":"standard","meta":{"footnotes":""},"lajc-tax-news-type":[],"lajc-tax-roles":[],"lajc-tax-issues":[],"lajc-tax-locations":[],"class_list":["post-19810","lajc_news","type-lajc_news","status-publish","format-standard","hentry"],"acf":[],"yoast_head":"<!-- This site is optimized with the Yoast SEO plugin v27.5 - https:\/\/yoast.com\/product\/yoast-seo-wordpress\/ -->\n<title>Denuncia por discriminaci\u00f3n en materia de vivienda presentada en Richmond - Legal Aid Justice Center<\/title>\n<meta name=\"robots\" content=\"index, follow, max-snippet:-1, max-image-preview:large, max-video-preview:-1\" \/>\n<link rel=\"canonical\" href=\"https:\/\/www.justice4all.org\/es\/news\/denuncia-por-discriminacion-en-materia-de-vivienda-presentada-en-richmond\/\" \/>\n<meta property=\"og:locale\" content=\"es_ES\" \/>\n<meta property=\"og:type\" content=\"article\" \/>\n<meta property=\"og:title\" content=\"Denuncia por discriminaci\u00f3n en materia de vivienda presentada en Richmond - Legal Aid Justice Center\" \/>\n<meta property=\"og:description\" content=\"&nbsp; RESIDENTES DE CASAS M\u00d3VILES PRESENTAN UNA DENUNCIA POR DISCRIMINACI\u00d3N EN MATERIA DE VIVIENDA CONTRA LA CIUDAD DE RICHMOND Las familias afirman que la campa\u00f1a de aplicaci\u00f3n de c\u00f3digos de la ciudad es discriminatoria y pretende acabar con la fuente de viviendas asequibles. Un grupo de m\u00e1s de treinta residentes actuales y antiguos de parques [&hellip;]\" \/>\n<meta property=\"og:url\" content=\"https:\/\/www.justice4all.org\/es\/news\/denuncia-por-discriminacion-en-materia-de-vivienda-presentada-en-richmond\/\" \/>\n<meta property=\"og:site_name\" content=\"Legal Aid Justice Center\" \/>\n<meta name=\"twitter:card\" content=\"summary_large_image\" \/>\n<meta name=\"twitter:label1\" content=\"Tiempo de lectura\" \/>\n\t<meta name=\"twitter:data1\" content=\"2 minuto\" \/>\n<script type=\"application\/ld+json\" class=\"yoast-schema-graph\">{\"@context\":\"https:\\\/\\\/schema.org\",\"@graph\":[{\"@type\":\"WebPage\",\"@id\":\"https:\\\/\\\/www.justice4all.org\\\/es\\\/news\\\/denuncia-por-discriminacion-en-materia-de-vivienda-presentada-en-richmond\\\/\",\"url\":\"https:\\\/\\\/www.justice4all.org\\\/es\\\/news\\\/denuncia-por-discriminacion-en-materia-de-vivienda-presentada-en-richmond\\\/\",\"name\":\"Denuncia por discriminaci\u00f3n en materia de vivienda presentada en Richmond - Legal Aid Justice Center\",\"isPartOf\":{\"@id\":\"https:\\\/\\\/www.justice4all.org\\\/es\\\/#website\"},\"datePublished\":\"2015-04-27T13:28:37+00:00\",\"breadcrumb\":{\"@id\":\"https:\\\/\\\/www.justice4all.org\\\/es\\\/news\\\/denuncia-por-discriminacion-en-materia-de-vivienda-presentada-en-richmond\\\/#breadcrumb\"},\"inLanguage\":\"es\",\"potentialAction\":[{\"@type\":\"ReadAction\",\"target\":[\"https:\\\/\\\/www.justice4all.org\\\/es\\\/news\\\/denuncia-por-discriminacion-en-materia-de-vivienda-presentada-en-richmond\\\/\"]}]},{\"@type\":\"BreadcrumbList\",\"@id\":\"https:\\\/\\\/www.justice4all.org\\\/es\\\/news\\\/denuncia-por-discriminacion-en-materia-de-vivienda-presentada-en-richmond\\\/#breadcrumb\",\"itemListElement\":[{\"@type\":\"ListItem\",\"position\":1,\"name\":\"Home\",\"item\":\"https:\\\/\\\/www.justice4all.org\\\/es\\\/\"},{\"@type\":\"ListItem\",\"position\":2,\"name\":\"Denuncia por discriminaci\u00f3n en materia de vivienda presentada en Richmond\"}]},{\"@type\":\"WebSite\",\"@id\":\"https:\\\/\\\/www.justice4all.org\\\/es\\\/#website\",\"url\":\"https:\\\/\\\/www.justice4all.org\\\/es\\\/\",\"name\":\"Legal Aid Justice Center\",\"description\":\"\",\"potentialAction\":[{\"@type\":\"SearchAction\",\"target\":{\"@type\":\"EntryPoint\",\"urlTemplate\":\"https:\\\/\\\/www.justice4all.org\\\/es\\\/?s={search_term_string}\"},\"query-input\":{\"@type\":\"PropertyValueSpecification\",\"valueRequired\":true,\"valueName\":\"search_term_string\"}}],\"inLanguage\":\"es\"}]}<\/script>\n<!-- \/ Yoast SEO plugin. -->","yoast_head_json":{"title":"Denuncia por discriminaci\u00f3n en materia de vivienda presentada en Richmond - Legal Aid Justice Center","robots":{"index":"index","follow":"follow","max-snippet":"max-snippet:-1","max-image-preview":"max-image-preview:large","max-video-preview":"max-video-preview:-1"},"canonical":"https:\/\/www.justice4all.org\/es\/news\/denuncia-por-discriminacion-en-materia-de-vivienda-presentada-en-richmond\/","og_locale":"es_ES","og_type":"article","og_title":"Denuncia por discriminaci\u00f3n en materia de vivienda presentada en Richmond - Legal Aid Justice Center","og_description":"&nbsp; RESIDENTES DE CASAS M\u00d3VILES PRESENTAN UNA DENUNCIA POR DISCRIMINACI\u00d3N EN MATERIA DE VIVIENDA CONTRA LA CIUDAD DE RICHMOND Las familias afirman que la campa\u00f1a de aplicaci\u00f3n de c\u00f3digos de la ciudad es discriminatoria y pretende acabar con la fuente de viviendas asequibles. Un grupo de m\u00e1s de treinta residentes actuales y antiguos de parques [&hellip;]","og_url":"https:\/\/www.justice4all.org\/es\/news\/denuncia-por-discriminacion-en-materia-de-vivienda-presentada-en-richmond\/","og_site_name":"Legal Aid Justice Center","twitter_card":"summary_large_image","twitter_misc":{"Tiempo de lectura":"2 minuto"},"schema":{"@context":"https:\/\/schema.org","@graph":[{"@type":"WebPage","@id":"https:\/\/www.justice4all.org\/es\/news\/denuncia-por-discriminacion-en-materia-de-vivienda-presentada-en-richmond\/","url":"https:\/\/www.justice4all.org\/es\/news\/denuncia-por-discriminacion-en-materia-de-vivienda-presentada-en-richmond\/","name":"Denuncia por discriminaci\u00f3n en materia de vivienda presentada en Richmond - Legal Aid Justice Center","isPartOf":{"@id":"https:\/\/www.justice4all.org\/es\/#website"},"datePublished":"2015-04-27T13:28:37+00:00","breadcrumb":{"@id":"https:\/\/www.justice4all.org\/es\/news\/denuncia-por-discriminacion-en-materia-de-vivienda-presentada-en-richmond\/#breadcrumb"},"inLanguage":"es","potentialAction":[{"@type":"ReadAction","target":["https:\/\/www.justice4all.org\/es\/news\/denuncia-por-discriminacion-en-materia-de-vivienda-presentada-en-richmond\/"]}]},{"@type":"BreadcrumbList","@id":"https:\/\/www.justice4all.org\/es\/news\/denuncia-por-discriminacion-en-materia-de-vivienda-presentada-en-richmond\/#breadcrumb","itemListElement":[{"@type":"ListItem","position":1,"name":"Home","item":"https:\/\/www.justice4all.org\/es\/"},{"@type":"ListItem","position":2,"name":"Denuncia por discriminaci\u00f3n en materia de vivienda presentada en Richmond"}]},{"@type":"WebSite","@id":"https:\/\/www.justice4all.org\/es\/#website","url":"https:\/\/www.justice4all.org\/es\/","name":"Legal Aid Justice Center","description":"","potentialAction":[{"@type":"SearchAction","target":{"@type":"EntryPoint","urlTemplate":"https:\/\/www.justice4all.org\/es\/?s={search_term_string}"},"query-input":{"@type":"PropertyValueSpecification","valueRequired":true,"valueName":"search_term_string"}}],"inLanguage":"es"}]}},"_links":{"self":[{"href":"https:\/\/www.justice4all.org\/es\/wp-json\/wp\/v2\/lajc_news\/19810","targetHints":{"allow":["GET"]}}],"collection":[{"href":"https:\/\/www.justice4all.org\/es\/wp-json\/wp\/v2\/lajc_news"}],"about":[{"href":"https:\/\/www.justice4all.org\/es\/wp-json\/wp\/v2\/types\/lajc_news"}],"author":[{"embeddable":true,"href":"https:\/\/www.justice4all.org\/es\/wp-json\/wp\/v2\/users\/4"}],"version-history":[{"count":0,"href":"https:\/\/www.justice4all.org\/es\/wp-json\/wp\/v2\/lajc_news\/19810\/revisions"}],"wp:attachment":[{"href":"https:\/\/www.justice4all.org\/es\/wp-json\/wp\/v2\/media?parent=19810"}],"wp:term":[{"taxonomy":"lajc-tax-news-type","embeddable":true,"href":"https:\/\/www.justice4all.org\/es\/wp-json\/wp\/v2\/lajc-tax-news-type?post=19810"},{"taxonomy":"lajc-tax-roles","embeddable":true,"href":"https:\/\/www.justice4all.org\/es\/wp-json\/wp\/v2\/lajc-tax-roles?post=19810"},{"taxonomy":"lajc-tax-issues","embeddable":true,"href":"https:\/\/www.justice4all.org\/es\/wp-json\/wp\/v2\/lajc-tax-issues?post=19810"},{"taxonomy":"lajc-tax-locations","embeddable":true,"href":"https:\/\/www.justice4all.org\/es\/wp-json\/wp\/v2\/lajc-tax-locations?post=19810"}],"curies":[{"name":"wp","href":"https:\/\/api.w.org\/{rel}","templated":true}]}}