{"id":19796,"date":"2017-01-29T02:59:57","date_gmt":"2017-01-29T02:59:57","guid":{"rendered":"https:\/\/www.justice4all.org\/news\/se-concede-la-orden-de-alejamiento-temporal-de-dulles\/"},"modified":"2017-01-29T02:59:57","modified_gmt":"2017-01-29T02:59:57","slug":"se-concede-la-orden-de-alejamiento-temporal-de-dulles","status":"publish","type":"lajc_news","link":"https:\/\/www.justice4all.org\/es\/news\/se-concede-la-orden-de-alejamiento-temporal-de-dulles\/","title":{"rendered":"Se concede la orden de alejamiento temporal de Dulles"},"content":{"rendered":"<div class=\"lajc-m-content\"><strong>Comunicado de prensa para distribuci\u00f3n inmediata<\/strong><\/p>\n<p>Un juez federal ha dictado esta noche una orden de restricci\u00f3n temporal que proh\u00edbe al Departamento de Seguridad Nacional expulsar de Estados Unidos a 50-60 personas actualmente detenidas en el aeropuerto de Dulles que son residentes legales permanentes, pero a quienes se deneg\u00f3 la admisi\u00f3n en el pa\u00eds por ser ciudadanos de los siete pa\u00edses identificados en la orden ejecutiva del presidente Trump, emitida ayer. El DHS se ha negado a permitir que estas personas hablen con familiares o abogados y ha declarado que tiene previsto expulsarlas a todas de Estados Unidos. <\/p>\n<p>La orden del juez tambi\u00e9n exige al DHS que permita a estas personas hablar con abogados.<\/p>\n<p>Los abogados que los representan son Simon Sandoval-Moshenberg, del Centro de Justicia de Asistencia Jur\u00eddica, y Andrew Pincus y Paul Hughes, de Mayer Brown LLP.<\/p>\n<p>Informaci\u00f3n de contacto:<\/p>\n<p>Sim\u00f3n Sandoval-Moshenberg 434 218-9673<\/p>\n<p>Andrew Pincus 202-320-9125<\/p>\n<p>Paul Hughes 240-441-2240<\/p>\n<p>Para m\u00e1s informaci\u00f3n sobre los detenidos de Dulles y para apoyar este caso, visita: <a href=\"https:\/\/www.crowdjustice.org\/case\/dullesdetainees\/\" target=\"_blank\" rel=\"noopener\">https:\/\/www.crowdjustice.org\/case\/dullesdetainees\/<\/a><\/p>\n<p><strong>Acerca del Centro de Justicia de Asistencia Jur\u00eddica  <\/strong><\/p>\n<p>El Centro de Justicia y Asistencia Jur\u00eddica (LAJC) lucha contra la injusticia en la vida de los ciudadanos de Virginia, al tiempo que erradica las pol\u00edticas y pr\u00e1cticas explotadoras que mantienen a las personas en la pobreza. LAJC utiliza litigios de impacto, organizaci\u00f3n comunitaria y defensa de pol\u00edticas para resolver problemas urgentes en \u00e1mbitos como la vivienda, la educaci\u00f3n, los derechos civiles, la inmigraci\u00f3n, la sanidad y la financiaci\u00f3n al consumo. Las principales \u00e1reas de servicio del LAJC son Charlottesville, Virginia del Norte y Richmond\/Petersburg, pero los efectos de su trabajo se dejan sentir en todo el estado.<\/p>\n<p><a href=\"https:\/\/www.justice4all.org\/wp-content\/uploads\/2017\/01\/TRO-order-signed.pdf\">Orden de alejamiento temporal<\/a><\/div>\n","protected":false},"excerpt":{"rendered":"<p>Comunicado de prensa para distribuci\u00f3n inmediata Un juez federal ha dictado esta noche una orden de restricci\u00f3n temporal que proh\u00edbe al Departamento de Seguridad Nacional expulsar de Estados Unidos a 50-60 personas actualmente detenidas en el aeropuerto de Dulles que son residentes legales permanentes, pero a quienes se deneg\u00f3 la admisi\u00f3n en el pa\u00eds por [&hellip;]<\/p>\n","protected":false},"author":5,"featured_media":0,"parent":0,"menu_order":0,"template":"","format":"standard","meta":{"footnotes":""},"lajc-tax-news-type":[],"lajc-tax-roles":[],"lajc-tax-issues":[],"lajc-tax-locations":[],"class_list":["post-19796","lajc_news","type-lajc_news","status-publish","format-standard","hentry"],"acf":[],"yoast_head":"<!-- This site is optimized with the Yoast SEO plugin v27.5 - https:\/\/yoast.com\/product\/yoast-seo-wordpress\/ -->\n<title>Se concede la orden de alejamiento temporal de Dulles - Legal Aid Justice Center<\/title>\n<meta name=\"robots\" content=\"index, follow, max-snippet:-1, max-image-preview:large, max-video-preview:-1\" \/>\n<link rel=\"canonical\" href=\"https:\/\/www.justice4all.org\/es\/news\/se-concede-la-orden-de-alejamiento-temporal-de-dulles\/\" \/>\n<meta property=\"og:locale\" content=\"es_ES\" \/>\n<meta property=\"og:type\" content=\"article\" \/>\n<meta property=\"og:title\" content=\"Se concede la orden de alejamiento temporal de Dulles - Legal Aid Justice Center\" \/>\n<meta property=\"og:description\" content=\"Comunicado de prensa para distribuci\u00f3n inmediata Un juez federal ha dictado esta noche una orden de restricci\u00f3n temporal que proh\u00edbe al Departamento de Seguridad Nacional expulsar de Estados Unidos a 50-60 personas actualmente detenidas en el aeropuerto de Dulles que son residentes legales permanentes, pero a quienes se deneg\u00f3 la admisi\u00f3n en el pa\u00eds por [&hellip;]\" \/>\n<meta property=\"og:url\" content=\"https:\/\/www.justice4all.org\/es\/news\/se-concede-la-orden-de-alejamiento-temporal-de-dulles\/\" \/>\n<meta property=\"og:site_name\" content=\"Legal Aid Justice Center\" \/>\n<meta name=\"twitter:card\" content=\"summary_large_image\" \/>\n<meta name=\"twitter:label1\" content=\"Tiempo de lectura\" \/>\n\t<meta name=\"twitter:data1\" content=\"2 minuto\" \/>\n<script type=\"application\/ld+json\" class=\"yoast-schema-graph\">{\"@context\":\"https:\\\/\\\/schema.org\",\"@graph\":[{\"@type\":\"WebPage\",\"@id\":\"https:\\\/\\\/www.justice4all.org\\\/es\\\/news\\\/se-concede-la-orden-de-alejamiento-temporal-de-dulles\\\/\",\"url\":\"https:\\\/\\\/www.justice4all.org\\\/es\\\/news\\\/se-concede-la-orden-de-alejamiento-temporal-de-dulles\\\/\",\"name\":\"Se concede la orden de alejamiento temporal de Dulles - Legal Aid Justice Center\",\"isPartOf\":{\"@id\":\"https:\\\/\\\/www.justice4all.org\\\/es\\\/#website\"},\"datePublished\":\"2017-01-29T02:59:57+00:00\",\"breadcrumb\":{\"@id\":\"https:\\\/\\\/www.justice4all.org\\\/es\\\/news\\\/se-concede-la-orden-de-alejamiento-temporal-de-dulles\\\/#breadcrumb\"},\"inLanguage\":\"es\",\"potentialAction\":[{\"@type\":\"ReadAction\",\"target\":[\"https:\\\/\\\/www.justice4all.org\\\/es\\\/news\\\/se-concede-la-orden-de-alejamiento-temporal-de-dulles\\\/\"]}]},{\"@type\":\"BreadcrumbList\",\"@id\":\"https:\\\/\\\/www.justice4all.org\\\/es\\\/news\\\/se-concede-la-orden-de-alejamiento-temporal-de-dulles\\\/#breadcrumb\",\"itemListElement\":[{\"@type\":\"ListItem\",\"position\":1,\"name\":\"Home\",\"item\":\"https:\\\/\\\/www.justice4all.org\\\/es\\\/\"},{\"@type\":\"ListItem\",\"position\":2,\"name\":\"Se concede la orden de alejamiento temporal de Dulles\"}]},{\"@type\":\"WebSite\",\"@id\":\"https:\\\/\\\/www.justice4all.org\\\/es\\\/#website\",\"url\":\"https:\\\/\\\/www.justice4all.org\\\/es\\\/\",\"name\":\"Legal Aid Justice Center\",\"description\":\"\",\"potentialAction\":[{\"@type\":\"SearchAction\",\"target\":{\"@type\":\"EntryPoint\",\"urlTemplate\":\"https:\\\/\\\/www.justice4all.org\\\/es\\\/?s={search_term_string}\"},\"query-input\":{\"@type\":\"PropertyValueSpecification\",\"valueRequired\":true,\"valueName\":\"search_term_string\"}}],\"inLanguage\":\"es\"}]}<\/script>\n<!-- \/ Yoast SEO plugin. -->","yoast_head_json":{"title":"Se concede la orden de alejamiento temporal de Dulles - Legal Aid Justice Center","robots":{"index":"index","follow":"follow","max-snippet":"max-snippet:-1","max-image-preview":"max-image-preview:large","max-video-preview":"max-video-preview:-1"},"canonical":"https:\/\/www.justice4all.org\/es\/news\/se-concede-la-orden-de-alejamiento-temporal-de-dulles\/","og_locale":"es_ES","og_type":"article","og_title":"Se concede la orden de alejamiento temporal de Dulles - Legal Aid Justice Center","og_description":"Comunicado de prensa para distribuci\u00f3n inmediata Un juez federal ha dictado esta noche una orden de restricci\u00f3n temporal que proh\u00edbe al Departamento de Seguridad Nacional expulsar de Estados Unidos a 50-60 personas actualmente detenidas en el aeropuerto de Dulles que son residentes legales permanentes, pero a quienes se deneg\u00f3 la admisi\u00f3n en el pa\u00eds por [&hellip;]","og_url":"https:\/\/www.justice4all.org\/es\/news\/se-concede-la-orden-de-alejamiento-temporal-de-dulles\/","og_site_name":"Legal Aid Justice Center","twitter_card":"summary_large_image","twitter_misc":{"Tiempo de lectura":"2 minuto"},"schema":{"@context":"https:\/\/schema.org","@graph":[{"@type":"WebPage","@id":"https:\/\/www.justice4all.org\/es\/news\/se-concede-la-orden-de-alejamiento-temporal-de-dulles\/","url":"https:\/\/www.justice4all.org\/es\/news\/se-concede-la-orden-de-alejamiento-temporal-de-dulles\/","name":"Se concede la orden de alejamiento temporal de Dulles - Legal Aid Justice Center","isPartOf":{"@id":"https:\/\/www.justice4all.org\/es\/#website"},"datePublished":"2017-01-29T02:59:57+00:00","breadcrumb":{"@id":"https:\/\/www.justice4all.org\/es\/news\/se-concede-la-orden-de-alejamiento-temporal-de-dulles\/#breadcrumb"},"inLanguage":"es","potentialAction":[{"@type":"ReadAction","target":["https:\/\/www.justice4all.org\/es\/news\/se-concede-la-orden-de-alejamiento-temporal-de-dulles\/"]}]},{"@type":"BreadcrumbList","@id":"https:\/\/www.justice4all.org\/es\/news\/se-concede-la-orden-de-alejamiento-temporal-de-dulles\/#breadcrumb","itemListElement":[{"@type":"ListItem","position":1,"name":"Home","item":"https:\/\/www.justice4all.org\/es\/"},{"@type":"ListItem","position":2,"name":"Se concede la orden de alejamiento temporal de Dulles"}]},{"@type":"WebSite","@id":"https:\/\/www.justice4all.org\/es\/#website","url":"https:\/\/www.justice4all.org\/es\/","name":"Legal Aid Justice Center","description":"","potentialAction":[{"@type":"SearchAction","target":{"@type":"EntryPoint","urlTemplate":"https:\/\/www.justice4all.org\/es\/?s={search_term_string}"},"query-input":{"@type":"PropertyValueSpecification","valueRequired":true,"valueName":"search_term_string"}}],"inLanguage":"es"}]}},"_links":{"self":[{"href":"https:\/\/www.justice4all.org\/es\/wp-json\/wp\/v2\/lajc_news\/19796","targetHints":{"allow":["GET"]}}],"collection":[{"href":"https:\/\/www.justice4all.org\/es\/wp-json\/wp\/v2\/lajc_news"}],"about":[{"href":"https:\/\/www.justice4all.org\/es\/wp-json\/wp\/v2\/types\/lajc_news"}],"author":[{"embeddable":true,"href":"https:\/\/www.justice4all.org\/es\/wp-json\/wp\/v2\/users\/5"}],"version-history":[{"count":0,"href":"https:\/\/www.justice4all.org\/es\/wp-json\/wp\/v2\/lajc_news\/19796\/revisions"}],"wp:attachment":[{"href":"https:\/\/www.justice4all.org\/es\/wp-json\/wp\/v2\/media?parent=19796"}],"wp:term":[{"taxonomy":"lajc-tax-news-type","embeddable":true,"href":"https:\/\/www.justice4all.org\/es\/wp-json\/wp\/v2\/lajc-tax-news-type?post=19796"},{"taxonomy":"lajc-tax-roles","embeddable":true,"href":"https:\/\/www.justice4all.org\/es\/wp-json\/wp\/v2\/lajc-tax-roles?post=19796"},{"taxonomy":"lajc-tax-issues","embeddable":true,"href":"https:\/\/www.justice4all.org\/es\/wp-json\/wp\/v2\/lajc-tax-issues?post=19796"},{"taxonomy":"lajc-tax-locations","embeddable":true,"href":"https:\/\/www.justice4all.org\/es\/wp-json\/wp\/v2\/lajc-tax-locations?post=19796"}],"curies":[{"name":"wp","href":"https:\/\/api.w.org\/{rel}","templated":true}]}}