{"id":19788,"date":"2017-08-23T14:30:22","date_gmt":"2017-08-23T14:30:22","guid":{"rendered":"https:\/\/www.justice4all.org\/news\/lajc-y-phar-solicitan-la-investigacion-de-cville\/"},"modified":"2017-08-23T14:30:22","modified_gmt":"2017-08-23T14:30:22","slug":"lajc-y-phar-solicitan-la-investigacion-de-cville","status":"publish","type":"lajc_news","link":"https:\/\/www.justice4all.org\/es\/news\/lajc-y-phar-solicitan-la-investigacion-de-cville\/","title":{"rendered":"LAJC y PHAR solicitan la investigaci\u00f3n de C&#8217;Ville"},"content":{"rendered":"<div class=\"lajc-m-content\"><strong><u>PARA PUBLICACI\u00d3N INMEDIATA<\/u><\/strong><\/p>\n<p><strong>Contacto:<br \/>\n<\/strong><span style=\"font-size: 15px; letter-spacing: 0.1em;\">Tim Wallace<br \/>\n<\/span>Director de Desarrollo<br \/>\n434-529-1853 | <a href=\"mailto:twallace@justice4all.org\">twallace@justice4all.org<\/a><\/p>\n<p><strong>LAJC env\u00eda una carta en nombre de PHAR instando a que se abra una investigaci\u00f3n, se mejore la planificaci\u00f3n de emergencias y se invierta en las comunidades de color<\/strong><\/p>\n<p><strong>Charlottesville, Virginia, 23 de agosto de 2017.<\/strong><\/p>\n<p>En una carta fechada el 22 de agosto de 2017, escrita en nombre de la Asociaci\u00f3n de Residentes de Viviendas P\u00fablicas (\u00abPHAR\u00bb), el Centro de Ayuda Jur\u00eddica y Justicia (\u00abLAJC\u00bb) pidi\u00f3 al Ayuntamiento de Charlottesville, al administrador municipal Maurice Jones y al jefe de polic\u00eda Al Thomas que emprendieran una investigaci\u00f3n abierta y transparente de las pr\u00e1cticas policiales relacionadas tanto con el 8 de julio como con el fin de semana del 12 de agosto.&nbsp;&nbsp;<\/p>\n<p>Piden que la investigaci\u00f3n est\u00e9 profundamente informada por los residentes afectados y se lleve a cabo con un esp\u00edritu de apertura, no a la defensiva, para plantear las muchas preguntas apremiantes sobre lo que sali\u00f3 mal, entre ellas:<\/p>\n<ul>\n<li>\u00bfOrden\u00f3 la ciudad a las fuerzas del orden, incluida la Polic\u00eda Estatal de Virginia y la Guardia Nacional, que se retiraran ante la violencia?&nbsp;  \u00bfAlguien dio esa orden? Si no se dio ninguna orden, \u00bfpor qu\u00e9 se retiraron los agentes del orden? <\/li>\n<li>\u00bfQu\u00e9 planes de contingencia prepar\u00f3 la ciudad antes de los sucesos de este fin de semana en relaci\u00f3n con la protecci\u00f3n de las familias de las viviendas protegidas de la ciudad?&nbsp;<\/li>\n<li>\u00bfQu\u00e9 planes de seguridad se crearon en relaci\u00f3n con el fin de semana del 12 de agosto para proteger a los miembros m\u00e1s vulnerables de nuestra comunidad?<\/li>\n<\/ul>\n<p>La carta del LAJC pide al Ayuntamiento que: se comprometa con esta investigaci\u00f3n; mejore su planificaci\u00f3n de emergencias en lo que se refiere a la comunidad de bajos ingresos; y tome medidas concretas para erradicar el racismo institucional en esta comunidad.&nbsp;<\/p>\n<p>Para leer la carta,<a href=\"https:\/\/www.justice4all.org\/wp-content\/uploads\/2017\/08\/August-22-letter-to-City-Council.pdf\" target=\"_blank\" rel=\"noopener\"> haz clic aqu\u00ed<\/a>:<\/p>\n<p><em>&nbsp;<\/em><strong>Acerca del Centro<\/strong> <a href=\"https:\/\/www.justice4all.org\/es\/\">de Ayuda Jur\u00eddica<\/a> y <strong>Justicia<br \/>\n<\/strong>El Centro de Ayuda Jur\u00eddica y Justicia (LAJC) lucha contra la injusticia en la vida de los ciudadanos de Virginia, a la vez que erradica las desigualdades que mantienen a la gente en la pobreza mediante litigios, defensa de pol\u00edticas y organizaci\u00f3n comunitaria.   El Programa de Derechos Civiles y Justicia Racial del LAJC trabaja para poner fin a la criminalizaci\u00f3n de la pobreza en Virginia, exponiendo y abordando las conexiones entre la actuaci\u00f3n policial, la pobreza, la raza y la injusticia.<\/p>\n<p><em>&nbsp;&nbsp;&nbsp;&nbsp;&nbsp;&nbsp;&nbsp;&nbsp;&nbsp;&nbsp;&nbsp;&nbsp;&nbsp;&nbsp;&nbsp;&nbsp;&nbsp;&nbsp;&nbsp;&nbsp;&nbsp;&nbsp;&nbsp;&nbsp;&nbsp;&nbsp;&nbsp;&nbsp;&nbsp;&nbsp;&nbsp;&nbsp;&nbsp;&nbsp;&nbsp;&nbsp;&nbsp;&nbsp;&nbsp;&nbsp;&nbsp;&nbsp;&nbsp;&nbsp;&nbsp;&nbsp;&nbsp;&nbsp;&nbsp;&nbsp;&nbsp;&nbsp;&nbsp;&nbsp;&nbsp;&nbsp;&nbsp;&nbsp;&nbsp;&nbsp;&nbsp;&nbsp;&nbsp;&nbsp;&nbsp;&nbsp;&nbsp;&nbsp;&nbsp;&nbsp;&nbsp;<br \/>\n###<\/em><\/p>\n<p><em>Siga a Legal Aid Justice Center en Twitter <\/em><a href=\"https:\/\/twitter.com\/LegalAidJustice\"><br \/>\n  <em>@LegalAidJustice<\/em><br \/>\n<\/a><em> y encu\u00e9ntrenos en <\/em><a href=\"https:\/\/www.facebook.com\/LegalAidJusticeCenter\/\"><br \/>\n  <em>Facebook<\/em><br \/>\n<\/a><em>.<\/em><\/div>\n","protected":false},"excerpt":{"rendered":"<p>PARA PUBLICACI\u00d3N INMEDIATA Contacto: Tim Wallace Director de Desarrollo 434-529-1853 | twallace@justice4all.org LAJC env\u00eda una carta en nombre de PHAR instando a que se abra una investigaci\u00f3n, se mejore la planificaci\u00f3n de emergencias y se invierta en las comunidades de color Charlottesville, Virginia, 23 de agosto de 2017. En una carta fechada el 22 de [&hellip;]<\/p>\n","protected":false},"author":5,"featured_media":0,"parent":0,"menu_order":0,"template":"","format":"standard","meta":{"footnotes":""},"lajc-tax-news-type":[],"lajc-tax-roles":[],"lajc-tax-issues":[],"lajc-tax-locations":[],"class_list":["post-19788","lajc_news","type-lajc_news","status-publish","format-standard","hentry"],"acf":[],"yoast_head":"<!-- This site is optimized with the Yoast SEO plugin v27.5 - https:\/\/yoast.com\/product\/yoast-seo-wordpress\/ -->\n<title>LAJC y PHAR solicitan la investigaci\u00f3n de C&#039;Ville - Legal Aid Justice Center<\/title>\n<meta name=\"robots\" content=\"index, follow, max-snippet:-1, max-image-preview:large, max-video-preview:-1\" \/>\n<link rel=\"canonical\" href=\"https:\/\/www.justice4all.org\/es\/news\/lajc-y-phar-solicitan-la-investigacion-de-cville\/\" \/>\n<meta property=\"og:locale\" content=\"es_ES\" \/>\n<meta property=\"og:type\" content=\"article\" \/>\n<meta property=\"og:title\" content=\"LAJC y PHAR solicitan la investigaci\u00f3n de C&#039;Ville - Legal Aid Justice Center\" \/>\n<meta property=\"og:description\" content=\"PARA PUBLICACI\u00d3N INMEDIATA Contacto: Tim Wallace Director de Desarrollo 434-529-1853 | twallace@justice4all.org LAJC env\u00eda una carta en nombre de PHAR instando a que se abra una investigaci\u00f3n, se mejore la planificaci\u00f3n de emergencias y se invierta en las comunidades de color Charlottesville, Virginia, 23 de agosto de 2017. En una carta fechada el 22 de [&hellip;]\" \/>\n<meta property=\"og:url\" content=\"https:\/\/www.justice4all.org\/es\/news\/lajc-y-phar-solicitan-la-investigacion-de-cville\/\" \/>\n<meta property=\"og:site_name\" content=\"Legal Aid Justice Center\" \/>\n<meta name=\"twitter:card\" content=\"summary_large_image\" \/>\n<meta name=\"twitter:label1\" content=\"Tiempo de lectura\" \/>\n\t<meta name=\"twitter:data1\" content=\"3 minuto\" \/>\n<script type=\"application\/ld+json\" class=\"yoast-schema-graph\">{\"@context\":\"https:\\\/\\\/schema.org\",\"@graph\":[{\"@type\":\"WebPage\",\"@id\":\"https:\\\/\\\/www.justice4all.org\\\/es\\\/news\\\/lajc-y-phar-solicitan-la-investigacion-de-cville\\\/\",\"url\":\"https:\\\/\\\/www.justice4all.org\\\/es\\\/news\\\/lajc-y-phar-solicitan-la-investigacion-de-cville\\\/\",\"name\":\"LAJC y PHAR solicitan la investigaci\u00f3n de C'Ville - Legal Aid Justice Center\",\"isPartOf\":{\"@id\":\"https:\\\/\\\/www.justice4all.org\\\/es\\\/#website\"},\"datePublished\":\"2017-08-23T14:30:22+00:00\",\"breadcrumb\":{\"@id\":\"https:\\\/\\\/www.justice4all.org\\\/es\\\/news\\\/lajc-y-phar-solicitan-la-investigacion-de-cville\\\/#breadcrumb\"},\"inLanguage\":\"es\",\"potentialAction\":[{\"@type\":\"ReadAction\",\"target\":[\"https:\\\/\\\/www.justice4all.org\\\/es\\\/news\\\/lajc-y-phar-solicitan-la-investigacion-de-cville\\\/\"]}]},{\"@type\":\"BreadcrumbList\",\"@id\":\"https:\\\/\\\/www.justice4all.org\\\/es\\\/news\\\/lajc-y-phar-solicitan-la-investigacion-de-cville\\\/#breadcrumb\",\"itemListElement\":[{\"@type\":\"ListItem\",\"position\":1,\"name\":\"Home\",\"item\":\"https:\\\/\\\/www.justice4all.org\\\/es\\\/\"},{\"@type\":\"ListItem\",\"position\":2,\"name\":\"LAJC y PHAR solicitan la investigaci\u00f3n de C&#8217;Ville\"}]},{\"@type\":\"WebSite\",\"@id\":\"https:\\\/\\\/www.justice4all.org\\\/es\\\/#website\",\"url\":\"https:\\\/\\\/www.justice4all.org\\\/es\\\/\",\"name\":\"Legal Aid Justice Center\",\"description\":\"\",\"potentialAction\":[{\"@type\":\"SearchAction\",\"target\":{\"@type\":\"EntryPoint\",\"urlTemplate\":\"https:\\\/\\\/www.justice4all.org\\\/es\\\/?s={search_term_string}\"},\"query-input\":{\"@type\":\"PropertyValueSpecification\",\"valueRequired\":true,\"valueName\":\"search_term_string\"}}],\"inLanguage\":\"es\"}]}<\/script>\n<!-- \/ Yoast SEO plugin. -->","yoast_head_json":{"title":"LAJC y PHAR solicitan la investigaci\u00f3n de C'Ville - Legal Aid Justice Center","robots":{"index":"index","follow":"follow","max-snippet":"max-snippet:-1","max-image-preview":"max-image-preview:large","max-video-preview":"max-video-preview:-1"},"canonical":"https:\/\/www.justice4all.org\/es\/news\/lajc-y-phar-solicitan-la-investigacion-de-cville\/","og_locale":"es_ES","og_type":"article","og_title":"LAJC y PHAR solicitan la investigaci\u00f3n de C'Ville - Legal Aid Justice Center","og_description":"PARA PUBLICACI\u00d3N INMEDIATA Contacto: Tim Wallace Director de Desarrollo 434-529-1853 | twallace@justice4all.org LAJC env\u00eda una carta en nombre de PHAR instando a que se abra una investigaci\u00f3n, se mejore la planificaci\u00f3n de emergencias y se invierta en las comunidades de color Charlottesville, Virginia, 23 de agosto de 2017. En una carta fechada el 22 de [&hellip;]","og_url":"https:\/\/www.justice4all.org\/es\/news\/lajc-y-phar-solicitan-la-investigacion-de-cville\/","og_site_name":"Legal Aid Justice Center","twitter_card":"summary_large_image","twitter_misc":{"Tiempo de lectura":"3 minuto"},"schema":{"@context":"https:\/\/schema.org","@graph":[{"@type":"WebPage","@id":"https:\/\/www.justice4all.org\/es\/news\/lajc-y-phar-solicitan-la-investigacion-de-cville\/","url":"https:\/\/www.justice4all.org\/es\/news\/lajc-y-phar-solicitan-la-investigacion-de-cville\/","name":"LAJC y PHAR solicitan la investigaci\u00f3n de C'Ville - Legal Aid Justice Center","isPartOf":{"@id":"https:\/\/www.justice4all.org\/es\/#website"},"datePublished":"2017-08-23T14:30:22+00:00","breadcrumb":{"@id":"https:\/\/www.justice4all.org\/es\/news\/lajc-y-phar-solicitan-la-investigacion-de-cville\/#breadcrumb"},"inLanguage":"es","potentialAction":[{"@type":"ReadAction","target":["https:\/\/www.justice4all.org\/es\/news\/lajc-y-phar-solicitan-la-investigacion-de-cville\/"]}]},{"@type":"BreadcrumbList","@id":"https:\/\/www.justice4all.org\/es\/news\/lajc-y-phar-solicitan-la-investigacion-de-cville\/#breadcrumb","itemListElement":[{"@type":"ListItem","position":1,"name":"Home","item":"https:\/\/www.justice4all.org\/es\/"},{"@type":"ListItem","position":2,"name":"LAJC y PHAR solicitan la investigaci\u00f3n de C&#8217;Ville"}]},{"@type":"WebSite","@id":"https:\/\/www.justice4all.org\/es\/#website","url":"https:\/\/www.justice4all.org\/es\/","name":"Legal Aid Justice Center","description":"","potentialAction":[{"@type":"SearchAction","target":{"@type":"EntryPoint","urlTemplate":"https:\/\/www.justice4all.org\/es\/?s={search_term_string}"},"query-input":{"@type":"PropertyValueSpecification","valueRequired":true,"valueName":"search_term_string"}}],"inLanguage":"es"}]}},"_links":{"self":[{"href":"https:\/\/www.justice4all.org\/es\/wp-json\/wp\/v2\/lajc_news\/19788","targetHints":{"allow":["GET"]}}],"collection":[{"href":"https:\/\/www.justice4all.org\/es\/wp-json\/wp\/v2\/lajc_news"}],"about":[{"href":"https:\/\/www.justice4all.org\/es\/wp-json\/wp\/v2\/types\/lajc_news"}],"author":[{"embeddable":true,"href":"https:\/\/www.justice4all.org\/es\/wp-json\/wp\/v2\/users\/5"}],"version-history":[{"count":0,"href":"https:\/\/www.justice4all.org\/es\/wp-json\/wp\/v2\/lajc_news\/19788\/revisions"}],"wp:attachment":[{"href":"https:\/\/www.justice4all.org\/es\/wp-json\/wp\/v2\/media?parent=19788"}],"wp:term":[{"taxonomy":"lajc-tax-news-type","embeddable":true,"href":"https:\/\/www.justice4all.org\/es\/wp-json\/wp\/v2\/lajc-tax-news-type?post=19788"},{"taxonomy":"lajc-tax-roles","embeddable":true,"href":"https:\/\/www.justice4all.org\/es\/wp-json\/wp\/v2\/lajc-tax-roles?post=19788"},{"taxonomy":"lajc-tax-issues","embeddable":true,"href":"https:\/\/www.justice4all.org\/es\/wp-json\/wp\/v2\/lajc-tax-issues?post=19788"},{"taxonomy":"lajc-tax-locations","embeddable":true,"href":"https:\/\/www.justice4all.org\/es\/wp-json\/wp\/v2\/lajc-tax-locations?post=19788"}],"curies":[{"name":"wp","href":"https:\/\/api.w.org\/{rel}","templated":true}]}}