{"id":19787,"date":"2017-08-28T13:57:58","date_gmt":"2017-08-28T13:57:58","guid":{"rendered":"https:\/\/www.justice4all.org\/news\/demanda-civil-contra-las-detenciones-por-perfil-racial-del-ice\/"},"modified":"2017-08-28T13:57:58","modified_gmt":"2017-08-28T13:57:58","slug":"demanda-civil-contra-las-detenciones-por-perfil-racial-del-ice","status":"publish","type":"lajc_news","link":"https:\/\/www.justice4all.org\/es\/news\/demanda-civil-contra-las-detenciones-por-perfil-racial-del-ice\/","title":{"rendered":"Demanda civil contra las detenciones por perfil racial del ICE"},"content":{"rendered":"<div class=\"lajc-m-content\"><strong><u>PARA PUBLICACI\u00d3N INMEDIATA<\/u><\/strong><\/p>\n<p>Contacto:<br \/>\nSimon Sandoval-Moshenberg<br \/>\nDirector Jur\u00eddico, Programa de Defensa de los Inmigrantes<br \/>\n703-720-5605 \/ simon@justice4all.org&nbsp;<\/p>\n<p><span style=\"font-size: 15px; letter-spacing: 0.1em;\">El mi\u00e9rcoles, el Centro de Justicia de Ayuda Legal, junto con el bufete de abogados Covington &amp; Burling LLP, present\u00f3 una demanda en nombre de dos hombres de raza y etnia latinas contra agentes federales de inmigraci\u00f3n por una pr\u00e1ctica conocida como detenciones colaterales que constituye una parte importante de las pr\u00e1cticas de aplicaci\u00f3n de la ley de inmigraci\u00f3n de la Administraci\u00f3n Trump.&nbsp;  Por lo que sabemos, el caso es el primero en el pa\u00eds que cuestiona estas pr\u00e1cticas desde que Trump fue elegido.&nbsp;<\/span><\/p>\n<p>Seg\u00fan la demanda, los agentes del Servicio de Inmigraci\u00f3n y Control de Aduanas violaron los derechos constitucionales de dos hombres acusados de estar en el pa\u00eds ilegalmente, pero que por lo dem\u00e1s han respetado la ley, al detenerlos sin sospecha razonable.<\/p>\n<p>\u00abLos agentes del ICE salen al campo en busca de una persona\u00bb, se\u00f1ala Simon Sandoval-Moshenberg, Director Jur\u00eddico del Programa de Defensa de los Inmigrantes del LAJC. \u00abNo la encuentran, as\u00ed que b\u00e1sicamente detienen a otra persona que s\u00ed encuentran en su lugar. Lo llaman detenciones colaterales.  Nosotros lo llamamos perfil racial\u00bb.    &nbsp;<\/p>\n<p><strong><em>Detenciones ICE en Annandale, Virginia<\/em><\/strong><\/p>\n<p>A las 6:30 de la ma\u00f1ana del 17 de febrero de 2017, cuatro obreros subieron a un coche para dirigirse al trabajo cuando un todoterreno negro se detuvo repentinamente detr\u00e1s de ellos, bloque\u00e1ndoles el paso.  &nbsp;Agentes armados del ICE salieron del todoterreno y rodearon el coche, ladrando \u00f3rdenes en ingl\u00e9s y asustando a los trabajadores. Los agentes del ICE afirmaron que buscaban a dos hermanos de unos 20 a\u00f1os, pero todos los ocupantes del coche ten\u00edan entre 40 y 50 a\u00f1os y no ten\u00edan nada en com\u00fan con los hermanos, salvo su raza latina. Cuando los agentes del ICE se dieron cuenta r\u00e1pidamente de que los hermanos no estaban en el coche, en lugar de seguir buscando a los hermanos, dirigieron sus esfuerzos a detener a los ocupantes del coche.  <\/p>\n<p>Esta detenci\u00f3n tuvo lugar en Fairmont Gardens, uno de los mayores complejos de apartamentos de bajos ingresos de Annandale, Virginia, con una poblaci\u00f3n de inquilinos casi totalmente latina. En febrero y marzo de este a\u00f1o, el ICE hizo redadas en apartamentos de Fairmont Gardens al menos en cinco ocasiones, muchas m\u00e1s que en cualquier otro complejo de apartamentos de tama\u00f1o comparable en el \u00e1rea metropolitana de Washington, D.C. El LAJC lleva mucho tiempo trabajando con los inquilinos y jornaleros de este complejo de apartamentos, represent\u00e1ndoles en asuntos como el robo de salarios, la defensa en caso de desahucio y la protecci\u00f3n de los consumidores; desde hace casi una d\u00e9cada, celebramos dos veces al mes una reuni\u00f3n comunitaria y distribuimos bancos de alimentos en el complejo. Por este motivo, los residentes de Fairmont Gardens sab\u00edan que pod\u00edan confiar en el LAJC para que les defendiera cuando el ICE llamara a sus puertas.   <\/p>\n<p>Desde que el presidente Trump asumi\u00f3 el cargo, el n\u00famero de detenciones del ICE de personas sin antecedentes penales se ha duplicado con creces. Muchas de ellas adoptan la forma de lo que el ICE denomina detenciones colaterales, o detenciones de personas que nunca estuvieron en ninguna lista de objetivos ni fueron objeto de ninguna investigaci\u00f3n, sino que tuvieron la mala suerte de encontrarse en el lugar equivocado en el momento equivocado. (El LAJC ya representa a 13 personas que fueron v\u00edctimas de tales detenciones colaterales desde el 20 de enero). Estas detenciones colaterales violan a menudo la Constituci\u00f3n, especialmente las prohibiciones de la Cuarta Enmienda contra los registros e incautaciones ilegales y las prohibiciones de la Quinta Enmienda contra las detenciones por perfil racial, exactamente lo que el LAJC sostiene que ocurri\u00f3 en este caso.   <\/p>\n<p>En contra de la acalorada ret\u00f3rica antiinmigraci\u00f3n del presidente Trump y del fiscal general Jeff Sessions, estas detenciones indiscriminadas no hacen que las comunidades sean m\u00e1s seguras. Por el contrario, infligen da\u00f1os colaterales que hacen que las comunidades sean menos seguras al separar a las familias y engendrar miedo. La actual pol\u00edtica del ICE crea desconfianza entre nuestras comunidades de inmigrantes y todos los funcionarios del gobierno. Disminuye la posibilidad de que alguien que necesite ayuda busque ayuda, poniendo as\u00ed a los m\u00e1s vulnerables de entre nosotros en un peligro a\u00fan mayor y dej\u00e1ndoles con menos recursos: por ejemplo, un condado del norte de Virginia informa de que su l\u00ednea directa de violencia dom\u00e9stica ha visto disminuir en un 30% las llamadas de hablantes de lenguas distintas del ingl\u00e9s. Esperamos que esta demanda, y otras similares, ayuden a empoderar a nuestras comunidades de inmigrantes y garanticen la protecci\u00f3n de sus derechos constitucionales.    <\/p>\n<p><a href=\"https:\/\/www.justice4all.org\/wp-content\/uploads\/2017\/08\/1-Complaint-08-23-2017.pdf\" target=\"_blank\" rel=\"noopener\">Lee la denuncia legal (pdf)<\/a><\/p>\n<p><strong>Medios de comunicaci\u00f3n:<\/strong><\/p>\n<p><a href=\"http:\/\/www.nbcwashington.com\/news\/local\/Lawsuit-Claims-Racial-Profiling-in-ICE-Arrests_Washington-DC-441573393.html\" target=\"_blank\" rel=\"noopener\">http:\/\/www.nbcwashington.com\/news\/local\/Lawsuit-Claims-Racial-Profiling-in-ICE-Arrests_Washington-DC-441573393.html<\/a><\/p>\n<p><a href=\"https:\/\/www.washingtonpost.com\/local\/public-safety\/immigrant-group-in-va-sues-ice-over-collateral-arrests-it-calls-unconstitutional\/2017\/08\/23\/a99d5f40-8834-11e7-a94f-3139abce39f5_story.html?utm_term=.3a9bd4c10b33\" target=\"_blank\" rel=\"noopener\">https:\/\/www.washingtonpost.com\/local\/public-safety\/immigrant-group-in-va-sues-ice-over-collateral-arrests-it-calls-unconstitutional\/2017\/08\/23\/a99d5f40-8834-11e7-a94f-3139abce39f5_story.html?utm_term=.3a9bd4c10b33<\/a><\/p>\n<p><strong>Acerca del Centro<\/strong> de Justicia de Asistencia Jur\u00eddica<strong>:<\/strong><br \/>\nEl Centro de Justicia de Asistencia Jur\u00eddica (LAJC) lucha contra la injusticia en la vida de los ciudadanos de Virginia, al tiempo que erradica las desigualdades que mantienen a la gente en la pobreza mediante litigios, defensa de pol\u00edticas y organizaci\u00f3n comunitaria. El Programa de Defensa de la Inmigraci\u00f3n del LAJC apoya a los inmigrantes con bajos ingresos en sus esfuerzos por encontrar justicia y un trato justo. &nbsp;<\/p>\n<p>&nbsp;<\/p><\/div>\n","protected":false},"excerpt":{"rendered":"<p>PARA PUBLICACI\u00d3N INMEDIATA Contacto: Simon Sandoval-Moshenberg Director Jur\u00eddico, Programa de Defensa de los Inmigrantes 703-720-5605 \/ simon@justice4all.org&nbsp; El mi\u00e9rcoles, el Centro de Justicia de Ayuda Legal, junto con el bufete de abogados Covington &amp; Burling LLP, present\u00f3 una demanda en nombre de dos hombres de raza y etnia latinas contra agentes federales de inmigraci\u00f3n por [&hellip;]<\/p>\n","protected":false},"author":7,"featured_media":0,"parent":0,"menu_order":0,"template":"","format":"standard","meta":{"footnotes":""},"lajc-tax-news-type":[],"lajc-tax-roles":[],"lajc-tax-issues":[],"lajc-tax-locations":[],"class_list":["post-19787","lajc_news","type-lajc_news","status-publish","format-standard","hentry"],"acf":[],"yoast_head":"<!-- This site is optimized with the Yoast SEO plugin v27.5 - https:\/\/yoast.com\/product\/yoast-seo-wordpress\/ -->\n<title>Demanda civil contra las detenciones por perfil racial del ICE - Legal Aid Justice Center<\/title>\n<meta name=\"robots\" content=\"index, follow, max-snippet:-1, max-image-preview:large, max-video-preview:-1\" \/>\n<link rel=\"canonical\" href=\"https:\/\/www.justice4all.org\/es\/news\/demanda-civil-contra-las-detenciones-por-perfil-racial-del-ice\/\" \/>\n<meta property=\"og:locale\" content=\"es_ES\" \/>\n<meta property=\"og:type\" content=\"article\" \/>\n<meta property=\"og:title\" content=\"Demanda civil contra las detenciones por perfil racial del ICE - Legal Aid Justice Center\" \/>\n<meta property=\"og:description\" content=\"PARA PUBLICACI\u00d3N INMEDIATA Contacto: Simon Sandoval-Moshenberg Director Jur\u00eddico, Programa de Defensa de los Inmigrantes 703-720-5605 \/ simon@justice4all.org&nbsp; El mi\u00e9rcoles, el Centro de Justicia de Ayuda Legal, junto con el bufete de abogados Covington &amp; Burling LLP, present\u00f3 una demanda en nombre de dos hombres de raza y etnia latinas contra agentes federales de inmigraci\u00f3n por [&hellip;]\" \/>\n<meta property=\"og:url\" content=\"https:\/\/www.justice4all.org\/es\/news\/demanda-civil-contra-las-detenciones-por-perfil-racial-del-ice\/\" \/>\n<meta property=\"og:site_name\" content=\"Legal Aid Justice Center\" \/>\n<meta name=\"twitter:card\" content=\"summary_large_image\" \/>\n<meta name=\"twitter:label1\" content=\"Tiempo de lectura\" \/>\n\t<meta name=\"twitter:data1\" content=\"5 minuto\" \/>\n<script type=\"application\/ld+json\" class=\"yoast-schema-graph\">{\"@context\":\"https:\\\/\\\/schema.org\",\"@graph\":[{\"@type\":\"WebPage\",\"@id\":\"https:\\\/\\\/www.justice4all.org\\\/es\\\/news\\\/demanda-civil-contra-las-detenciones-por-perfil-racial-del-ice\\\/\",\"url\":\"https:\\\/\\\/www.justice4all.org\\\/es\\\/news\\\/demanda-civil-contra-las-detenciones-por-perfil-racial-del-ice\\\/\",\"name\":\"Demanda civil contra las detenciones por perfil racial del ICE - Legal Aid Justice Center\",\"isPartOf\":{\"@id\":\"https:\\\/\\\/www.justice4all.org\\\/es\\\/#website\"},\"datePublished\":\"2017-08-28T13:57:58+00:00\",\"breadcrumb\":{\"@id\":\"https:\\\/\\\/www.justice4all.org\\\/es\\\/news\\\/demanda-civil-contra-las-detenciones-por-perfil-racial-del-ice\\\/#breadcrumb\"},\"inLanguage\":\"es\",\"potentialAction\":[{\"@type\":\"ReadAction\",\"target\":[\"https:\\\/\\\/www.justice4all.org\\\/es\\\/news\\\/demanda-civil-contra-las-detenciones-por-perfil-racial-del-ice\\\/\"]}]},{\"@type\":\"BreadcrumbList\",\"@id\":\"https:\\\/\\\/www.justice4all.org\\\/es\\\/news\\\/demanda-civil-contra-las-detenciones-por-perfil-racial-del-ice\\\/#breadcrumb\",\"itemListElement\":[{\"@type\":\"ListItem\",\"position\":1,\"name\":\"Home\",\"item\":\"https:\\\/\\\/www.justice4all.org\\\/es\\\/\"},{\"@type\":\"ListItem\",\"position\":2,\"name\":\"Demanda civil contra las detenciones por perfil racial del ICE\"}]},{\"@type\":\"WebSite\",\"@id\":\"https:\\\/\\\/www.justice4all.org\\\/es\\\/#website\",\"url\":\"https:\\\/\\\/www.justice4all.org\\\/es\\\/\",\"name\":\"Legal Aid Justice Center\",\"description\":\"\",\"potentialAction\":[{\"@type\":\"SearchAction\",\"target\":{\"@type\":\"EntryPoint\",\"urlTemplate\":\"https:\\\/\\\/www.justice4all.org\\\/es\\\/?s={search_term_string}\"},\"query-input\":{\"@type\":\"PropertyValueSpecification\",\"valueRequired\":true,\"valueName\":\"search_term_string\"}}],\"inLanguage\":\"es\"}]}<\/script>\n<!-- \/ Yoast SEO plugin. -->","yoast_head_json":{"title":"Demanda civil contra las detenciones por perfil racial del ICE - Legal Aid Justice Center","robots":{"index":"index","follow":"follow","max-snippet":"max-snippet:-1","max-image-preview":"max-image-preview:large","max-video-preview":"max-video-preview:-1"},"canonical":"https:\/\/www.justice4all.org\/es\/news\/demanda-civil-contra-las-detenciones-por-perfil-racial-del-ice\/","og_locale":"es_ES","og_type":"article","og_title":"Demanda civil contra las detenciones por perfil racial del ICE - Legal Aid Justice Center","og_description":"PARA PUBLICACI\u00d3N INMEDIATA Contacto: Simon Sandoval-Moshenberg Director Jur\u00eddico, Programa de Defensa de los Inmigrantes 703-720-5605 \/ simon@justice4all.org&nbsp; El mi\u00e9rcoles, el Centro de Justicia de Ayuda Legal, junto con el bufete de abogados Covington &amp; Burling LLP, present\u00f3 una demanda en nombre de dos hombres de raza y etnia latinas contra agentes federales de inmigraci\u00f3n por [&hellip;]","og_url":"https:\/\/www.justice4all.org\/es\/news\/demanda-civil-contra-las-detenciones-por-perfil-racial-del-ice\/","og_site_name":"Legal Aid Justice Center","twitter_card":"summary_large_image","twitter_misc":{"Tiempo de lectura":"5 minuto"},"schema":{"@context":"https:\/\/schema.org","@graph":[{"@type":"WebPage","@id":"https:\/\/www.justice4all.org\/es\/news\/demanda-civil-contra-las-detenciones-por-perfil-racial-del-ice\/","url":"https:\/\/www.justice4all.org\/es\/news\/demanda-civil-contra-las-detenciones-por-perfil-racial-del-ice\/","name":"Demanda civil contra las detenciones por perfil racial del ICE - Legal Aid Justice Center","isPartOf":{"@id":"https:\/\/www.justice4all.org\/es\/#website"},"datePublished":"2017-08-28T13:57:58+00:00","breadcrumb":{"@id":"https:\/\/www.justice4all.org\/es\/news\/demanda-civil-contra-las-detenciones-por-perfil-racial-del-ice\/#breadcrumb"},"inLanguage":"es","potentialAction":[{"@type":"ReadAction","target":["https:\/\/www.justice4all.org\/es\/news\/demanda-civil-contra-las-detenciones-por-perfil-racial-del-ice\/"]}]},{"@type":"BreadcrumbList","@id":"https:\/\/www.justice4all.org\/es\/news\/demanda-civil-contra-las-detenciones-por-perfil-racial-del-ice\/#breadcrumb","itemListElement":[{"@type":"ListItem","position":1,"name":"Home","item":"https:\/\/www.justice4all.org\/es\/"},{"@type":"ListItem","position":2,"name":"Demanda civil contra las detenciones por perfil racial del ICE"}]},{"@type":"WebSite","@id":"https:\/\/www.justice4all.org\/es\/#website","url":"https:\/\/www.justice4all.org\/es\/","name":"Legal Aid Justice Center","description":"","potentialAction":[{"@type":"SearchAction","target":{"@type":"EntryPoint","urlTemplate":"https:\/\/www.justice4all.org\/es\/?s={search_term_string}"},"query-input":{"@type":"PropertyValueSpecification","valueRequired":true,"valueName":"search_term_string"}}],"inLanguage":"es"}]}},"_links":{"self":[{"href":"https:\/\/www.justice4all.org\/es\/wp-json\/wp\/v2\/lajc_news\/19787","targetHints":{"allow":["GET"]}}],"collection":[{"href":"https:\/\/www.justice4all.org\/es\/wp-json\/wp\/v2\/lajc_news"}],"about":[{"href":"https:\/\/www.justice4all.org\/es\/wp-json\/wp\/v2\/types\/lajc_news"}],"author":[{"embeddable":true,"href":"https:\/\/www.justice4all.org\/es\/wp-json\/wp\/v2\/users\/7"}],"version-history":[{"count":0,"href":"https:\/\/www.justice4all.org\/es\/wp-json\/wp\/v2\/lajc_news\/19787\/revisions"}],"wp:attachment":[{"href":"https:\/\/www.justice4all.org\/es\/wp-json\/wp\/v2\/media?parent=19787"}],"wp:term":[{"taxonomy":"lajc-tax-news-type","embeddable":true,"href":"https:\/\/www.justice4all.org\/es\/wp-json\/wp\/v2\/lajc-tax-news-type?post=19787"},{"taxonomy":"lajc-tax-roles","embeddable":true,"href":"https:\/\/www.justice4all.org\/es\/wp-json\/wp\/v2\/lajc-tax-roles?post=19787"},{"taxonomy":"lajc-tax-issues","embeddable":true,"href":"https:\/\/www.justice4all.org\/es\/wp-json\/wp\/v2\/lajc-tax-issues?post=19787"},{"taxonomy":"lajc-tax-locations","embeddable":true,"href":"https:\/\/www.justice4all.org\/es\/wp-json\/wp\/v2\/lajc-tax-locations?post=19787"}],"curies":[{"name":"wp","href":"https:\/\/api.w.org\/{rel}","templated":true}]}}