{"id":19782,"date":"2017-09-06T10:55:44","date_gmt":"2017-09-06T10:55:44","guid":{"rendered":"https:\/\/www.justice4all.org\/news\/las-mujeres-de-la-prision-de-fluvanna-presentan-una-mocion-de-desacato\/"},"modified":"2017-09-06T10:55:44","modified_gmt":"2017-09-06T10:55:44","slug":"las-mujeres-de-la-prision-de-fluvanna-presentan-una-mocion-de-desacato","status":"publish","type":"lajc_news","link":"https:\/\/www.justice4all.org\/es\/news\/las-mujeres-de-la-prision-de-fluvanna-presentan-una-mocion-de-desacato\/","title":{"rendered":"Las mujeres de la prisi\u00f3n de Fluvanna presentan una moci\u00f3n de desacato"},"content":{"rendered":"<div class=\"lajc-m-content\"><strong><u>PARA PUBLICACI\u00d3N INMEDIATA<\/u><\/strong><\/p>\n<p><strong>Para m\u00e1s informaci\u00f3n, ponte en contacto con:<br \/>\n<\/strong><strong>Brenda Casta\u00f1eda, Esq.<br \/>\n<\/strong><strong>Legal Aid Justice Center<br \/>\n<\/strong><span style=\"font-size: 15px; letter-spacing: 0.1em;\">434-529-1849<br \/>\n<\/span>brenda@justice4all.org<\/p>\n<p><strong>&nbsp;<\/strong><strong>LAS MUJERES DE LA C\u00c1RCEL DE FLUVANNA PRESENTAN UNA MOCI\u00d3N DE DESACATO ALEGANDO QUE VDOC SIGUE SIN PROPORCIONAR UNA ATENCI\u00d3N M\u00c9DICA ADECUADA<\/strong><strong><em>&nbsp;<\/em><\/strong><\/p>\n<p><strong>Charlottesville, Virginia, 6 de septiembre de 2017.<\/strong><\/p>\n<p><strong>&nbsp;<\/strong>&nbsp;&nbsp;&nbsp;&nbsp;&nbsp;&nbsp;&nbsp;&nbsp;&nbsp;&nbsp;&nbsp;  Las mujeres encarceladas en el Centro Correccional para Mujeres de Fluvanna (FCCW) presentaron el mi\u00e9rcoles una moci\u00f3n por desacato ante el Tribunal Federal de Distrito de Charlottesville, pidiendo al tribunal que haga cumplir un Acuerdo de Conciliaci\u00f3n de demanda colectiva decidido el a\u00f1o pasado.  &nbsp;El acuerdo, aprobado por el juez Norman K. Moon el 5 de febrero de 2016, exige la supervisi\u00f3n de los sistemas de atenci\u00f3n m\u00e9dica de la prisi\u00f3n por un Monitor de Cumplimiento independiente durante al menos tres a\u00f1os.&nbsp;  Las mujeres acusan a la FCCW de seguir sin proporcionar una atenci\u00f3n m\u00e9dica constitucionalmente adecuada, en violaci\u00f3n del acuerdo.&nbsp;<\/p>\n<p>&nbsp;&nbsp;&nbsp;&nbsp;&nbsp;&nbsp;&nbsp;&nbsp;&nbsp;&nbsp;&nbsp;  Las mujeres, representadas por abogados del Legal Aid Justice Center (LAJC), Wiley Rein LLP y The Washington Lawyers&#8217; Committee (WLC), sostienen que los informes del Monitor reflejan una inquietante y continua resistencia del Departamento Correccional de Virginia (VDOC) a aplicar los cambios necesarios en el sistema de atenci\u00f3n m\u00e9dica del FCCW. Dada esta resistencia, los abogados de las mujeres creen que es necesaria la intervenci\u00f3n judicial para proteger la vida de sus clientes. Los graves da\u00f1os que describen las mujeres incluyen el deterioro continuo de enfermedades tratables, el sufrimiento continuo atribuible al dolor cr\u00f3nico intenso y la exposici\u00f3n innecesaria a afecciones evitables y, en algunos casos, a la muerte evitable. Son estos graves da\u00f1os los que justifican sanciones en\u00e9rgicas para obligar al VDOC a proporcionar una atenci\u00f3n constitucional.   <\/p>\n<p>&nbsp;&nbsp;&nbsp;&nbsp;&nbsp;&nbsp;&nbsp;&nbsp;&nbsp;&nbsp;&nbsp;  En su moci\u00f3n, las mujeres relatan los terribles resultados de la incapacidad de VDOC y FCCW para proporcionar una atenci\u00f3n adecuada.&nbsp;  Una mujer con c\u00e1ncer de melanoma en estadio IV tuvo que sufrir los efectos secundarios debilitantes y dolorosos de la inmunoterapia despu\u00e9s de que un m\u00e9dico de la prisi\u00f3n dijera que simplemente ten\u00eda una infecci\u00f3n sinusal y le ordenara un spray nasal.&nbsp;  Cuando la FCCW la llev\u00f3 al Centro M\u00e9dico de la UVA, estaba s\u00e9ptica.&nbsp;  Otra mujer, Sherry Richburg, relata c\u00f3mo la FCCW no trat\u00f3 adecuadamente una infecci\u00f3n f\u00fangica en su pierna resultante de una intervenci\u00f3n quir\u00fargica anterior.&nbsp;  Como consecuencia de ello, y desde su puesta en libertad, la pierna de la Sra. Richburg ha sido amputada hasta la cadera.&nbsp;  La Sra. Richburg dice: \u00abNo s\u00f3lo me castigaron por mi delito, sino que me castigaron por segunda vez cuando la FCCW me neg\u00f3 atenci\u00f3n m\u00e9dica cr\u00edtica\u00bb.<\/p>\n<p>&nbsp;&nbsp;&nbsp;&nbsp;&nbsp;&nbsp;&nbsp;&nbsp;&nbsp;&nbsp;&nbsp;  \u00abAunque ten\u00edamos esperanzas de que el VDOC introdujera cambios significativos en el sistema de asistencia sanitaria de la prisi\u00f3n de Fluvanna tras el Acuerdo, estamos consternados al saber que las reclusas siguen padeciendo graves sufrimientos\u00bb, declar\u00f3 Ted Howard, abogado de Wiley Rein para las demandantes en el caso. \u00abEl VDOC sigue estando muy por debajo de sus obligaciones legales de proporcionar una atenci\u00f3n sanitaria adecuada a las mujeres de la FCCW.  En consecuencia, presentamos esta demanda ante el Tribunal para proteger los derechos de nuestras clientes y su salud.\u00bb <\/p>\n<p>&nbsp;&nbsp;&nbsp;&nbsp;&nbsp;&nbsp;&nbsp;&nbsp;&nbsp;&nbsp;&nbsp;  Brenda Casta\u00f1eda, del Legal Aid Justice Center, a\u00f1adi\u00f3: \u00abEs indignante que sigamos oyendo hablar de la negligencia y la mala gesti\u00f3n del VDOC a las mujeres del FCCW. Virginia gasta m\u00e1s de mil millones de d\u00f3lares<a href=\"#_ftn1\" name=\"_ftnref1\">[1]<\/a> al a\u00f1o en gastos del DOC, pero la salud y el bienestar de las decenas de miles de mujeres y hombres que el estado decide encerrar siguen amenazados. Ya es hora de que Virginia se plantee si debe seguir encarcelando a tantos de sus residentes, si al hacerlo el estado no puede cumplir el mandato constitucional de proporcionarles una atenci\u00f3n m\u00e9dica adecuada.\u00bb  <\/p>\n<p>&nbsp;&nbsp;&nbsp;&nbsp;&nbsp;&nbsp;&nbsp;&nbsp;&nbsp;&nbsp;&nbsp;  Las mujeres de Fluvanna solicitan que el Tribunal declare que VDOC desobedeci\u00f3 al tribunal y ordene a VDOC y al personal m\u00e9dico de FCCW que cumplan las condiciones del Acuerdo que exigen mejoras en la atenci\u00f3n m\u00e9dica. Adem\u00e1s, las mujeres solicitan que el Juez sancione a los Demandados ordenando a VDOC el pago de multas monetarias y que se ordene a los Demandados que presenten un informe exhaustivo sobre c\u00f3mo cumplir\u00e1n sus obligaciones seg\u00fan el Acuerdo de Conciliaci\u00f3n. <\/p>\n<p><a href=\"https:\/\/www.justice4all.org\/wp-content\/uploads\/2017\/09\/266-Memorandum-in-support-of-Pltfs-motion-to-show-cause.pdf\" target=\"_blank\" rel=\"noopener\">Memor\u00e1ndum en apoyo de la petici\u00f3n del demandante de mostrar causa (PDF)<\/a><\/p>\n<p>&nbsp;<\/p>\n<p><strong>Acerca del Centro<\/strong> <a href=\"https:\/\/www.justice4all.org\/es\/\">de Ayuda Jur\u00eddica y<\/a> Justicia <strong><br \/>\n El<\/strong> Centro de Ayuda Jur\u00eddica y Justicia (LAJC) lucha contra la injusticia en la vida de los ciudadanos de Virginia, al tiempo que erradica las pol\u00edticas y pr\u00e1cticas explotadoras que mantienen a la gente en la pobreza. LAJC utiliza litigios de impacto, organizaci\u00f3n comunitaria y defensa de pol\u00edticas para resolver problemas urgentes en \u00e1mbitos como la vivienda, la educaci\u00f3n, los derechos civiles, la inmigraci\u00f3n, la sanidad y la financiaci\u00f3n al consumo. Las principales \u00e1reas de servicio del LAJC son Charlottesville, Virginia del Norte, Richmond y Petersburg, pero los efectos de su trabajo se dejan sentir en todo el estado.<\/p>\n<p><strong>Acerca de Wiley Rein<br \/>\n<\/strong>Fundado en 1983, Wiley Rein tiene una presencia dominante en la capital del pa\u00eds. Con 240 abogados, el bufete se ha ganado una prominencia internacional representando a clientes en asuntos normativos, contenciosos y transaccionales complejos y de alto riesgo. Muchos de los abogados y asesores de pol\u00edtica p\u00fablica de Wiley Rein han ocupado puestos de alto nivel en la Casa Blanca y organismos federales y en el Capitolio. El bufete representa a una amplia gama de clientes -desde empresas de la lista Fortune 500 hasta asociaciones comerciales y particulares- en pr\u00e1cticamente todos los sectores. Wiley Rein tambi\u00e9n presta cada a\u00f1o importantes servicios jur\u00eddicos pro bono y realiza aportaciones ben\u00e9ficas a la comunidad local.    <\/p>\n<p><strong>Acerca del<\/strong>Comit\u00e9 de Abogados de Washington para los Derechos Civiles y Asuntos Urbanos <strong><br \/>\n Desde su creaci\u00f3n en 1968, la misi\u00f3n del Comit\u00e9 de Abogados de Washington para los Derechos Civiles y Asuntos Urbanos ha sido movilizar los recursos de la abogac\u00eda privada para abordar los problemas de las violaciones de los derechos civiles y la pobreza en nuestra comunidad.<\/strong> El Comit\u00e9 de Abogados de Washington ofrece representaci\u00f3n pro bono en una amplia gama de derechos civiles y cuestiones relacionadas con la pobreza que afectan a&nbsp;todos los grupos protegidos por nuestras leyes federales, estatales y locales de derechos civiles.<\/p>\n<p style=\"text-align: center;\"><em>###<\/em><\/p>\n<p>&nbsp;<\/p>\n<p style=\"text-align: center;\"><em>Sigue al Centro de Justicia de Ayuda Legal en Twitter <\/em><a href=\"https:\/\/twitter.com\/LegalAidJustice\"><em>@AyudaLegalJusticia<\/em><\/a><em> y encu\u00e9ntranos en <\/em><a href=\"https:\/\/www.facebook.com\/LegalAidJusticeCenter\/\"><em>Facebook<\/em><\/a><em>.<br \/>\n<\/em><a href=\"https:\/\/www.justice4all.org\/es\/\"><em>www.justice4all.org<\/em><\/a><\/p>\n<p><a href=\"#_ftnref1\" name=\"_ftn1\">[1]<\/a> <a href=\"http:\/\/www.sentencingproject.org\/the-facts\/#map\" target=\"_blank\" rel=\"noopener\">http:\/\/www.sentencingproject.org\/the-facts\/#map<\/a><\/div>\n","protected":false},"excerpt":{"rendered":"<p>PARA PUBLICACI\u00d3N INMEDIATA Para m\u00e1s informaci\u00f3n, ponte en contacto con: Brenda Casta\u00f1eda, Esq. Legal Aid Justice Center 434-529-1849 brenda@justice4all.org &nbsp;LAS MUJERES DE LA C\u00c1RCEL DE FLUVANNA PRESENTAN UNA MOCI\u00d3N DE DESACATO ALEGANDO QUE VDOC SIGUE SIN PROPORCIONAR UNA ATENCI\u00d3N M\u00c9DICA ADECUADA&nbsp; Charlottesville, Virginia, 6 de septiembre de 2017. &nbsp;&nbsp;&nbsp;&nbsp;&nbsp;&nbsp;&nbsp;&nbsp;&nbsp;&nbsp;&nbsp;&nbsp; Las mujeres encarceladas en el Centro [&hellip;]<\/p>\n","protected":false},"author":5,"featured_media":0,"parent":0,"menu_order":0,"template":"","format":"standard","meta":{"footnotes":""},"lajc-tax-news-type":[],"lajc-tax-roles":[],"lajc-tax-issues":[],"lajc-tax-locations":[],"class_list":["post-19782","lajc_news","type-lajc_news","status-publish","format-standard","hentry"],"acf":[],"yoast_head":"<!-- This site is optimized with the Yoast SEO plugin v27.5 - https:\/\/yoast.com\/product\/yoast-seo-wordpress\/ -->\n<title>Las mujeres de la prisi\u00f3n de Fluvanna presentan una moci\u00f3n de desacato - Legal Aid Justice Center<\/title>\n<meta name=\"robots\" content=\"index, follow, max-snippet:-1, max-image-preview:large, max-video-preview:-1\" \/>\n<link rel=\"canonical\" href=\"https:\/\/www.justice4all.org\/es\/news\/las-mujeres-de-la-prision-de-fluvanna-presentan-una-mocion-de-desacato\/\" \/>\n<meta property=\"og:locale\" content=\"es_ES\" \/>\n<meta property=\"og:type\" content=\"article\" \/>\n<meta property=\"og:title\" content=\"Las mujeres de la prisi\u00f3n de Fluvanna presentan una moci\u00f3n de desacato - Legal Aid Justice Center\" \/>\n<meta property=\"og:description\" content=\"PARA PUBLICACI\u00d3N INMEDIATA Para m\u00e1s informaci\u00f3n, ponte en contacto con: Brenda Casta\u00f1eda, Esq. Legal Aid Justice Center 434-529-1849 brenda@justice4all.org &nbsp;LAS MUJERES DE LA C\u00c1RCEL DE FLUVANNA PRESENTAN UNA MOCI\u00d3N DE DESACATO ALEGANDO QUE VDOC SIGUE SIN PROPORCIONAR UNA ATENCI\u00d3N M\u00c9DICA ADECUADA&nbsp; Charlottesville, Virginia, 6 de septiembre de 2017. &nbsp;&nbsp;&nbsp;&nbsp;&nbsp;&nbsp;&nbsp;&nbsp;&nbsp;&nbsp;&nbsp;&nbsp; Las mujeres encarceladas en el Centro [&hellip;]\" \/>\n<meta property=\"og:url\" content=\"https:\/\/www.justice4all.org\/es\/news\/las-mujeres-de-la-prision-de-fluvanna-presentan-una-mocion-de-desacato\/\" \/>\n<meta property=\"og:site_name\" content=\"Legal Aid Justice Center\" \/>\n<meta name=\"twitter:card\" content=\"summary_large_image\" \/>\n<meta name=\"twitter:label1\" content=\"Tiempo de lectura\" \/>\n\t<meta name=\"twitter:data1\" content=\"6 minuto\" \/>\n<script type=\"application\/ld+json\" class=\"yoast-schema-graph\">{\"@context\":\"https:\\\/\\\/schema.org\",\"@graph\":[{\"@type\":\"WebPage\",\"@id\":\"https:\\\/\\\/www.justice4all.org\\\/es\\\/news\\\/las-mujeres-de-la-prision-de-fluvanna-presentan-una-mocion-de-desacato\\\/\",\"url\":\"https:\\\/\\\/www.justice4all.org\\\/es\\\/news\\\/las-mujeres-de-la-prision-de-fluvanna-presentan-una-mocion-de-desacato\\\/\",\"name\":\"Las mujeres de la prisi\u00f3n de Fluvanna presentan una moci\u00f3n de desacato - Legal Aid Justice Center\",\"isPartOf\":{\"@id\":\"https:\\\/\\\/www.justice4all.org\\\/es\\\/#website\"},\"datePublished\":\"2017-09-06T10:55:44+00:00\",\"breadcrumb\":{\"@id\":\"https:\\\/\\\/www.justice4all.org\\\/es\\\/news\\\/las-mujeres-de-la-prision-de-fluvanna-presentan-una-mocion-de-desacato\\\/#breadcrumb\"},\"inLanguage\":\"es\",\"potentialAction\":[{\"@type\":\"ReadAction\",\"target\":[\"https:\\\/\\\/www.justice4all.org\\\/es\\\/news\\\/las-mujeres-de-la-prision-de-fluvanna-presentan-una-mocion-de-desacato\\\/\"]}]},{\"@type\":\"BreadcrumbList\",\"@id\":\"https:\\\/\\\/www.justice4all.org\\\/es\\\/news\\\/las-mujeres-de-la-prision-de-fluvanna-presentan-una-mocion-de-desacato\\\/#breadcrumb\",\"itemListElement\":[{\"@type\":\"ListItem\",\"position\":1,\"name\":\"Home\",\"item\":\"https:\\\/\\\/www.justice4all.org\\\/es\\\/\"},{\"@type\":\"ListItem\",\"position\":2,\"name\":\"Las mujeres de la prisi\u00f3n de Fluvanna presentan una moci\u00f3n de desacato\"}]},{\"@type\":\"WebSite\",\"@id\":\"https:\\\/\\\/www.justice4all.org\\\/es\\\/#website\",\"url\":\"https:\\\/\\\/www.justice4all.org\\\/es\\\/\",\"name\":\"Legal Aid Justice Center\",\"description\":\"\",\"potentialAction\":[{\"@type\":\"SearchAction\",\"target\":{\"@type\":\"EntryPoint\",\"urlTemplate\":\"https:\\\/\\\/www.justice4all.org\\\/es\\\/?s={search_term_string}\"},\"query-input\":{\"@type\":\"PropertyValueSpecification\",\"valueRequired\":true,\"valueName\":\"search_term_string\"}}],\"inLanguage\":\"es\"}]}<\/script>\n<!-- \/ Yoast SEO plugin. -->","yoast_head_json":{"title":"Las mujeres de la prisi\u00f3n de Fluvanna presentan una moci\u00f3n de desacato - Legal Aid Justice Center","robots":{"index":"index","follow":"follow","max-snippet":"max-snippet:-1","max-image-preview":"max-image-preview:large","max-video-preview":"max-video-preview:-1"},"canonical":"https:\/\/www.justice4all.org\/es\/news\/las-mujeres-de-la-prision-de-fluvanna-presentan-una-mocion-de-desacato\/","og_locale":"es_ES","og_type":"article","og_title":"Las mujeres de la prisi\u00f3n de Fluvanna presentan una moci\u00f3n de desacato - Legal Aid Justice Center","og_description":"PARA PUBLICACI\u00d3N INMEDIATA Para m\u00e1s informaci\u00f3n, ponte en contacto con: Brenda Casta\u00f1eda, Esq. Legal Aid Justice Center 434-529-1849 brenda@justice4all.org &nbsp;LAS MUJERES DE LA C\u00c1RCEL DE FLUVANNA PRESENTAN UNA MOCI\u00d3N DE DESACATO ALEGANDO QUE VDOC SIGUE SIN PROPORCIONAR UNA ATENCI\u00d3N M\u00c9DICA ADECUADA&nbsp; Charlottesville, Virginia, 6 de septiembre de 2017. &nbsp;&nbsp;&nbsp;&nbsp;&nbsp;&nbsp;&nbsp;&nbsp;&nbsp;&nbsp;&nbsp;&nbsp; Las mujeres encarceladas en el Centro [&hellip;]","og_url":"https:\/\/www.justice4all.org\/es\/news\/las-mujeres-de-la-prision-de-fluvanna-presentan-una-mocion-de-desacato\/","og_site_name":"Legal Aid Justice Center","twitter_card":"summary_large_image","twitter_misc":{"Tiempo de lectura":"6 minuto"},"schema":{"@context":"https:\/\/schema.org","@graph":[{"@type":"WebPage","@id":"https:\/\/www.justice4all.org\/es\/news\/las-mujeres-de-la-prision-de-fluvanna-presentan-una-mocion-de-desacato\/","url":"https:\/\/www.justice4all.org\/es\/news\/las-mujeres-de-la-prision-de-fluvanna-presentan-una-mocion-de-desacato\/","name":"Las mujeres de la prisi\u00f3n de Fluvanna presentan una moci\u00f3n de desacato - Legal Aid Justice Center","isPartOf":{"@id":"https:\/\/www.justice4all.org\/es\/#website"},"datePublished":"2017-09-06T10:55:44+00:00","breadcrumb":{"@id":"https:\/\/www.justice4all.org\/es\/news\/las-mujeres-de-la-prision-de-fluvanna-presentan-una-mocion-de-desacato\/#breadcrumb"},"inLanguage":"es","potentialAction":[{"@type":"ReadAction","target":["https:\/\/www.justice4all.org\/es\/news\/las-mujeres-de-la-prision-de-fluvanna-presentan-una-mocion-de-desacato\/"]}]},{"@type":"BreadcrumbList","@id":"https:\/\/www.justice4all.org\/es\/news\/las-mujeres-de-la-prision-de-fluvanna-presentan-una-mocion-de-desacato\/#breadcrumb","itemListElement":[{"@type":"ListItem","position":1,"name":"Home","item":"https:\/\/www.justice4all.org\/es\/"},{"@type":"ListItem","position":2,"name":"Las mujeres de la prisi\u00f3n de Fluvanna presentan una moci\u00f3n de desacato"}]},{"@type":"WebSite","@id":"https:\/\/www.justice4all.org\/es\/#website","url":"https:\/\/www.justice4all.org\/es\/","name":"Legal Aid Justice Center","description":"","potentialAction":[{"@type":"SearchAction","target":{"@type":"EntryPoint","urlTemplate":"https:\/\/www.justice4all.org\/es\/?s={search_term_string}"},"query-input":{"@type":"PropertyValueSpecification","valueRequired":true,"valueName":"search_term_string"}}],"inLanguage":"es"}]}},"_links":{"self":[{"href":"https:\/\/www.justice4all.org\/es\/wp-json\/wp\/v2\/lajc_news\/19782","targetHints":{"allow":["GET"]}}],"collection":[{"href":"https:\/\/www.justice4all.org\/es\/wp-json\/wp\/v2\/lajc_news"}],"about":[{"href":"https:\/\/www.justice4all.org\/es\/wp-json\/wp\/v2\/types\/lajc_news"}],"author":[{"embeddable":true,"href":"https:\/\/www.justice4all.org\/es\/wp-json\/wp\/v2\/users\/5"}],"version-history":[{"count":0,"href":"https:\/\/www.justice4all.org\/es\/wp-json\/wp\/v2\/lajc_news\/19782\/revisions"}],"wp:attachment":[{"href":"https:\/\/www.justice4all.org\/es\/wp-json\/wp\/v2\/media?parent=19782"}],"wp:term":[{"taxonomy":"lajc-tax-news-type","embeddable":true,"href":"https:\/\/www.justice4all.org\/es\/wp-json\/wp\/v2\/lajc-tax-news-type?post=19782"},{"taxonomy":"lajc-tax-roles","embeddable":true,"href":"https:\/\/www.justice4all.org\/es\/wp-json\/wp\/v2\/lajc-tax-roles?post=19782"},{"taxonomy":"lajc-tax-issues","embeddable":true,"href":"https:\/\/www.justice4all.org\/es\/wp-json\/wp\/v2\/lajc-tax-issues?post=19782"},{"taxonomy":"lajc-tax-locations","embeddable":true,"href":"https:\/\/www.justice4all.org\/es\/wp-json\/wp\/v2\/lajc-tax-locations?post=19782"}],"curies":[{"name":"wp","href":"https:\/\/api.w.org\/{rel}","templated":true}]}}