{"id":19778,"date":"2017-09-27T20:39:32","date_gmt":"2017-09-27T20:39:32","guid":{"rendered":"https:\/\/www.justice4all.org\/news\/la-coordinadora-de-rise-valarie-slater-gana-una-beca\/"},"modified":"2017-09-27T20:39:32","modified_gmt":"2017-09-27T20:39:32","slug":"la-coordinadora-de-rise-valarie-slater-gana-una-beca","status":"publish","type":"lajc_news","link":"https:\/\/www.justice4all.org\/es\/news\/la-coordinadora-de-rise-valarie-slater-gana-una-beca\/","title":{"rendered":"La coordinadora de RISE, Valarie Slater, gana una beca"},"content":{"rendered":"<div class=\"lajc-m-content\"><strong><u>PARA PUBLICACI\u00d3N INMEDIATA<\/u><\/strong><\/p>\n<p><strong>CONTACTO:<br \/>\n<\/strong>Rachael Deane<br \/>\nDirectora Jur\u00eddica, Programa JustChildren, Centro de Justicia de Asistencia Jur\u00eddica<br \/>\n804-521-7304 | <a href=\"mailto:rachael@justice4all.org\">rachael@justice4all.org<\/a><\/p>\n<p><strong>UN DEFENSOR LOCAL GANA UNA PRESTIGIOSA BECA EN JUSTICIA JUVENIL<br \/>\n<\/strong><strong><em>La beca apoya a los defensores de la reforma de la justicia juvenil de color <\/em><\/strong> <\/p>\n<p><strong>Richmond, Virginia, 29 de septiembre de 2017 -Valerie<\/strong>Slater, abogada y coordinadora de la coalici\u00f3n RISE for Youth del Centro de Justicia de Asistencia Jur\u00eddica, ha sido elegida becaria del <a href=\"http:\/\/www.njjn.org\/our-work\/youth-justice-leadership-institute-building-a-movement\" target=\"_blank\" rel=\"noopener\">Instituto de Liderazgo en Justicia Juvenil<\/a>. El Instituto es un prestigioso programa nacional de becas para defensores de la reforma de la justicia juvenil dirigido por la <a href=\"http:\/\/www.njjn.org\/\" target=\"_blank\" rel=\"noopener\">Red Nacional de Justicia Juvenil<\/a> (NJJN) en Washington, DC. Las solicitudes para participar en este programa de desarrollo del liderazgo, de un a\u00f1o de duraci\u00f3n, son competitivas, y s\u00f3lo se seleccionan diez personas al a\u00f1o.  <\/p>\n<p>La Sra. Slater coordina la coalici\u00f3n Reinvest in Supportive Environments (RISE) for Youth (Reinvertir en Entornos de Apoyo), una coalici\u00f3n de campa\u00f1a estatal no partidista con el objetivo central de desarrollar alternativas comunitarias al encarcelamiento juvenil.&nbsp;  Ha sido abogada del disAbility Law Center de Virginia y se licenci\u00f3 en la Facultad de Derecho de la Universidad de Richmond, donde particip\u00f3 en las cl\u00ednicas de Defensa del Menor y de Derechos Educativos.<\/p>\n<p>\u00abValerie es una l\u00edder excepcional que amplifica las voces de los j\u00f3venes y las comunidades de color para reformar el sistema de justicia juvenil de Virginia\u00bb, dijo Rachael Deane, directora jur\u00eddica del programa JustChildren del Centro de Justicia de Ayuda Legal. \u00abEsta beca mejorar\u00e1 el trabajo de la Coalici\u00f3n RISE para exigir alternativas al encarcelamiento de los j\u00f3venes en Virginia\u00bb. <\/p>\n<p>\u00abLa justicia juvenil s\u00f3lo puede ser equitativa cuando los j\u00f3venes y las familias afectados participan en la configuraci\u00f3n de ese sistema de justicia\u00bb, afirm\u00f3 Valerie Slater. \u00abEn su inmensa mayor\u00eda, los j\u00f3venes y las familias afectados son personas de color. Me siento honrada de tener esta oportunidad de crecer como l\u00edder mientras trabajamos para derribar barreras y crear oportunidades para que las comunidades afectadas hagan valer su poder para ayudar a transformar la justicia juvenil en Virginia.\u00bb <\/p>\n<p>Aunque las comunidades de color se ven muy afectadas por la pol\u00edtica de justicia juvenil, los defensores de color est\u00e1n sorprendentemente poco representados en el liderazgo de la defensa. El Instituto de Liderazgo en Justicia Juvenil pretende abordar este desequilibrio ofreciendo becas para desarrollar las capacidades de liderazgo y defensa de las personas de color que trabajan en el \u00e1mbito de la justicia juvenil. Durante el programa de un a\u00f1o de duraci\u00f3n, los becarios del Instituto aumentan sus conocimientos sobre las estructuras del sistema de justicia juvenil, las necesidades de reforma y las t\u00e9cnicas eficaces de defensa y organizaci\u00f3n para lograr el cambio del sistema. Tambi\u00e9n se les empareja con defensores experimentados, que les sirven de mentores a lo largo del a\u00f1o.   &nbsp;<\/p>\n<p>Puedes encontrar fotos, v\u00eddeos y m\u00e1s informaci\u00f3n sobre el Instituto y los anteriores becarios aqu\u00ed: <a href=\"http:\/\/bit.ly\/uMuJ9q\" target=\"_blank\" rel=\"noopener\">http:\/\/bit.ly\/uMuJ9q.<\/a>&nbsp;<\/p>\n<p style=\"text-align: center;\">###<\/p>\n<p><em>En <\/em><a href=\"https:\/\/www.justice4all.org\/es\/\" target=\"_blank\" rel=\"noopener\"><br \/>\n  <em>Centro de Justicia y Asistencia Jur\u00eddica<\/em><br \/>\n<\/a><em>  (LAJC) lucha contra la injusticia en la vida de cada virginiano, al tiempo que erradica las pol\u00edticas y pr\u00e1cticas explotadoras que mantienen a la gente en la pobreza. LAJC utiliza litigios de impacto, organizaci\u00f3n comunitaria y defensa de pol\u00edticas para resolver problemas urgentes en \u00e1mbitos como la vivienda, la educaci\u00f3n, los derechos civiles, la inmigraci\u00f3n, la sanidad y la financiaci\u00f3n al consumo. Las principales \u00e1reas de servicio del LAJC son Charlottesville, Virginia del Norte, Richmond y Petersburg, pero los efectos de su trabajo se dejan sentir en todo el estado.<\/em><\/p>\n<p><a href=\"http:\/\/www.riseforyouth.org\" target=\"_blank\" rel=\"noopener\"><em>RISE por la Juventud<\/em><\/a><em> es una coalici\u00f3n de campa\u00f1a estatal, no partidista, cuyo objetivo central es desarrollar una serie de alternativas al encarcelamiento basadas en la comunidad que mantengan a los j\u00f3venes implicados en el sistema de justicia juvenil m\u00e1s cerca de sus hogares y redes de apoyo, al tiempo que hacen que nuestras comunidades sean m\u00e1s seguras. <\/em> <\/p>\n<p><em>En <\/em><a href=\"http:\/\/www.njjn.org\" target=\"_blank\" rel=\"noopener\"><em>Red Nacional de Justicia Juvenil<\/em><\/a><em> est\u00e1 formada por coaliciones, organizaciones y antiguos alumnos del Instituto de Liderazgo en Justicia Juvenil de 34 estados y el Distrito de Columbia, que abogan por un sistema de justicia m\u00e1s justo para ni\u00f1os y adolescentes.<\/em><\/div>\n","protected":false},"excerpt":{"rendered":"<p>PARA PUBLICACI\u00d3N INMEDIATA CONTACTO: Rachael Deane Directora Jur\u00eddica, Programa JustChildren, Centro de Justicia de Asistencia Jur\u00eddica 804-521-7304 | rachael@justice4all.org UN DEFENSOR LOCAL GANA UNA PRESTIGIOSA BECA EN JUSTICIA JUVENIL La beca apoya a los defensores de la reforma de la justicia juvenil de color Richmond, Virginia, 29 de septiembre de 2017 -ValerieSlater, abogada y coordinadora [&hellip;]<\/p>\n","protected":false},"author":5,"featured_media":0,"parent":0,"menu_order":0,"template":"","format":"standard","meta":{"footnotes":""},"lajc-tax-news-type":[],"lajc-tax-roles":[],"lajc-tax-issues":[],"lajc-tax-locations":[],"class_list":["post-19778","lajc_news","type-lajc_news","status-publish","format-standard","hentry"],"acf":[],"yoast_head":"<!-- This site is optimized with the Yoast SEO plugin v27.5 - https:\/\/yoast.com\/product\/yoast-seo-wordpress\/ -->\n<title>La coordinadora de RISE, Valarie Slater, gana una beca - Legal Aid Justice Center<\/title>\n<meta name=\"robots\" content=\"index, follow, max-snippet:-1, max-image-preview:large, max-video-preview:-1\" \/>\n<link rel=\"canonical\" href=\"https:\/\/www.justice4all.org\/es\/news\/la-coordinadora-de-rise-valarie-slater-gana-una-beca\/\" \/>\n<meta property=\"og:locale\" content=\"es_ES\" \/>\n<meta property=\"og:type\" content=\"article\" \/>\n<meta property=\"og:title\" content=\"La coordinadora de RISE, Valarie Slater, gana una beca - Legal Aid Justice Center\" \/>\n<meta property=\"og:description\" content=\"PARA PUBLICACI\u00d3N INMEDIATA CONTACTO: Rachael Deane Directora Jur\u00eddica, Programa JustChildren, Centro de Justicia de Asistencia Jur\u00eddica 804-521-7304 | rachael@justice4all.org UN DEFENSOR LOCAL GANA UNA PRESTIGIOSA BECA EN JUSTICIA JUVENIL La beca apoya a los defensores de la reforma de la justicia juvenil de color Richmond, Virginia, 29 de septiembre de 2017 -ValerieSlater, abogada y coordinadora [&hellip;]\" \/>\n<meta property=\"og:url\" content=\"https:\/\/www.justice4all.org\/es\/news\/la-coordinadora-de-rise-valarie-slater-gana-una-beca\/\" \/>\n<meta property=\"og:site_name\" content=\"Legal Aid Justice Center\" \/>\n<meta name=\"twitter:card\" content=\"summary_large_image\" \/>\n<meta name=\"twitter:label1\" content=\"Tiempo de lectura\" \/>\n\t<meta name=\"twitter:data1\" content=\"4 minuto\" \/>\n<script type=\"application\/ld+json\" class=\"yoast-schema-graph\">{\"@context\":\"https:\\\/\\\/schema.org\",\"@graph\":[{\"@type\":\"WebPage\",\"@id\":\"https:\\\/\\\/www.justice4all.org\\\/es\\\/news\\\/la-coordinadora-de-rise-valarie-slater-gana-una-beca\\\/\",\"url\":\"https:\\\/\\\/www.justice4all.org\\\/es\\\/news\\\/la-coordinadora-de-rise-valarie-slater-gana-una-beca\\\/\",\"name\":\"La coordinadora de RISE, Valarie Slater, gana una beca - Legal Aid Justice Center\",\"isPartOf\":{\"@id\":\"https:\\\/\\\/www.justice4all.org\\\/es\\\/#website\"},\"datePublished\":\"2017-09-27T20:39:32+00:00\",\"breadcrumb\":{\"@id\":\"https:\\\/\\\/www.justice4all.org\\\/es\\\/news\\\/la-coordinadora-de-rise-valarie-slater-gana-una-beca\\\/#breadcrumb\"},\"inLanguage\":\"es\",\"potentialAction\":[{\"@type\":\"ReadAction\",\"target\":[\"https:\\\/\\\/www.justice4all.org\\\/es\\\/news\\\/la-coordinadora-de-rise-valarie-slater-gana-una-beca\\\/\"]}]},{\"@type\":\"BreadcrumbList\",\"@id\":\"https:\\\/\\\/www.justice4all.org\\\/es\\\/news\\\/la-coordinadora-de-rise-valarie-slater-gana-una-beca\\\/#breadcrumb\",\"itemListElement\":[{\"@type\":\"ListItem\",\"position\":1,\"name\":\"Home\",\"item\":\"https:\\\/\\\/www.justice4all.org\\\/es\\\/\"},{\"@type\":\"ListItem\",\"position\":2,\"name\":\"La coordinadora de RISE, Valarie Slater, gana una beca\"}]},{\"@type\":\"WebSite\",\"@id\":\"https:\\\/\\\/www.justice4all.org\\\/es\\\/#website\",\"url\":\"https:\\\/\\\/www.justice4all.org\\\/es\\\/\",\"name\":\"Legal Aid Justice Center\",\"description\":\"\",\"potentialAction\":[{\"@type\":\"SearchAction\",\"target\":{\"@type\":\"EntryPoint\",\"urlTemplate\":\"https:\\\/\\\/www.justice4all.org\\\/es\\\/?s={search_term_string}\"},\"query-input\":{\"@type\":\"PropertyValueSpecification\",\"valueRequired\":true,\"valueName\":\"search_term_string\"}}],\"inLanguage\":\"es\"}]}<\/script>\n<!-- \/ Yoast SEO plugin. -->","yoast_head_json":{"title":"La coordinadora de RISE, Valarie Slater, gana una beca - Legal Aid Justice Center","robots":{"index":"index","follow":"follow","max-snippet":"max-snippet:-1","max-image-preview":"max-image-preview:large","max-video-preview":"max-video-preview:-1"},"canonical":"https:\/\/www.justice4all.org\/es\/news\/la-coordinadora-de-rise-valarie-slater-gana-una-beca\/","og_locale":"es_ES","og_type":"article","og_title":"La coordinadora de RISE, Valarie Slater, gana una beca - Legal Aid Justice Center","og_description":"PARA PUBLICACI\u00d3N INMEDIATA CONTACTO: Rachael Deane Directora Jur\u00eddica, Programa JustChildren, Centro de Justicia de Asistencia Jur\u00eddica 804-521-7304 | rachael@justice4all.org UN DEFENSOR LOCAL GANA UNA PRESTIGIOSA BECA EN JUSTICIA JUVENIL La beca apoya a los defensores de la reforma de la justicia juvenil de color Richmond, Virginia, 29 de septiembre de 2017 -ValerieSlater, abogada y coordinadora [&hellip;]","og_url":"https:\/\/www.justice4all.org\/es\/news\/la-coordinadora-de-rise-valarie-slater-gana-una-beca\/","og_site_name":"Legal Aid Justice Center","twitter_card":"summary_large_image","twitter_misc":{"Tiempo de lectura":"4 minuto"},"schema":{"@context":"https:\/\/schema.org","@graph":[{"@type":"WebPage","@id":"https:\/\/www.justice4all.org\/es\/news\/la-coordinadora-de-rise-valarie-slater-gana-una-beca\/","url":"https:\/\/www.justice4all.org\/es\/news\/la-coordinadora-de-rise-valarie-slater-gana-una-beca\/","name":"La coordinadora de RISE, Valarie Slater, gana una beca - Legal Aid Justice Center","isPartOf":{"@id":"https:\/\/www.justice4all.org\/es\/#website"},"datePublished":"2017-09-27T20:39:32+00:00","breadcrumb":{"@id":"https:\/\/www.justice4all.org\/es\/news\/la-coordinadora-de-rise-valarie-slater-gana-una-beca\/#breadcrumb"},"inLanguage":"es","potentialAction":[{"@type":"ReadAction","target":["https:\/\/www.justice4all.org\/es\/news\/la-coordinadora-de-rise-valarie-slater-gana-una-beca\/"]}]},{"@type":"BreadcrumbList","@id":"https:\/\/www.justice4all.org\/es\/news\/la-coordinadora-de-rise-valarie-slater-gana-una-beca\/#breadcrumb","itemListElement":[{"@type":"ListItem","position":1,"name":"Home","item":"https:\/\/www.justice4all.org\/es\/"},{"@type":"ListItem","position":2,"name":"La coordinadora de RISE, Valarie Slater, gana una beca"}]},{"@type":"WebSite","@id":"https:\/\/www.justice4all.org\/es\/#website","url":"https:\/\/www.justice4all.org\/es\/","name":"Legal Aid Justice Center","description":"","potentialAction":[{"@type":"SearchAction","target":{"@type":"EntryPoint","urlTemplate":"https:\/\/www.justice4all.org\/es\/?s={search_term_string}"},"query-input":{"@type":"PropertyValueSpecification","valueRequired":true,"valueName":"search_term_string"}}],"inLanguage":"es"}]}},"_links":{"self":[{"href":"https:\/\/www.justice4all.org\/es\/wp-json\/wp\/v2\/lajc_news\/19778","targetHints":{"allow":["GET"]}}],"collection":[{"href":"https:\/\/www.justice4all.org\/es\/wp-json\/wp\/v2\/lajc_news"}],"about":[{"href":"https:\/\/www.justice4all.org\/es\/wp-json\/wp\/v2\/types\/lajc_news"}],"author":[{"embeddable":true,"href":"https:\/\/www.justice4all.org\/es\/wp-json\/wp\/v2\/users\/5"}],"version-history":[{"count":0,"href":"https:\/\/www.justice4all.org\/es\/wp-json\/wp\/v2\/lajc_news\/19778\/revisions"}],"wp:attachment":[{"href":"https:\/\/www.justice4all.org\/es\/wp-json\/wp\/v2\/media?parent=19778"}],"wp:term":[{"taxonomy":"lajc-tax-news-type","embeddable":true,"href":"https:\/\/www.justice4all.org\/es\/wp-json\/wp\/v2\/lajc-tax-news-type?post=19778"},{"taxonomy":"lajc-tax-roles","embeddable":true,"href":"https:\/\/www.justice4all.org\/es\/wp-json\/wp\/v2\/lajc-tax-roles?post=19778"},{"taxonomy":"lajc-tax-issues","embeddable":true,"href":"https:\/\/www.justice4all.org\/es\/wp-json\/wp\/v2\/lajc-tax-issues?post=19778"},{"taxonomy":"lajc-tax-locations","embeddable":true,"href":"https:\/\/www.justice4all.org\/es\/wp-json\/wp\/v2\/lajc-tax-locations?post=19778"}],"curies":[{"name":"wp","href":"https:\/\/api.w.org\/{rel}","templated":true}]}}