{"id":19777,"date":"2017-11-02T12:05:51","date_gmt":"2017-11-02T12:05:51","guid":{"rendered":"https:\/\/www.justice4all.org\/news\/el-lajc-se-une-a-la-nueva-alianza-por-los-derechos-civiles-en-la-educacion\/"},"modified":"2017-11-02T12:05:51","modified_gmt":"2017-11-02T12:05:51","slug":"el-lajc-se-une-a-la-nueva-alianza-por-los-derechos-civiles-en-la-educacion","status":"publish","type":"lajc_news","link":"https:\/\/www.justice4all.org\/es\/news\/el-lajc-se-une-a-la-nueva-alianza-por-los-derechos-civiles-en-la-educacion\/","title":{"rendered":"El LAJC se une a la nueva Alianza por los Derechos Civiles en la Educaci\u00f3n"},"content":{"rendered":"<div class=\"lajc-m-content\"><strong>PARA PUBLICACI\u00d3N INMEDIATA<\/strong><\/p>\n<p><strong>CONTACTO:<\/strong><br \/>\nRachael Deane<br \/>\nDirectora Jur\u00eddica del Programa JustChildren<br \/>\n804-521-7304 | rachael@justice4all.org<\/p>\n<p><strong>El Centro de Justicia de Asistencia Jur\u00eddica se une a la Alianza por los Derechos Civiles en la Educaci\u00f3n para luchar contra las violaciones de los derechos civiles que amenazan a los estudiantes<\/strong><\/p>\n<p><strong>Charlottesville, Virginia (2 de noviembre de 2017)<\/strong> - Ante las crecientes amenazas a los derechos civiles de los estudiantes en Virginia y en todo el pa\u00eds, el Centro de Ayuda Jur\u00eddica y Justicia (LAJC) se ha unido a m\u00e1s de dos docenas de grupos l\u00edderes en educaci\u00f3n y derechos civiles para lanzar la <a href=\"http:\/\/www.edrights.org\" target=\"_blank\" rel=\"noopener\">Alianza por los Derechos Civiles en la Educaci\u00f3n<\/a> (Alianza ECR).<\/p>\n<p>Las escuelas deben servir, educar, capacitar y ser seguras para todos los alumnos, pero hoy en d\u00eda, en todo Estados Unidos, demasiados alumnos sufren acoso escolar y otros obst\u00e1culos a la educaci\u00f3n por motivos de raza, religi\u00f3n, origen nacional, identidad de g\u00e9nero, discapacidad, lengua materna u orientaci\u00f3n sexual. A los ni\u00f1os inmigrantes se les sigue negando ilegalmente el derecho a matricularse en la escuela. La ret\u00f3rica cada vez m\u00e1s divisiva y odiosa y el creciente sentimiento antimusulm\u00e1n y nacionalista blanco s\u00f3lo sirven para exacerbar las amenazas a los alumnos vulnerables ya marginados.  <\/p>\n<p>\u00abNos complace unirnos a la Alianza por los Derechos Civiles en la Educaci\u00f3n y oponernos a la discriminaci\u00f3n y el odio en las escuelas de Virginia\u00bb, declar\u00f3 Rachael Deane, Directora Jur\u00eddica del programa JustChildren del LAJC. \u00abTodos los estudiantes de Virginia tienen derecho a la educaci\u00f3n en escuelas seguras, y seguiremos trabajando con estudiantes y padres de toda la Commonwealth para garantizar que todos los ni\u00f1os tienen la protecci\u00f3n, los servicios y los apoyos que necesitan para tener \u00e9xito en la escuela y en sus comunidades.\u00bb <\/p>\n<p>La Alianza ECR garantizar\u00e1 la protecci\u00f3n de los derechos civiles de los alumnos marginados proporcionando recursos para ayudar a los padres, educadores, distritos escolares y defensores a proteger los derechos civiles de los alumnos, apoyando las acciones para hacer cumplir la ley a nivel estatal y local cuando los distritos escolares y los estados no lo hagan, trabajando para concienciar a la opini\u00f3n p\u00fablica sobre estos retos a los que se enfrentan los alumnos y sirviendo como elemento disuasorio de las conductas discriminatorias e ilegales.<\/p>\n<p>Esta alianza incluye poderosos grupos comunitarios, educadores experimentados, los mayores sindicatos de profesores del pa\u00eds, consumadas organizaciones jur\u00eddicas, influyentes asociaciones nacionales, organizaciones de derechos civiles y organismos gubernamentales comprometidos a garantizar que las escuelas sirvan, eduquen, capaciten y sean seguras para todos los alumnos. Los miembros de la Alianza ECR tienen una amplia experiencia y un profundo compromiso con la protecci\u00f3n de los derechos civiles de los estudiantes. <\/p>\n<p>###<\/p><\/div>\n","protected":false},"excerpt":{"rendered":"<p>PARA PUBLICACI\u00d3N INMEDIATA CONTACTO: Rachael Deane Directora Jur\u00eddica del Programa JustChildren 804-521-7304 | rachael@justice4all.org El Centro de Justicia de Asistencia Jur\u00eddica se une a la Alianza por los Derechos Civiles en la Educaci\u00f3n para luchar contra las violaciones de los derechos civiles que amenazan a los estudiantes Charlottesville, Virginia (2 de noviembre de 2017) - [&hellip;]<\/p>\n","protected":false},"author":4,"featured_media":0,"parent":0,"menu_order":0,"template":"","format":"standard","meta":{"footnotes":""},"lajc-tax-news-type":[],"lajc-tax-roles":[],"lajc-tax-issues":[],"lajc-tax-locations":[],"class_list":["post-19777","lajc_news","type-lajc_news","status-publish","format-standard","hentry"],"acf":[],"yoast_head":"<!-- This site is optimized with the Yoast SEO plugin v27.5 - https:\/\/yoast.com\/product\/yoast-seo-wordpress\/ -->\n<title>El LAJC se une a la nueva Alianza por los Derechos Civiles en la Educaci\u00f3n - Legal Aid Justice Center<\/title>\n<meta name=\"robots\" content=\"index, follow, max-snippet:-1, max-image-preview:large, max-video-preview:-1\" \/>\n<link rel=\"canonical\" href=\"https:\/\/www.justice4all.org\/es\/news\/el-lajc-se-une-a-la-nueva-alianza-por-los-derechos-civiles-en-la-educacion\/\" \/>\n<meta property=\"og:locale\" content=\"es_ES\" \/>\n<meta property=\"og:type\" content=\"article\" \/>\n<meta property=\"og:title\" content=\"El LAJC se une a la nueva Alianza por los Derechos Civiles en la Educaci\u00f3n - Legal Aid Justice Center\" \/>\n<meta property=\"og:description\" content=\"PARA PUBLICACI\u00d3N INMEDIATA CONTACTO: Rachael Deane Directora Jur\u00eddica del Programa JustChildren 804-521-7304 | rachael@justice4all.org El Centro de Justicia de Asistencia Jur\u00eddica se une a la Alianza por los Derechos Civiles en la Educaci\u00f3n para luchar contra las violaciones de los derechos civiles que amenazan a los estudiantes Charlottesville, Virginia (2 de noviembre de 2017) - [&hellip;]\" \/>\n<meta property=\"og:url\" content=\"https:\/\/www.justice4all.org\/es\/news\/el-lajc-se-une-a-la-nueva-alianza-por-los-derechos-civiles-en-la-educacion\/\" \/>\n<meta property=\"og:site_name\" content=\"Legal Aid Justice Center\" \/>\n<meta name=\"twitter:card\" content=\"summary_large_image\" \/>\n<meta name=\"twitter:label1\" content=\"Tiempo de lectura\" \/>\n\t<meta name=\"twitter:data1\" content=\"2 minuto\" \/>\n<script type=\"application\/ld+json\" class=\"yoast-schema-graph\">{\"@context\":\"https:\\\/\\\/schema.org\",\"@graph\":[{\"@type\":\"WebPage\",\"@id\":\"https:\\\/\\\/www.justice4all.org\\\/es\\\/news\\\/el-lajc-se-une-a-la-nueva-alianza-por-los-derechos-civiles-en-la-educacion\\\/\",\"url\":\"https:\\\/\\\/www.justice4all.org\\\/es\\\/news\\\/el-lajc-se-une-a-la-nueva-alianza-por-los-derechos-civiles-en-la-educacion\\\/\",\"name\":\"El LAJC se une a la nueva Alianza por los Derechos Civiles en la Educaci\u00f3n - Legal Aid Justice Center\",\"isPartOf\":{\"@id\":\"https:\\\/\\\/www.justice4all.org\\\/es\\\/#website\"},\"datePublished\":\"2017-11-02T12:05:51+00:00\",\"breadcrumb\":{\"@id\":\"https:\\\/\\\/www.justice4all.org\\\/es\\\/news\\\/el-lajc-se-une-a-la-nueva-alianza-por-los-derechos-civiles-en-la-educacion\\\/#breadcrumb\"},\"inLanguage\":\"es\",\"potentialAction\":[{\"@type\":\"ReadAction\",\"target\":[\"https:\\\/\\\/www.justice4all.org\\\/es\\\/news\\\/el-lajc-se-une-a-la-nueva-alianza-por-los-derechos-civiles-en-la-educacion\\\/\"]}]},{\"@type\":\"BreadcrumbList\",\"@id\":\"https:\\\/\\\/www.justice4all.org\\\/es\\\/news\\\/el-lajc-se-une-a-la-nueva-alianza-por-los-derechos-civiles-en-la-educacion\\\/#breadcrumb\",\"itemListElement\":[{\"@type\":\"ListItem\",\"position\":1,\"name\":\"Home\",\"item\":\"https:\\\/\\\/www.justice4all.org\\\/es\\\/\"},{\"@type\":\"ListItem\",\"position\":2,\"name\":\"El LAJC se une a la nueva Alianza por los Derechos Civiles en la Educaci\u00f3n\"}]},{\"@type\":\"WebSite\",\"@id\":\"https:\\\/\\\/www.justice4all.org\\\/es\\\/#website\",\"url\":\"https:\\\/\\\/www.justice4all.org\\\/es\\\/\",\"name\":\"Legal Aid Justice Center\",\"description\":\"\",\"potentialAction\":[{\"@type\":\"SearchAction\",\"target\":{\"@type\":\"EntryPoint\",\"urlTemplate\":\"https:\\\/\\\/www.justice4all.org\\\/es\\\/?s={search_term_string}\"},\"query-input\":{\"@type\":\"PropertyValueSpecification\",\"valueRequired\":true,\"valueName\":\"search_term_string\"}}],\"inLanguage\":\"es\"}]}<\/script>\n<!-- \/ Yoast SEO plugin. -->","yoast_head_json":{"title":"El LAJC se une a la nueva Alianza por los Derechos Civiles en la Educaci\u00f3n - Legal Aid Justice Center","robots":{"index":"index","follow":"follow","max-snippet":"max-snippet:-1","max-image-preview":"max-image-preview:large","max-video-preview":"max-video-preview:-1"},"canonical":"https:\/\/www.justice4all.org\/es\/news\/el-lajc-se-une-a-la-nueva-alianza-por-los-derechos-civiles-en-la-educacion\/","og_locale":"es_ES","og_type":"article","og_title":"El LAJC se une a la nueva Alianza por los Derechos Civiles en la Educaci\u00f3n - Legal Aid Justice Center","og_description":"PARA PUBLICACI\u00d3N INMEDIATA CONTACTO: Rachael Deane Directora Jur\u00eddica del Programa JustChildren 804-521-7304 | rachael@justice4all.org El Centro de Justicia de Asistencia Jur\u00eddica se une a la Alianza por los Derechos Civiles en la Educaci\u00f3n para luchar contra las violaciones de los derechos civiles que amenazan a los estudiantes Charlottesville, Virginia (2 de noviembre de 2017) - [&hellip;]","og_url":"https:\/\/www.justice4all.org\/es\/news\/el-lajc-se-une-a-la-nueva-alianza-por-los-derechos-civiles-en-la-educacion\/","og_site_name":"Legal Aid Justice Center","twitter_card":"summary_large_image","twitter_misc":{"Tiempo de lectura":"2 minuto"},"schema":{"@context":"https:\/\/schema.org","@graph":[{"@type":"WebPage","@id":"https:\/\/www.justice4all.org\/es\/news\/el-lajc-se-une-a-la-nueva-alianza-por-los-derechos-civiles-en-la-educacion\/","url":"https:\/\/www.justice4all.org\/es\/news\/el-lajc-se-une-a-la-nueva-alianza-por-los-derechos-civiles-en-la-educacion\/","name":"El LAJC se une a la nueva Alianza por los Derechos Civiles en la Educaci\u00f3n - Legal Aid Justice Center","isPartOf":{"@id":"https:\/\/www.justice4all.org\/es\/#website"},"datePublished":"2017-11-02T12:05:51+00:00","breadcrumb":{"@id":"https:\/\/www.justice4all.org\/es\/news\/el-lajc-se-une-a-la-nueva-alianza-por-los-derechos-civiles-en-la-educacion\/#breadcrumb"},"inLanguage":"es","potentialAction":[{"@type":"ReadAction","target":["https:\/\/www.justice4all.org\/es\/news\/el-lajc-se-une-a-la-nueva-alianza-por-los-derechos-civiles-en-la-educacion\/"]}]},{"@type":"BreadcrumbList","@id":"https:\/\/www.justice4all.org\/es\/news\/el-lajc-se-une-a-la-nueva-alianza-por-los-derechos-civiles-en-la-educacion\/#breadcrumb","itemListElement":[{"@type":"ListItem","position":1,"name":"Home","item":"https:\/\/www.justice4all.org\/es\/"},{"@type":"ListItem","position":2,"name":"El LAJC se une a la nueva Alianza por los Derechos Civiles en la Educaci\u00f3n"}]},{"@type":"WebSite","@id":"https:\/\/www.justice4all.org\/es\/#website","url":"https:\/\/www.justice4all.org\/es\/","name":"Legal Aid Justice Center","description":"","potentialAction":[{"@type":"SearchAction","target":{"@type":"EntryPoint","urlTemplate":"https:\/\/www.justice4all.org\/es\/?s={search_term_string}"},"query-input":{"@type":"PropertyValueSpecification","valueRequired":true,"valueName":"search_term_string"}}],"inLanguage":"es"}]}},"_links":{"self":[{"href":"https:\/\/www.justice4all.org\/es\/wp-json\/wp\/v2\/lajc_news\/19777","targetHints":{"allow":["GET"]}}],"collection":[{"href":"https:\/\/www.justice4all.org\/es\/wp-json\/wp\/v2\/lajc_news"}],"about":[{"href":"https:\/\/www.justice4all.org\/es\/wp-json\/wp\/v2\/types\/lajc_news"}],"author":[{"embeddable":true,"href":"https:\/\/www.justice4all.org\/es\/wp-json\/wp\/v2\/users\/4"}],"version-history":[{"count":0,"href":"https:\/\/www.justice4all.org\/es\/wp-json\/wp\/v2\/lajc_news\/19777\/revisions"}],"wp:attachment":[{"href":"https:\/\/www.justice4all.org\/es\/wp-json\/wp\/v2\/media?parent=19777"}],"wp:term":[{"taxonomy":"lajc-tax-news-type","embeddable":true,"href":"https:\/\/www.justice4all.org\/es\/wp-json\/wp\/v2\/lajc-tax-news-type?post=19777"},{"taxonomy":"lajc-tax-roles","embeddable":true,"href":"https:\/\/www.justice4all.org\/es\/wp-json\/wp\/v2\/lajc-tax-roles?post=19777"},{"taxonomy":"lajc-tax-issues","embeddable":true,"href":"https:\/\/www.justice4all.org\/es\/wp-json\/wp\/v2\/lajc-tax-issues?post=19777"},{"taxonomy":"lajc-tax-locations","embeddable":true,"href":"https:\/\/www.justice4all.org\/es\/wp-json\/wp\/v2\/lajc-tax-locations?post=19777"}],"curies":[{"name":"wp","href":"https:\/\/api.w.org\/{rel}","templated":true}]}}