{"id":19775,"date":"2017-11-04T20:40:21","date_gmt":"2017-11-04T20:40:21","guid":{"rendered":"https:\/\/www.justice4all.org\/news\/limpia-ya-la-ley-del-sueno\/"},"modified":"2017-11-04T20:40:21","modified_gmt":"2017-11-04T20:40:21","slug":"limpia-ya-la-ley-del-sueno","status":"publish","type":"lajc_news","link":"https:\/\/www.justice4all.org\/es\/news\/limpia-ya-la-ley-del-sueno\/","title":{"rendered":"\u00a1LIMPIA YA LA LEY DEL SUE\u00d1O!"},"content":{"rendered":"<div class=\"lajc-m-content\"><strong>\u00danete al Centro de Ayuda Legal y Justicia en la defensa de una Ley del Sue\u00f1o Limpia \u00a1Ya!<\/strong><\/p>\n<p>La decisi\u00f3n de cancelar el programa DACA ha dejado a m\u00e1s de 12.000 DREAMers de Virginia en peligro de perder su situaci\u00f3n legal y ser deportados a pa\u00edses que apenas recuerdan.&nbsp;Ahora, el Congreso est\u00e1 debatiendo una Ley del Sue\u00f1o (DREAM ACT) que proteger\u00eda a estos j\u00f3venes prometedores y les dar\u00eda una v\u00eda legal para obtener la tarjeta verde y, finalmente, la ciudadan\u00eda estadounidense que merecen.&nbsp;  Pero las fuerzas antiinmigraci\u00f3n del Congreso se est\u00e1n movilizando para impedir que se apruebe cualquier DREAM ACT, o para adjuntarle cl\u00e1usulas adicionales antiinmigraci\u00f3n, como el aumento de la financiaci\u00f3n de las fuerzas de deportaci\u00f3n del ICE y medidas punitivas contra las comunidades indocumentadas.&nbsp;Los DREAMers no quieren una soluci\u00f3n que les proteja, pero que al mismo tiempo deporte a sus padres.&nbsp;  \u00a1Por eso el Centro de Ayuda Legal y Justicia pide una LEY LIMPIA DEL SUE\u00d1O YA!<br \/>\n<b><br \/>\nC\u00f3mo puedes participar:<\/b><\/p>\n<hr>\n<p><strong>Ayuda a tus vecinos a firmar las postales CLEAN DREAM ACT NOW dirigidas a los senadores y representantes del Congreso de Virginia.<\/strong><\/p>\n<p>Hemos impreso cientos de postales para los senadores y representantes del Congreso de Virginia, y necesitamos tu ayuda para asegurarnos de que sus electores firman las postales.  P\u00e1sate por nuestras oficinas para recoger postales en blanco para que las firmen todos tus amigos y vecinos.<br \/>\nLas postales est\u00e1n disponibles de lunes a viernes, de 9 a 17 h, en:<\/p>\n<p>Legal Aid Justice Center - Falls Church<br \/>\n6066 Leesburg Pike #520, Falls Church, VA 22041<\/p>\n<p>Centro de Justicia de Asistencia Jur\u00eddica - Charlottesville<br \/>\n1000 Preston Ave, Suite A, Charlottesville, VA 22903<\/p>\n<p>Centro de Justicia de Asistencia Jur\u00eddica - Richmond<br \/>\n123 E Broad Street, Richmond, VA 23219<\/p>\n<p>Por favor, p\u00e1sate cuanto antes, conoce a nuestro personal, coge una docena de postales y ll\u00e9valas a cualquier acto comunitario o simplemente ve de puerta en puerta por tu manzana.&nbsp;  Necesitamos las postales firmadas de vuelta en nuestras oficinas a m\u00e1s tardar el 21 de noviembre.&nbsp;  Nuestro objetivo es conseguir que se firmen 1.280 postales: una por cada estudiante DACA que actualmente estudia y paga la matr\u00edcula estatal en una universidad p\u00fablica de Virginia.<\/p>\n<hr>\n<p><strong>\u00a1Asiste a un acto de CLEAN DREAM ACT NOW en tu comunidad!<\/strong><\/p>\n<p><strong>Lunes, 6 de noviembre, 19:00 h<\/strong><br \/>\nLegal Aid Justice Center, 6066 Leesburg Pike #520, Falls Church. VA 22041<br \/>\nRSVP: edgar@justice4all.org <\/p>\n<p><strong>S\u00e1bado, 11 de noviembre, 14:00 h<\/strong><br \/>\nCafeter\u00eda de la Escuela Primaria Claremont<br \/>\n4700 S. Chesterfield Rd., Arlington, VA 22206<br \/>\nRSVP: simon@justice4all.org<\/p>\n<p><strong>Mi\u00e9rcoles, 15 de noviembre, 17:30 h<\/strong><br \/>\nJefferson School City Center Auditorium<br \/>\n223 4th St NW, Charlottesville, VA 22903<br \/>\nRSVP <a href=\"http:\/\/salsa4.salsalabs.com\/o\/51626\/p\/salsa\/web\/common\/public\/signup?signup_page_KEY=11007\">HERE<\/a><\/p>\n<hr>\n<p><strong>\u00a1\u00danete a nuestra jornada de cabildeo en Washington, DC, en el Capitolio!<\/strong><\/p>\n<p>\u00a1Visitaremos a los senadores y representantes del Congreso de Virginia en sus oficinas del Capitolio, les entregaremos las postales y les instaremos a que luchen por una LEY DEL SUE\u00d1O LIMPIA YA!<\/p>\n<p>Mi\u00e9rcoles, 29 de noviembre, de 9:30 a 13:00 (se servir\u00e1 el almuerzo)<br \/>\nLugar por determinar<\/p>\n<p><em>Si est\u00e1s interesado en asistir, ponte en contacto con Edgar en edgar@justice4all.org o  <\/em><br \/>\n<em>Contessa en contessa@justice4all.org.&nbsp;  S\u00f3lo residentes en Virginia, por favor, ya que el espacio es limitado.  <\/em><\/div>\n","protected":false},"excerpt":{"rendered":"<p>\u00danete al Centro de Ayuda Legal y Justicia en la defensa de una Ley del Sue\u00f1o Limpia \u00a1Ya! La decisi\u00f3n de cancelar el programa DACA ha dejado a m\u00e1s de 12.000 DREAMers de Virginia en peligro de perder su situaci\u00f3n legal y ser deportados a pa\u00edses que apenas recuerdan.&nbsp;Ahora, el Congreso est\u00e1 debatiendo una Ley [&hellip;]<\/p>\n","protected":false},"author":7,"featured_media":0,"parent":0,"menu_order":0,"template":"","format":"standard","meta":{"footnotes":""},"lajc-tax-news-type":[],"lajc-tax-roles":[],"lajc-tax-issues":[],"lajc-tax-locations":[],"class_list":["post-19775","lajc_news","type-lajc_news","status-publish","format-standard","hentry"],"acf":[],"yoast_head":"<!-- This site is optimized with the Yoast SEO plugin v27.4 - https:\/\/yoast.com\/product\/yoast-seo-wordpress\/ -->\n<title>\u00a1LIMPIA YA LA LEY DEL SUE\u00d1O! - Legal Aid Justice Center<\/title>\n<meta name=\"robots\" content=\"index, follow, max-snippet:-1, max-image-preview:large, max-video-preview:-1\" \/>\n<link rel=\"canonical\" href=\"https:\/\/www.justice4all.org\/es\/news\/limpia-ya-la-ley-del-sueno\/\" \/>\n<meta property=\"og:locale\" content=\"es_ES\" \/>\n<meta property=\"og:type\" content=\"article\" \/>\n<meta property=\"og:title\" content=\"\u00a1LIMPIA YA LA LEY DEL SUE\u00d1O! - Legal Aid Justice Center\" \/>\n<meta property=\"og:description\" content=\"\u00danete al Centro de Ayuda Legal y Justicia en la defensa de una Ley del Sue\u00f1o Limpia \u00a1Ya! La decisi\u00f3n de cancelar el programa DACA ha dejado a m\u00e1s de 12.000 DREAMers de Virginia en peligro de perder su situaci\u00f3n legal y ser deportados a pa\u00edses que apenas recuerdan.&nbsp;Ahora, el Congreso est\u00e1 debatiendo una Ley [&hellip;]\" \/>\n<meta property=\"og:url\" content=\"https:\/\/www.justice4all.org\/es\/news\/limpia-ya-la-ley-del-sueno\/\" \/>\n<meta property=\"og:site_name\" content=\"Legal Aid Justice Center\" \/>\n<meta name=\"twitter:card\" content=\"summary_large_image\" \/>\n<meta name=\"twitter:label1\" content=\"Tiempo de lectura\" \/>\n\t<meta name=\"twitter:data1\" content=\"3 minuto\" \/>\n<script type=\"application\/ld+json\" class=\"yoast-schema-graph\">{\"@context\":\"https:\\\/\\\/schema.org\",\"@graph\":[{\"@type\":\"WebPage\",\"@id\":\"https:\\\/\\\/www.justice4all.org\\\/es\\\/news\\\/limpia-ya-la-ley-del-sueno\\\/\",\"url\":\"https:\\\/\\\/www.justice4all.org\\\/es\\\/news\\\/limpia-ya-la-ley-del-sueno\\\/\",\"name\":\"\u00a1LIMPIA YA LA LEY DEL SUE\u00d1O! - Legal Aid Justice Center\",\"isPartOf\":{\"@id\":\"https:\\\/\\\/www.justice4all.org\\\/es\\\/#website\"},\"datePublished\":\"2017-11-04T20:40:21+00:00\",\"breadcrumb\":{\"@id\":\"https:\\\/\\\/www.justice4all.org\\\/es\\\/news\\\/limpia-ya-la-ley-del-sueno\\\/#breadcrumb\"},\"inLanguage\":\"es\",\"potentialAction\":[{\"@type\":\"ReadAction\",\"target\":[\"https:\\\/\\\/www.justice4all.org\\\/es\\\/news\\\/limpia-ya-la-ley-del-sueno\\\/\"]}]},{\"@type\":\"BreadcrumbList\",\"@id\":\"https:\\\/\\\/www.justice4all.org\\\/es\\\/news\\\/limpia-ya-la-ley-del-sueno\\\/#breadcrumb\",\"itemListElement\":[{\"@type\":\"ListItem\",\"position\":1,\"name\":\"Home\",\"item\":\"https:\\\/\\\/www.justice4all.org\\\/es\\\/\"},{\"@type\":\"ListItem\",\"position\":2,\"name\":\"\u00a1LIMPIA YA LA LEY DEL SUE\u00d1O!\"}]},{\"@type\":\"WebSite\",\"@id\":\"https:\\\/\\\/www.justice4all.org\\\/es\\\/#website\",\"url\":\"https:\\\/\\\/www.justice4all.org\\\/es\\\/\",\"name\":\"Legal Aid Justice Center\",\"description\":\"\",\"potentialAction\":[{\"@type\":\"SearchAction\",\"target\":{\"@type\":\"EntryPoint\",\"urlTemplate\":\"https:\\\/\\\/www.justice4all.org\\\/es\\\/?s={search_term_string}\"},\"query-input\":{\"@type\":\"PropertyValueSpecification\",\"valueRequired\":true,\"valueName\":\"search_term_string\"}}],\"inLanguage\":\"es\"}]}<\/script>\n<!-- \/ Yoast SEO plugin. -->","yoast_head_json":{"title":"\u00a1LIMPIA YA LA LEY DEL SUE\u00d1O! - Legal Aid Justice Center","robots":{"index":"index","follow":"follow","max-snippet":"max-snippet:-1","max-image-preview":"max-image-preview:large","max-video-preview":"max-video-preview:-1"},"canonical":"https:\/\/www.justice4all.org\/es\/news\/limpia-ya-la-ley-del-sueno\/","og_locale":"es_ES","og_type":"article","og_title":"\u00a1LIMPIA YA LA LEY DEL SUE\u00d1O! - Legal Aid Justice Center","og_description":"\u00danete al Centro de Ayuda Legal y Justicia en la defensa de una Ley del Sue\u00f1o Limpia \u00a1Ya! La decisi\u00f3n de cancelar el programa DACA ha dejado a m\u00e1s de 12.000 DREAMers de Virginia en peligro de perder su situaci\u00f3n legal y ser deportados a pa\u00edses que apenas recuerdan.&nbsp;Ahora, el Congreso est\u00e1 debatiendo una Ley [&hellip;]","og_url":"https:\/\/www.justice4all.org\/es\/news\/limpia-ya-la-ley-del-sueno\/","og_site_name":"Legal Aid Justice Center","twitter_card":"summary_large_image","twitter_misc":{"Tiempo de lectura":"3 minuto"},"schema":{"@context":"https:\/\/schema.org","@graph":[{"@type":"WebPage","@id":"https:\/\/www.justice4all.org\/es\/news\/limpia-ya-la-ley-del-sueno\/","url":"https:\/\/www.justice4all.org\/es\/news\/limpia-ya-la-ley-del-sueno\/","name":"\u00a1LIMPIA YA LA LEY DEL SUE\u00d1O! - Legal Aid Justice Center","isPartOf":{"@id":"https:\/\/www.justice4all.org\/es\/#website"},"datePublished":"2017-11-04T20:40:21+00:00","breadcrumb":{"@id":"https:\/\/www.justice4all.org\/es\/news\/limpia-ya-la-ley-del-sueno\/#breadcrumb"},"inLanguage":"es","potentialAction":[{"@type":"ReadAction","target":["https:\/\/www.justice4all.org\/es\/news\/limpia-ya-la-ley-del-sueno\/"]}]},{"@type":"BreadcrumbList","@id":"https:\/\/www.justice4all.org\/es\/news\/limpia-ya-la-ley-del-sueno\/#breadcrumb","itemListElement":[{"@type":"ListItem","position":1,"name":"Home","item":"https:\/\/www.justice4all.org\/es\/"},{"@type":"ListItem","position":2,"name":"\u00a1LIMPIA YA LA LEY DEL SUE\u00d1O!"}]},{"@type":"WebSite","@id":"https:\/\/www.justice4all.org\/es\/#website","url":"https:\/\/www.justice4all.org\/es\/","name":"Legal Aid Justice Center","description":"","potentialAction":[{"@type":"SearchAction","target":{"@type":"EntryPoint","urlTemplate":"https:\/\/www.justice4all.org\/es\/?s={search_term_string}"},"query-input":{"@type":"PropertyValueSpecification","valueRequired":true,"valueName":"search_term_string"}}],"inLanguage":"es"}]}},"_links":{"self":[{"href":"https:\/\/www.justice4all.org\/es\/wp-json\/wp\/v2\/lajc_news\/19775","targetHints":{"allow":["GET"]}}],"collection":[{"href":"https:\/\/www.justice4all.org\/es\/wp-json\/wp\/v2\/lajc_news"}],"about":[{"href":"https:\/\/www.justice4all.org\/es\/wp-json\/wp\/v2\/types\/lajc_news"}],"author":[{"embeddable":true,"href":"https:\/\/www.justice4all.org\/es\/wp-json\/wp\/v2\/users\/7"}],"version-history":[{"count":0,"href":"https:\/\/www.justice4all.org\/es\/wp-json\/wp\/v2\/lajc_news\/19775\/revisions"}],"wp:attachment":[{"href":"https:\/\/www.justice4all.org\/es\/wp-json\/wp\/v2\/media?parent=19775"}],"wp:term":[{"taxonomy":"lajc-tax-news-type","embeddable":true,"href":"https:\/\/www.justice4all.org\/es\/wp-json\/wp\/v2\/lajc-tax-news-type?post=19775"},{"taxonomy":"lajc-tax-roles","embeddable":true,"href":"https:\/\/www.justice4all.org\/es\/wp-json\/wp\/v2\/lajc-tax-roles?post=19775"},{"taxonomy":"lajc-tax-issues","embeddable":true,"href":"https:\/\/www.justice4all.org\/es\/wp-json\/wp\/v2\/lajc-tax-issues?post=19775"},{"taxonomy":"lajc-tax-locations","embeddable":true,"href":"https:\/\/www.justice4all.org\/es\/wp-json\/wp\/v2\/lajc-tax-locations?post=19775"}],"curies":[{"name":"wp","href":"https:\/\/api.w.org\/{rel}","templated":true}]}}