{"id":19758,"date":"2013-09-13T15:35:16","date_gmt":"2013-09-13T15:35:16","guid":{"rendered":"https:\/\/www.justice4all.org\/news\/duvall-gana-el-premio-making-kids-count\/"},"modified":"2013-09-13T15:35:16","modified_gmt":"2013-09-13T15:35:16","slug":"duvall-gana-el-premio-making-kids-count","status":"publish","type":"lajc_news","link":"https:\/\/www.justice4all.org\/es\/news\/duvall-gana-el-premio-making-kids-count\/","title":{"rendered":"Duvall gana el premio \u00abMaking Kids Count"},"content":{"rendered":"<div class=\"lajc-m-content\">C<a href=\"http:\/\/www.justice4all.org\/wp-content\/uploads\/2013\/05\/Kate-Duvall-CHO.jpg\"><img decoding=\"async\" class=\"alignleft wp-image-527\" alt=\"Kate Duvall CHO\" src=\"https:\/\/www.justice4all.org\/wp-content\/uploads\/2013\/05\/Kate-Duvall-CHO.jpg\" width=\"133.3\" height=\"200\"><\/a>nhorabuena a la abogada Kate Duvall por recibir el <a href=\"http:\/\/vakids.org\/topics\/announcing-2013-making-kids-count-award-winners\">Premio Carol S. Fox \u00abMaking Kids Count\u00bb de Voces por los Ni\u00f1os de Virginia<\/a>. Kate representa a docenas de ni\u00f1os en el sistema de justicia juvenil, ayud\u00e1ndoles con la planificaci\u00f3n de la reincorporaci\u00f3n, el acceso a la escuela y el tratamiento de salud mental y otras cuestiones. Tambi\u00e9n ha contribuido con \u00e9xito a presionar para que se introduzcan cambios positivos en el sistema de justicia juvenil. \u00a1As\u00ed se hace, Kate!   <\/div>\n","protected":false},"excerpt":{"rendered":"<p>Cnhorabuena a la abogada Kate Duvall por recibir el Premio Carol S. Fox \u00abMaking Kids Count\u00bb de Voces por los Ni\u00f1os de Virginia. Kate representa a docenas de ni\u00f1os en el sistema de justicia juvenil, ayud\u00e1ndoles con la planificaci\u00f3n de la reincorporaci\u00f3n, el acceso a la escuela y el tratamiento de salud mental y otras [&hellip;]<\/p>\n","protected":false},"author":3,"featured_media":0,"parent":0,"menu_order":0,"template":"","format":"standard","meta":{"footnotes":""},"lajc-tax-news-type":[],"lajc-tax-roles":[],"lajc-tax-issues":[],"lajc-tax-locations":[],"class_list":["post-19758","lajc_news","type-lajc_news","status-publish","format-standard","hentry"],"acf":[],"yoast_head":"<!-- This site is optimized with the Yoast SEO plugin v27.5 - https:\/\/yoast.com\/product\/yoast-seo-wordpress\/ -->\n<title>Duvall gana el premio &quot;Making Kids Count - Legal Aid Justice Center<\/title>\n<meta name=\"robots\" content=\"index, follow, max-snippet:-1, max-image-preview:large, max-video-preview:-1\" \/>\n<link rel=\"canonical\" href=\"https:\/\/www.justice4all.org\/es\/news\/duvall-gana-el-premio-making-kids-count\/\" \/>\n<meta property=\"og:locale\" content=\"es_ES\" \/>\n<meta property=\"og:type\" content=\"article\" \/>\n<meta property=\"og:title\" content=\"Duvall gana el premio &quot;Making Kids Count - Legal Aid Justice Center\" \/>\n<meta property=\"og:description\" content=\"Cnhorabuena a la abogada Kate Duvall por recibir el Premio Carol S. Fox \u00abMaking Kids Count\u00bb de Voces por los Ni\u00f1os de Virginia. Kate representa a docenas de ni\u00f1os en el sistema de justicia juvenil, ayud\u00e1ndoles con la planificaci\u00f3n de la reincorporaci\u00f3n, el acceso a la escuela y el tratamiento de salud mental y otras [&hellip;]\" \/>\n<meta property=\"og:url\" content=\"https:\/\/www.justice4all.org\/es\/news\/duvall-gana-el-premio-making-kids-count\/\" \/>\n<meta property=\"og:site_name\" content=\"Legal Aid Justice Center\" \/>\n<meta property=\"og:image\" content=\"https:\/\/www.justice4all.org\/wp-content\/uploads\/2013\/05\/Kate-Duvall-CHO.jpg\" \/>\n<meta name=\"twitter:card\" content=\"summary_large_image\" \/>\n<script type=\"application\/ld+json\" class=\"yoast-schema-graph\">{\"@context\":\"https:\\\/\\\/schema.org\",\"@graph\":[{\"@type\":\"WebPage\",\"@id\":\"https:\\\/\\\/www.justice4all.org\\\/es\\\/news\\\/duvall-gana-el-premio-making-kids-count\\\/\",\"url\":\"https:\\\/\\\/www.justice4all.org\\\/es\\\/news\\\/duvall-gana-el-premio-making-kids-count\\\/\",\"name\":\"Duvall gana el premio \\\"Making Kids Count - Legal Aid Justice Center\",\"isPartOf\":{\"@id\":\"https:\\\/\\\/www.justice4all.org\\\/es\\\/#website\"},\"primaryImageOfPage\":{\"@id\":\"https:\\\/\\\/www.justice4all.org\\\/es\\\/news\\\/duvall-gana-el-premio-making-kids-count\\\/#primaryimage\"},\"image\":{\"@id\":\"https:\\\/\\\/www.justice4all.org\\\/es\\\/news\\\/duvall-gana-el-premio-making-kids-count\\\/#primaryimage\"},\"thumbnailUrl\":\"https:\\\/\\\/www.justice4all.org\\\/wp-content\\\/uploads\\\/2013\\\/05\\\/Kate-Duvall-CHO.jpg\",\"datePublished\":\"2013-09-13T15:35:16+00:00\",\"breadcrumb\":{\"@id\":\"https:\\\/\\\/www.justice4all.org\\\/es\\\/news\\\/duvall-gana-el-premio-making-kids-count\\\/#breadcrumb\"},\"inLanguage\":\"es\",\"potentialAction\":[{\"@type\":\"ReadAction\",\"target\":[\"https:\\\/\\\/www.justice4all.org\\\/es\\\/news\\\/duvall-gana-el-premio-making-kids-count\\\/\"]}]},{\"@type\":\"ImageObject\",\"inLanguage\":\"es\",\"@id\":\"https:\\\/\\\/www.justice4all.org\\\/es\\\/news\\\/duvall-gana-el-premio-making-kids-count\\\/#primaryimage\",\"url\":\"https:\\\/\\\/www.justice4all.org\\\/wp-content\\\/uploads\\\/2013\\\/05\\\/Kate-Duvall-CHO.jpg\",\"contentUrl\":\"https:\\\/\\\/www.justice4all.org\\\/wp-content\\\/uploads\\\/2013\\\/05\\\/Kate-Duvall-CHO.jpg\"},{\"@type\":\"BreadcrumbList\",\"@id\":\"https:\\\/\\\/www.justice4all.org\\\/es\\\/news\\\/duvall-gana-el-premio-making-kids-count\\\/#breadcrumb\",\"itemListElement\":[{\"@type\":\"ListItem\",\"position\":1,\"name\":\"Home\",\"item\":\"https:\\\/\\\/www.justice4all.org\\\/es\\\/\"},{\"@type\":\"ListItem\",\"position\":2,\"name\":\"Duvall gana el premio \u00abMaking Kids Count\"}]},{\"@type\":\"WebSite\",\"@id\":\"https:\\\/\\\/www.justice4all.org\\\/es\\\/#website\",\"url\":\"https:\\\/\\\/www.justice4all.org\\\/es\\\/\",\"name\":\"Legal Aid Justice Center\",\"description\":\"\",\"potentialAction\":[{\"@type\":\"SearchAction\",\"target\":{\"@type\":\"EntryPoint\",\"urlTemplate\":\"https:\\\/\\\/www.justice4all.org\\\/es\\\/?s={search_term_string}\"},\"query-input\":{\"@type\":\"PropertyValueSpecification\",\"valueRequired\":true,\"valueName\":\"search_term_string\"}}],\"inLanguage\":\"es\"}]}<\/script>\n<!-- \/ Yoast SEO plugin. -->","yoast_head_json":{"title":"Duvall gana el premio \"Making Kids Count - Legal Aid Justice Center","robots":{"index":"index","follow":"follow","max-snippet":"max-snippet:-1","max-image-preview":"max-image-preview:large","max-video-preview":"max-video-preview:-1"},"canonical":"https:\/\/www.justice4all.org\/es\/news\/duvall-gana-el-premio-making-kids-count\/","og_locale":"es_ES","og_type":"article","og_title":"Duvall gana el premio \"Making Kids Count - Legal Aid Justice Center","og_description":"Cnhorabuena a la abogada Kate Duvall por recibir el Premio Carol S. Fox \u00abMaking Kids Count\u00bb de Voces por los Ni\u00f1os de Virginia. Kate representa a docenas de ni\u00f1os en el sistema de justicia juvenil, ayud\u00e1ndoles con la planificaci\u00f3n de la reincorporaci\u00f3n, el acceso a la escuela y el tratamiento de salud mental y otras [&hellip;]","og_url":"https:\/\/www.justice4all.org\/es\/news\/duvall-gana-el-premio-making-kids-count\/","og_site_name":"Legal Aid Justice Center","og_image":[{"url":"https:\/\/www.justice4all.org\/wp-content\/uploads\/2013\/05\/Kate-Duvall-CHO.jpg","type":"","width":"","height":""}],"twitter_card":"summary_large_image","schema":{"@context":"https:\/\/schema.org","@graph":[{"@type":"WebPage","@id":"https:\/\/www.justice4all.org\/es\/news\/duvall-gana-el-premio-making-kids-count\/","url":"https:\/\/www.justice4all.org\/es\/news\/duvall-gana-el-premio-making-kids-count\/","name":"Duvall gana el premio \"Making Kids Count - Legal Aid Justice Center","isPartOf":{"@id":"https:\/\/www.justice4all.org\/es\/#website"},"primaryImageOfPage":{"@id":"https:\/\/www.justice4all.org\/es\/news\/duvall-gana-el-premio-making-kids-count\/#primaryimage"},"image":{"@id":"https:\/\/www.justice4all.org\/es\/news\/duvall-gana-el-premio-making-kids-count\/#primaryimage"},"thumbnailUrl":"https:\/\/www.justice4all.org\/wp-content\/uploads\/2013\/05\/Kate-Duvall-CHO.jpg","datePublished":"2013-09-13T15:35:16+00:00","breadcrumb":{"@id":"https:\/\/www.justice4all.org\/es\/news\/duvall-gana-el-premio-making-kids-count\/#breadcrumb"},"inLanguage":"es","potentialAction":[{"@type":"ReadAction","target":["https:\/\/www.justice4all.org\/es\/news\/duvall-gana-el-premio-making-kids-count\/"]}]},{"@type":"ImageObject","inLanguage":"es","@id":"https:\/\/www.justice4all.org\/es\/news\/duvall-gana-el-premio-making-kids-count\/#primaryimage","url":"https:\/\/www.justice4all.org\/wp-content\/uploads\/2013\/05\/Kate-Duvall-CHO.jpg","contentUrl":"https:\/\/www.justice4all.org\/wp-content\/uploads\/2013\/05\/Kate-Duvall-CHO.jpg"},{"@type":"BreadcrumbList","@id":"https:\/\/www.justice4all.org\/es\/news\/duvall-gana-el-premio-making-kids-count\/#breadcrumb","itemListElement":[{"@type":"ListItem","position":1,"name":"Home","item":"https:\/\/www.justice4all.org\/es\/"},{"@type":"ListItem","position":2,"name":"Duvall gana el premio \u00abMaking Kids Count"}]},{"@type":"WebSite","@id":"https:\/\/www.justice4all.org\/es\/#website","url":"https:\/\/www.justice4all.org\/es\/","name":"Legal Aid Justice Center","description":"","potentialAction":[{"@type":"SearchAction","target":{"@type":"EntryPoint","urlTemplate":"https:\/\/www.justice4all.org\/es\/?s={search_term_string}"},"query-input":{"@type":"PropertyValueSpecification","valueRequired":true,"valueName":"search_term_string"}}],"inLanguage":"es"}]}},"_links":{"self":[{"href":"https:\/\/www.justice4all.org\/es\/wp-json\/wp\/v2\/lajc_news\/19758","targetHints":{"allow":["GET"]}}],"collection":[{"href":"https:\/\/www.justice4all.org\/es\/wp-json\/wp\/v2\/lajc_news"}],"about":[{"href":"https:\/\/www.justice4all.org\/es\/wp-json\/wp\/v2\/types\/lajc_news"}],"author":[{"embeddable":true,"href":"https:\/\/www.justice4all.org\/es\/wp-json\/wp\/v2\/users\/3"}],"version-history":[{"count":0,"href":"https:\/\/www.justice4all.org\/es\/wp-json\/wp\/v2\/lajc_news\/19758\/revisions"}],"wp:attachment":[{"href":"https:\/\/www.justice4all.org\/es\/wp-json\/wp\/v2\/media?parent=19758"}],"wp:term":[{"taxonomy":"lajc-tax-news-type","embeddable":true,"href":"https:\/\/www.justice4all.org\/es\/wp-json\/wp\/v2\/lajc-tax-news-type?post=19758"},{"taxonomy":"lajc-tax-roles","embeddable":true,"href":"https:\/\/www.justice4all.org\/es\/wp-json\/wp\/v2\/lajc-tax-roles?post=19758"},{"taxonomy":"lajc-tax-issues","embeddable":true,"href":"https:\/\/www.justice4all.org\/es\/wp-json\/wp\/v2\/lajc-tax-issues?post=19758"},{"taxonomy":"lajc-tax-locations","embeddable":true,"href":"https:\/\/www.justice4all.org\/es\/wp-json\/wp\/v2\/lajc-tax-locations?post=19758"}],"curies":[{"name":"wp","href":"https:\/\/api.w.org\/{rel}","templated":true}]}}