{"id":19757,"date":"2013-08-15T21:27:56","date_gmt":"2013-08-15T21:27:56","guid":{"rendered":"https:\/\/www.justice4all.org\/news\/navegante-subvencion-victoria\/"},"modified":"2013-08-15T21:27:56","modified_gmt":"2013-08-15T21:27:56","slug":"navegante-subvencion-victoria","status":"publish","type":"lajc_news","link":"https:\/\/www.justice4all.org\/es\/news\/navegante-subvencion-victoria\/","title":{"rendered":"Navegante Subvenci\u00f3n Victoria"},"content":{"rendered":"<div class=\"lajc-m-content\">La concesi\u00f3n el 15 de agosto de una subvenci\u00f3n Navigator de 1,2 millones de d\u00f3lares a un consorcio de proveedores de asistencia jur\u00eddica de Virginia -a trav\u00e9s del <a href=\"http:\/\/www.vplc.org\/\" target=\"_blank\" rel=\"noopener\"><strong>Virginia Poverty Law Center-<\/strong><\/a> har\u00e1 posible que el Legal Aid Justice Center financie dos puestos de personal para ayudar a los virginianos a obtener asistencia sanitaria. Un enorme agradecimiento a nuestra Laurel Henneman por el \u00e9xito de la solicitud que presentamos y por su impacto positivo en la salud de las personas de todo Virginia. <\/p>\n<p>Lee m\u00e1s sobre <a href=\"http:\/\/www.nytimes.com\/2013\/08\/15\/us\/politics\/the-challenge-of-helping-the-uninsured-find-coverage.html?smid=fb-share&amp;_r=0\" target=\"_blank\" rel=\"noopener\"><strong>Navegantes en The New York Times<\/strong><\/a>.<\/div>\n","protected":false},"excerpt":{"rendered":"<p>La concesi\u00f3n el 15 de agosto de una subvenci\u00f3n Navigator de 1,2 millones de d\u00f3lares a un consorcio de proveedores de asistencia jur\u00eddica de Virginia -a trav\u00e9s del Virginia Poverty Law Center- har\u00e1 posible que el Legal Aid Justice Center financie dos puestos de personal para ayudar a los virginianos a obtener asistencia sanitaria. Un [&hellip;]<\/p>\n","protected":false},"author":3,"featured_media":0,"parent":0,"menu_order":0,"template":"","format":"standard","meta":{"footnotes":""},"lajc-tax-news-type":[],"lajc-tax-roles":[],"lajc-tax-issues":[],"lajc-tax-locations":[],"class_list":["post-19757","lajc_news","type-lajc_news","status-publish","format-standard","hentry"],"acf":[],"yoast_head":"<!-- This site is optimized with the Yoast SEO plugin v27.5 - https:\/\/yoast.com\/product\/yoast-seo-wordpress\/ -->\n<title>Navegante Subvenci\u00f3n Victoria - Legal Aid Justice Center<\/title>\n<meta name=\"robots\" content=\"index, follow, max-snippet:-1, max-image-preview:large, max-video-preview:-1\" \/>\n<link rel=\"canonical\" href=\"https:\/\/www.justice4all.org\/es\/news\/navegante-subvencion-victoria\/\" \/>\n<meta property=\"og:locale\" content=\"es_ES\" \/>\n<meta property=\"og:type\" content=\"article\" \/>\n<meta property=\"og:title\" content=\"Navegante Subvenci\u00f3n Victoria - Legal Aid Justice Center\" \/>\n<meta property=\"og:description\" content=\"La concesi\u00f3n el 15 de agosto de una subvenci\u00f3n Navigator de 1,2 millones de d\u00f3lares a un consorcio de proveedores de asistencia jur\u00eddica de Virginia -a trav\u00e9s del Virginia Poverty Law Center- har\u00e1 posible que el Legal Aid Justice Center financie dos puestos de personal para ayudar a los virginianos a obtener asistencia sanitaria. Un [&hellip;]\" \/>\n<meta property=\"og:url\" content=\"https:\/\/www.justice4all.org\/es\/news\/navegante-subvencion-victoria\/\" \/>\n<meta property=\"og:site_name\" content=\"Legal Aid Justice Center\" \/>\n<meta name=\"twitter:card\" content=\"summary_large_image\" \/>\n<script type=\"application\/ld+json\" class=\"yoast-schema-graph\">{\"@context\":\"https:\\\/\\\/schema.org\",\"@graph\":[{\"@type\":\"WebPage\",\"@id\":\"https:\\\/\\\/www.justice4all.org\\\/es\\\/news\\\/navegante-subvencion-victoria\\\/\",\"url\":\"https:\\\/\\\/www.justice4all.org\\\/es\\\/news\\\/navegante-subvencion-victoria\\\/\",\"name\":\"Navegante Subvenci\u00f3n Victoria - Legal Aid Justice Center\",\"isPartOf\":{\"@id\":\"https:\\\/\\\/www.justice4all.org\\\/es\\\/#website\"},\"datePublished\":\"2013-08-15T21:27:56+00:00\",\"breadcrumb\":{\"@id\":\"https:\\\/\\\/www.justice4all.org\\\/es\\\/news\\\/navegante-subvencion-victoria\\\/#breadcrumb\"},\"inLanguage\":\"es\",\"potentialAction\":[{\"@type\":\"ReadAction\",\"target\":[\"https:\\\/\\\/www.justice4all.org\\\/es\\\/news\\\/navegante-subvencion-victoria\\\/\"]}]},{\"@type\":\"BreadcrumbList\",\"@id\":\"https:\\\/\\\/www.justice4all.org\\\/es\\\/news\\\/navegante-subvencion-victoria\\\/#breadcrumb\",\"itemListElement\":[{\"@type\":\"ListItem\",\"position\":1,\"name\":\"Home\",\"item\":\"https:\\\/\\\/www.justice4all.org\\\/es\\\/\"},{\"@type\":\"ListItem\",\"position\":2,\"name\":\"Navegante Subvenci\u00f3n Victoria\"}]},{\"@type\":\"WebSite\",\"@id\":\"https:\\\/\\\/www.justice4all.org\\\/es\\\/#website\",\"url\":\"https:\\\/\\\/www.justice4all.org\\\/es\\\/\",\"name\":\"Legal Aid Justice Center\",\"description\":\"\",\"potentialAction\":[{\"@type\":\"SearchAction\",\"target\":{\"@type\":\"EntryPoint\",\"urlTemplate\":\"https:\\\/\\\/www.justice4all.org\\\/es\\\/?s={search_term_string}\"},\"query-input\":{\"@type\":\"PropertyValueSpecification\",\"valueRequired\":true,\"valueName\":\"search_term_string\"}}],\"inLanguage\":\"es\"}]}<\/script>\n<!-- \/ Yoast SEO plugin. -->","yoast_head_json":{"title":"Navegante Subvenci\u00f3n Victoria - Legal Aid Justice Center","robots":{"index":"index","follow":"follow","max-snippet":"max-snippet:-1","max-image-preview":"max-image-preview:large","max-video-preview":"max-video-preview:-1"},"canonical":"https:\/\/www.justice4all.org\/es\/news\/navegante-subvencion-victoria\/","og_locale":"es_ES","og_type":"article","og_title":"Navegante Subvenci\u00f3n Victoria - Legal Aid Justice Center","og_description":"La concesi\u00f3n el 15 de agosto de una subvenci\u00f3n Navigator de 1,2 millones de d\u00f3lares a un consorcio de proveedores de asistencia jur\u00eddica de Virginia -a trav\u00e9s del Virginia Poverty Law Center- har\u00e1 posible que el Legal Aid Justice Center financie dos puestos de personal para ayudar a los virginianos a obtener asistencia sanitaria. Un [&hellip;]","og_url":"https:\/\/www.justice4all.org\/es\/news\/navegante-subvencion-victoria\/","og_site_name":"Legal Aid Justice Center","twitter_card":"summary_large_image","schema":{"@context":"https:\/\/schema.org","@graph":[{"@type":"WebPage","@id":"https:\/\/www.justice4all.org\/es\/news\/navegante-subvencion-victoria\/","url":"https:\/\/www.justice4all.org\/es\/news\/navegante-subvencion-victoria\/","name":"Navegante Subvenci\u00f3n Victoria - Legal Aid Justice Center","isPartOf":{"@id":"https:\/\/www.justice4all.org\/es\/#website"},"datePublished":"2013-08-15T21:27:56+00:00","breadcrumb":{"@id":"https:\/\/www.justice4all.org\/es\/news\/navegante-subvencion-victoria\/#breadcrumb"},"inLanguage":"es","potentialAction":[{"@type":"ReadAction","target":["https:\/\/www.justice4all.org\/es\/news\/navegante-subvencion-victoria\/"]}]},{"@type":"BreadcrumbList","@id":"https:\/\/www.justice4all.org\/es\/news\/navegante-subvencion-victoria\/#breadcrumb","itemListElement":[{"@type":"ListItem","position":1,"name":"Home","item":"https:\/\/www.justice4all.org\/es\/"},{"@type":"ListItem","position":2,"name":"Navegante Subvenci\u00f3n Victoria"}]},{"@type":"WebSite","@id":"https:\/\/www.justice4all.org\/es\/#website","url":"https:\/\/www.justice4all.org\/es\/","name":"Legal Aid Justice Center","description":"","potentialAction":[{"@type":"SearchAction","target":{"@type":"EntryPoint","urlTemplate":"https:\/\/www.justice4all.org\/es\/?s={search_term_string}"},"query-input":{"@type":"PropertyValueSpecification","valueRequired":true,"valueName":"search_term_string"}}],"inLanguage":"es"}]}},"_links":{"self":[{"href":"https:\/\/www.justice4all.org\/es\/wp-json\/wp\/v2\/lajc_news\/19757","targetHints":{"allow":["GET"]}}],"collection":[{"href":"https:\/\/www.justice4all.org\/es\/wp-json\/wp\/v2\/lajc_news"}],"about":[{"href":"https:\/\/www.justice4all.org\/es\/wp-json\/wp\/v2\/types\/lajc_news"}],"author":[{"embeddable":true,"href":"https:\/\/www.justice4all.org\/es\/wp-json\/wp\/v2\/users\/3"}],"version-history":[{"count":0,"href":"https:\/\/www.justice4all.org\/es\/wp-json\/wp\/v2\/lajc_news\/19757\/revisions"}],"wp:attachment":[{"href":"https:\/\/www.justice4all.org\/es\/wp-json\/wp\/v2\/media?parent=19757"}],"wp:term":[{"taxonomy":"lajc-tax-news-type","embeddable":true,"href":"https:\/\/www.justice4all.org\/es\/wp-json\/wp\/v2\/lajc-tax-news-type?post=19757"},{"taxonomy":"lajc-tax-roles","embeddable":true,"href":"https:\/\/www.justice4all.org\/es\/wp-json\/wp\/v2\/lajc-tax-roles?post=19757"},{"taxonomy":"lajc-tax-issues","embeddable":true,"href":"https:\/\/www.justice4all.org\/es\/wp-json\/wp\/v2\/lajc-tax-issues?post=19757"},{"taxonomy":"lajc-tax-locations","embeddable":true,"href":"https:\/\/www.justice4all.org\/es\/wp-json\/wp\/v2\/lajc-tax-locations?post=19757"}],"curies":[{"name":"wp","href":"https:\/\/api.w.org\/{rel}","templated":true}]}}