{"id":19756,"date":"2013-09-16T11:44:09","date_gmt":"2013-09-16T11:44:09","guid":{"rendered":"https:\/\/www.justice4all.org\/news\/asociarse-para-reducir-las-suspensiones-de-minorias\/"},"modified":"2013-09-16T11:44:09","modified_gmt":"2013-09-16T11:44:09","slug":"asociarse-para-reducir-las-suspensiones-de-minorias","status":"publish","type":"lajc_news","link":"https:\/\/www.justice4all.org\/es\/news\/asociarse-para-reducir-las-suspensiones-de-minorias\/","title":{"rendered":"Asociarse para reducir las suspensiones de minor\u00edas"},"content":{"rendered":"<div class=\"lajc-m-content\">Las Escuelas P\u00fablicas del Condado de Henrico (HCPS) y el Centro de Justicia de Asistencia Jur\u00eddica se enorgullecen de anunciar una nueva asociaci\u00f3n destinada a reducir las disparidades en los \u00edndices de suspensi\u00f3n entre los alumnos pertenecientes a minor\u00edas y los alumnos con discapacidades que asisten a las escuelas medias de HCPS. La asociaci\u00f3n es el resultado de m\u00e1s de nueve meses de colaboraci\u00f3n para desarrollar y mejorar los esfuerzos existentes en Henrico. <\/p>\n<p>El acuerdo establece que:<\/p>\n<ul>\n<li>HCPS se asociar\u00e1 con un consultor independiente para poner en pr\u00e1ctica estrategias eficaces para reducir el n\u00famero de suspensiones en general y cerrar las brechas en las tasas de suspensi\u00f3n;<\/li>\n<\/ul>\n<ul>\n<li>HCPS seguir\u00e1 haciendo presentaciones trimestrales a su Consejo Escolar relativas a la disciplina;<\/li>\n<\/ul>\n<ul>\n<li>HCPS determinar\u00e1 si se han desarrollado planes de prevenci\u00f3n e intervenci\u00f3n adecuados de acuerdo con la pol\u00edtica del Consejo Escolar;<\/li>\n<\/ul>\n<ul>\n<li>El Centro de Ayuda Jur\u00eddica y Justicia y HCPS acuerdan resolver las cuestiones relativas a la desproporcionalidad en la disciplina mediante esfuerzos de colaboraci\u00f3n.<\/li>\n<\/ul>\n<p>&nbsp;<\/p>\n<p><strong>Cobertura informativa:<\/strong><\/p>\n<p><a href=\"http:\/\/www.henricocitizen.com\/news\/article\/09021#.Ujh4Uz-AyXg\" target=\"_blank\" rel=\"noopener\">Ciudadano de Henrico<\/a><\/p>\n<p><a href=\"http:\/\/www.timesdispatch.com\/news\/local\/education\/henrico-legal-aid-group-joining-on-school-suspensions\/article_be93bc24-1ee2-11e3-bb1c-001a4bcf6878.html\" target=\"_blank\" rel=\"noopener\">Richmond Times Dispatch<\/a><\/p>\n<p><a href=\"http:\/\/www.tricities.com\/news\/opinion_columns\/article_d4f81584-217e-11e3-b8e4-001a4bcf6878.html\" target=\"_blank\" rel=\"noopener\">TriCities.com<\/a><\/div>\n","protected":false},"excerpt":{"rendered":"<p>Las Escuelas P\u00fablicas del Condado de Henrico (HCPS) y el Centro de Justicia de Asistencia Jur\u00eddica se enorgullecen de anunciar una nueva asociaci\u00f3n destinada a reducir las disparidades en los \u00edndices de suspensi\u00f3n entre los alumnos pertenecientes a minor\u00edas y los alumnos con discapacidades que asisten a las escuelas medias de HCPS. La asociaci\u00f3n es [&hellip;]<\/p>\n","protected":false},"author":3,"featured_media":0,"parent":0,"menu_order":0,"template":"","format":"standard","meta":{"footnotes":""},"lajc-tax-news-type":[],"lajc-tax-roles":[],"lajc-tax-issues":[],"lajc-tax-locations":[],"class_list":["post-19756","lajc_news","type-lajc_news","status-publish","format-standard","hentry"],"acf":[],"yoast_head":"<!-- This site is optimized with the Yoast SEO plugin v27.5 - https:\/\/yoast.com\/product\/yoast-seo-wordpress\/ -->\n<title>Asociarse para reducir las suspensiones de minor\u00edas - Legal Aid Justice Center<\/title>\n<meta name=\"robots\" content=\"index, follow, max-snippet:-1, max-image-preview:large, max-video-preview:-1\" \/>\n<link rel=\"canonical\" href=\"https:\/\/www.justice4all.org\/es\/news\/asociarse-para-reducir-las-suspensiones-de-minorias\/\" \/>\n<meta property=\"og:locale\" content=\"es_ES\" \/>\n<meta property=\"og:type\" content=\"article\" \/>\n<meta property=\"og:title\" content=\"Asociarse para reducir las suspensiones de minor\u00edas - Legal Aid Justice Center\" \/>\n<meta property=\"og:description\" content=\"Las Escuelas P\u00fablicas del Condado de Henrico (HCPS) y el Centro de Justicia de Asistencia Jur\u00eddica se enorgullecen de anunciar una nueva asociaci\u00f3n destinada a reducir las disparidades en los \u00edndices de suspensi\u00f3n entre los alumnos pertenecientes a minor\u00edas y los alumnos con discapacidades que asisten a las escuelas medias de HCPS. La asociaci\u00f3n es [&hellip;]\" \/>\n<meta property=\"og:url\" content=\"https:\/\/www.justice4all.org\/es\/news\/asociarse-para-reducir-las-suspensiones-de-minorias\/\" \/>\n<meta property=\"og:site_name\" content=\"Legal Aid Justice Center\" \/>\n<meta name=\"twitter:card\" content=\"summary_large_image\" \/>\n<meta name=\"twitter:label1\" content=\"Tiempo de lectura\" \/>\n\t<meta name=\"twitter:data1\" content=\"1 minuto\" \/>\n<script type=\"application\/ld+json\" class=\"yoast-schema-graph\">{\"@context\":\"https:\\\/\\\/schema.org\",\"@graph\":[{\"@type\":\"WebPage\",\"@id\":\"https:\\\/\\\/www.justice4all.org\\\/es\\\/news\\\/asociarse-para-reducir-las-suspensiones-de-minorias\\\/\",\"url\":\"https:\\\/\\\/www.justice4all.org\\\/es\\\/news\\\/asociarse-para-reducir-las-suspensiones-de-minorias\\\/\",\"name\":\"Asociarse para reducir las suspensiones de minor\u00edas - Legal Aid Justice Center\",\"isPartOf\":{\"@id\":\"https:\\\/\\\/www.justice4all.org\\\/es\\\/#website\"},\"datePublished\":\"2013-09-16T11:44:09+00:00\",\"breadcrumb\":{\"@id\":\"https:\\\/\\\/www.justice4all.org\\\/es\\\/news\\\/asociarse-para-reducir-las-suspensiones-de-minorias\\\/#breadcrumb\"},\"inLanguage\":\"es\",\"potentialAction\":[{\"@type\":\"ReadAction\",\"target\":[\"https:\\\/\\\/www.justice4all.org\\\/es\\\/news\\\/asociarse-para-reducir-las-suspensiones-de-minorias\\\/\"]}]},{\"@type\":\"BreadcrumbList\",\"@id\":\"https:\\\/\\\/www.justice4all.org\\\/es\\\/news\\\/asociarse-para-reducir-las-suspensiones-de-minorias\\\/#breadcrumb\",\"itemListElement\":[{\"@type\":\"ListItem\",\"position\":1,\"name\":\"Home\",\"item\":\"https:\\\/\\\/www.justice4all.org\\\/es\\\/\"},{\"@type\":\"ListItem\",\"position\":2,\"name\":\"Asociarse para reducir las suspensiones de minor\u00edas\"}]},{\"@type\":\"WebSite\",\"@id\":\"https:\\\/\\\/www.justice4all.org\\\/es\\\/#website\",\"url\":\"https:\\\/\\\/www.justice4all.org\\\/es\\\/\",\"name\":\"Legal Aid Justice Center\",\"description\":\"\",\"potentialAction\":[{\"@type\":\"SearchAction\",\"target\":{\"@type\":\"EntryPoint\",\"urlTemplate\":\"https:\\\/\\\/www.justice4all.org\\\/es\\\/?s={search_term_string}\"},\"query-input\":{\"@type\":\"PropertyValueSpecification\",\"valueRequired\":true,\"valueName\":\"search_term_string\"}}],\"inLanguage\":\"es\"}]}<\/script>\n<!-- \/ Yoast SEO plugin. -->","yoast_head_json":{"title":"Asociarse para reducir las suspensiones de minor\u00edas - Legal Aid Justice Center","robots":{"index":"index","follow":"follow","max-snippet":"max-snippet:-1","max-image-preview":"max-image-preview:large","max-video-preview":"max-video-preview:-1"},"canonical":"https:\/\/www.justice4all.org\/es\/news\/asociarse-para-reducir-las-suspensiones-de-minorias\/","og_locale":"es_ES","og_type":"article","og_title":"Asociarse para reducir las suspensiones de minor\u00edas - Legal Aid Justice Center","og_description":"Las Escuelas P\u00fablicas del Condado de Henrico (HCPS) y el Centro de Justicia de Asistencia Jur\u00eddica se enorgullecen de anunciar una nueva asociaci\u00f3n destinada a reducir las disparidades en los \u00edndices de suspensi\u00f3n entre los alumnos pertenecientes a minor\u00edas y los alumnos con discapacidades que asisten a las escuelas medias de HCPS. La asociaci\u00f3n es [&hellip;]","og_url":"https:\/\/www.justice4all.org\/es\/news\/asociarse-para-reducir-las-suspensiones-de-minorias\/","og_site_name":"Legal Aid Justice Center","twitter_card":"summary_large_image","twitter_misc":{"Tiempo de lectura":"1 minuto"},"schema":{"@context":"https:\/\/schema.org","@graph":[{"@type":"WebPage","@id":"https:\/\/www.justice4all.org\/es\/news\/asociarse-para-reducir-las-suspensiones-de-minorias\/","url":"https:\/\/www.justice4all.org\/es\/news\/asociarse-para-reducir-las-suspensiones-de-minorias\/","name":"Asociarse para reducir las suspensiones de minor\u00edas - Legal Aid Justice Center","isPartOf":{"@id":"https:\/\/www.justice4all.org\/es\/#website"},"datePublished":"2013-09-16T11:44:09+00:00","breadcrumb":{"@id":"https:\/\/www.justice4all.org\/es\/news\/asociarse-para-reducir-las-suspensiones-de-minorias\/#breadcrumb"},"inLanguage":"es","potentialAction":[{"@type":"ReadAction","target":["https:\/\/www.justice4all.org\/es\/news\/asociarse-para-reducir-las-suspensiones-de-minorias\/"]}]},{"@type":"BreadcrumbList","@id":"https:\/\/www.justice4all.org\/es\/news\/asociarse-para-reducir-las-suspensiones-de-minorias\/#breadcrumb","itemListElement":[{"@type":"ListItem","position":1,"name":"Home","item":"https:\/\/www.justice4all.org\/es\/"},{"@type":"ListItem","position":2,"name":"Asociarse para reducir las suspensiones de minor\u00edas"}]},{"@type":"WebSite","@id":"https:\/\/www.justice4all.org\/es\/#website","url":"https:\/\/www.justice4all.org\/es\/","name":"Legal Aid Justice Center","description":"","potentialAction":[{"@type":"SearchAction","target":{"@type":"EntryPoint","urlTemplate":"https:\/\/www.justice4all.org\/es\/?s={search_term_string}"},"query-input":{"@type":"PropertyValueSpecification","valueRequired":true,"valueName":"search_term_string"}}],"inLanguage":"es"}]}},"_links":{"self":[{"href":"https:\/\/www.justice4all.org\/es\/wp-json\/wp\/v2\/lajc_news\/19756","targetHints":{"allow":["GET"]}}],"collection":[{"href":"https:\/\/www.justice4all.org\/es\/wp-json\/wp\/v2\/lajc_news"}],"about":[{"href":"https:\/\/www.justice4all.org\/es\/wp-json\/wp\/v2\/types\/lajc_news"}],"author":[{"embeddable":true,"href":"https:\/\/www.justice4all.org\/es\/wp-json\/wp\/v2\/users\/3"}],"version-history":[{"count":0,"href":"https:\/\/www.justice4all.org\/es\/wp-json\/wp\/v2\/lajc_news\/19756\/revisions"}],"wp:attachment":[{"href":"https:\/\/www.justice4all.org\/es\/wp-json\/wp\/v2\/media?parent=19756"}],"wp:term":[{"taxonomy":"lajc-tax-news-type","embeddable":true,"href":"https:\/\/www.justice4all.org\/es\/wp-json\/wp\/v2\/lajc-tax-news-type?post=19756"},{"taxonomy":"lajc-tax-roles","embeddable":true,"href":"https:\/\/www.justice4all.org\/es\/wp-json\/wp\/v2\/lajc-tax-roles?post=19756"},{"taxonomy":"lajc-tax-issues","embeddable":true,"href":"https:\/\/www.justice4all.org\/es\/wp-json\/wp\/v2\/lajc-tax-issues?post=19756"},{"taxonomy":"lajc-tax-locations","embeddable":true,"href":"https:\/\/www.justice4all.org\/es\/wp-json\/wp\/v2\/lajc-tax-locations?post=19756"}],"curies":[{"name":"wp","href":"https:\/\/api.w.org\/{rel}","templated":true}]}}