{"id":19754,"date":"2013-10-08T14:16:34","date_gmt":"2013-10-08T14:16:34","guid":{"rendered":"https:\/\/www.justice4all.org\/news\/anuncio-de-puesto-de-director-ejecutivo\/"},"modified":"2013-10-08T14:16:34","modified_gmt":"2013-10-08T14:16:34","slug":"anuncio-de-puesto-de-director-ejecutivo","status":"publish","type":"lajc_news","link":"https:\/\/www.justice4all.org\/es\/news\/anuncio-de-puesto-de-director-ejecutivo\/","title":{"rendered":"Anuncio de puesto de Director Ejecutivo"},"content":{"rendered":"<div class=\"lajc-m-content\">\n<h3 class=\"subheading subsubheading\">Alex Gulotta se unir\u00e1 a Bay Area Legal Aid en 2014<\/h3>\n<p>Alex Gulotta ha anunciado su dimisi\u00f3n como director ejecutivo del Centro de Justicia de Asistencia Jur\u00eddica, efectiva a finales de 2013. En enero de 2014, empezar\u00e1 a desempe\u00f1ar su nuevo cargo como director ejecutivo de <strong><a href=\"http:\/\/baylegal.org\/\" target=\"_blank\" rel=\"noopener\">Ayuda Jur\u00eddica del \u00c1rea de la Bah\u00eda<\/a><\/strong> en el \u00e1rea de San Francisco. <\/p>\n<p>\u00abNo me habr\u00eda planteado este cambio si no creyera que el Centro de Justicia de Asistencia Jur\u00eddica se encuentra en una posici\u00f3n tan s\u00f3lida como nunca antes\u00bb, declar\u00f3 Gulotta. \u00abEl liderazgo de nuestra junta, la experiencia y dedicaci\u00f3n de nuestro personal y el apoyo de una comunidad generosa y compasiva no dejan lugar a dudas de que el Centro de Justicia de Asistencia Jur\u00eddica seguir\u00e1 prosperando mucho despu\u00e9s de que yo me haya ido\u00bb. <\/p>\n<p><strong><a href=\"http:\/\/www.justice4all.org\/wp-content\/uploads\/2013\/10\/LAJC-Gulotta-Letter.pdf\" target=\"_blank\" rel=\"noopener\">Carta de dimisi\u00f3n de Alex Gulotta<\/a><\/strong><\/p>\n<p><strong><a href=\"http:\/\/www.dailyprogress.com\/news\/gulotta-to-step-down-from-legal-aid-justice-center\/article_c8f1aca4-3156-11e3-9e53-0019bb30f31a.html\" target=\"_blank\" rel=\"noopener\">Art\u00edculo del Daily Progress<\/a><\/strong><\/p>\n<h4 class=\"subheading subsubheading\"><\/h4>\n<h3 class=\"subheading subsubheading\">B\u00fasqueda nacional de un nuevo Director Ejecutivo<\/h3>\n<p>La Junta Directiva ya ha iniciado una b\u00fasqueda nacional de un nuevo director ejecutivo.<\/p>\n<p>El Centro de Justicia de Asistencia Jur\u00eddica busca un director ejecutivo para dirigir nuestro bufete, reconocido a nivel nacional y dedicado a servir a los hogares con bajos ingresos, desde nuestra sede en Charlottesville, Virginia. Alex R. Gulotta, que ha ejercido como director ejecutivo durante 19 a\u00f1os, dejar\u00e1 el cargo a finales de 2013. <\/p>\n<p>El pr\u00f3ximo director ejecutivo se incorporar\u00e1 al Centro de Justicia de Asistencia Jur\u00eddica en un momento de grandes oportunidades. Al producir resultados sobresalientes durante m\u00e1s de 45 a\u00f1os, el Centro de Justicia de Asistencia Jur\u00eddica ha desarrollado una reputaci\u00f3n nacional de excelencia. Seis de nuestros abogados han recibido premios nacionales por sus esfuerzos. El pr\u00f3ximo director ejecutivo disfrutar\u00e1 de la doble oportunidad de aprovechar los puntos fuertes y los logros del Centro de Justicia y Asistencia Jur\u00eddica, al tiempo que crea nuevas y m\u00e1s amplias \u00e1reas de defensa.   <\/p>\n<p>Ver una descripci\u00f3n completa e instrucciones para la solicitud: <strong><a href=\"http:\/\/www.justice4all.org\/wp-content\/uploads\/2013\/10\/LAJC-Executive-Director-Position-Announcement-Final.pdf\" target=\"_blank\" rel=\"noopener\">Anuncio de puesto de Director Ejecutivo<\/a><\/strong><\/div>\n","protected":false},"excerpt":{"rendered":"<p>Alex Gulotta se unir\u00e1 a Bay Area Legal Aid en 2014 Alex Gulotta ha anunciado su dimisi\u00f3n como director ejecutivo del Centro de Justicia de Asistencia Jur\u00eddica, efectiva a finales de 2013. En enero de 2014, empezar\u00e1 a desempe\u00f1ar su nuevo cargo como director ejecutivo de Ayuda Jur\u00eddica del \u00c1rea de la Bah\u00eda en el [&hellip;]<\/p>\n","protected":false},"author":4,"featured_media":0,"parent":0,"menu_order":0,"template":"","format":"standard","meta":{"footnotes":""},"lajc-tax-news-type":[],"lajc-tax-roles":[],"lajc-tax-issues":[],"lajc-tax-locations":[],"class_list":["post-19754","lajc_news","type-lajc_news","status-publish","format-standard","hentry"],"acf":[],"yoast_head":"<!-- This site is optimized with the Yoast SEO plugin v27.5 - https:\/\/yoast.com\/product\/yoast-seo-wordpress\/ -->\n<title>Anuncio de puesto de Director Ejecutivo - Legal Aid Justice Center<\/title>\n<meta name=\"robots\" content=\"index, follow, max-snippet:-1, max-image-preview:large, max-video-preview:-1\" \/>\n<link rel=\"canonical\" href=\"https:\/\/www.justice4all.org\/es\/news\/anuncio-de-puesto-de-director-ejecutivo\/\" \/>\n<meta property=\"og:locale\" content=\"es_ES\" \/>\n<meta property=\"og:type\" content=\"article\" \/>\n<meta property=\"og:title\" content=\"Anuncio de puesto de Director Ejecutivo - Legal Aid Justice Center\" \/>\n<meta property=\"og:description\" content=\"Alex Gulotta se unir\u00e1 a Bay Area Legal Aid en 2014 Alex Gulotta ha anunciado su dimisi\u00f3n como director ejecutivo del Centro de Justicia de Asistencia Jur\u00eddica, efectiva a finales de 2013. En enero de 2014, empezar\u00e1 a desempe\u00f1ar su nuevo cargo como director ejecutivo de Ayuda Jur\u00eddica del \u00c1rea de la Bah\u00eda en el [&hellip;]\" \/>\n<meta property=\"og:url\" content=\"https:\/\/www.justice4all.org\/es\/news\/anuncio-de-puesto-de-director-ejecutivo\/\" \/>\n<meta property=\"og:site_name\" content=\"Legal Aid Justice Center\" \/>\n<meta name=\"twitter:card\" content=\"summary_large_image\" \/>\n<meta name=\"twitter:label1\" content=\"Tiempo de lectura\" \/>\n\t<meta name=\"twitter:data1\" content=\"2 minuto\" \/>\n<script type=\"application\/ld+json\" class=\"yoast-schema-graph\">{\"@context\":\"https:\\\/\\\/schema.org\",\"@graph\":[{\"@type\":\"WebPage\",\"@id\":\"https:\\\/\\\/www.justice4all.org\\\/es\\\/news\\\/anuncio-de-puesto-de-director-ejecutivo\\\/\",\"url\":\"https:\\\/\\\/www.justice4all.org\\\/es\\\/news\\\/anuncio-de-puesto-de-director-ejecutivo\\\/\",\"name\":\"Anuncio de puesto de Director Ejecutivo - Legal Aid Justice Center\",\"isPartOf\":{\"@id\":\"https:\\\/\\\/www.justice4all.org\\\/es\\\/#website\"},\"datePublished\":\"2013-10-08T14:16:34+00:00\",\"breadcrumb\":{\"@id\":\"https:\\\/\\\/www.justice4all.org\\\/es\\\/news\\\/anuncio-de-puesto-de-director-ejecutivo\\\/#breadcrumb\"},\"inLanguage\":\"es\",\"potentialAction\":[{\"@type\":\"ReadAction\",\"target\":[\"https:\\\/\\\/www.justice4all.org\\\/es\\\/news\\\/anuncio-de-puesto-de-director-ejecutivo\\\/\"]}]},{\"@type\":\"BreadcrumbList\",\"@id\":\"https:\\\/\\\/www.justice4all.org\\\/es\\\/news\\\/anuncio-de-puesto-de-director-ejecutivo\\\/#breadcrumb\",\"itemListElement\":[{\"@type\":\"ListItem\",\"position\":1,\"name\":\"Home\",\"item\":\"https:\\\/\\\/www.justice4all.org\\\/es\\\/\"},{\"@type\":\"ListItem\",\"position\":2,\"name\":\"Anuncio de puesto de Director Ejecutivo\"}]},{\"@type\":\"WebSite\",\"@id\":\"https:\\\/\\\/www.justice4all.org\\\/es\\\/#website\",\"url\":\"https:\\\/\\\/www.justice4all.org\\\/es\\\/\",\"name\":\"Legal Aid Justice Center\",\"description\":\"\",\"potentialAction\":[{\"@type\":\"SearchAction\",\"target\":{\"@type\":\"EntryPoint\",\"urlTemplate\":\"https:\\\/\\\/www.justice4all.org\\\/es\\\/?s={search_term_string}\"},\"query-input\":{\"@type\":\"PropertyValueSpecification\",\"valueRequired\":true,\"valueName\":\"search_term_string\"}}],\"inLanguage\":\"es\"}]}<\/script>\n<!-- \/ Yoast SEO plugin. -->","yoast_head_json":{"title":"Anuncio de puesto de Director Ejecutivo - Legal Aid Justice Center","robots":{"index":"index","follow":"follow","max-snippet":"max-snippet:-1","max-image-preview":"max-image-preview:large","max-video-preview":"max-video-preview:-1"},"canonical":"https:\/\/www.justice4all.org\/es\/news\/anuncio-de-puesto-de-director-ejecutivo\/","og_locale":"es_ES","og_type":"article","og_title":"Anuncio de puesto de Director Ejecutivo - Legal Aid Justice Center","og_description":"Alex Gulotta se unir\u00e1 a Bay Area Legal Aid en 2014 Alex Gulotta ha anunciado su dimisi\u00f3n como director ejecutivo del Centro de Justicia de Asistencia Jur\u00eddica, efectiva a finales de 2013. En enero de 2014, empezar\u00e1 a desempe\u00f1ar su nuevo cargo como director ejecutivo de Ayuda Jur\u00eddica del \u00c1rea de la Bah\u00eda en el [&hellip;]","og_url":"https:\/\/www.justice4all.org\/es\/news\/anuncio-de-puesto-de-director-ejecutivo\/","og_site_name":"Legal Aid Justice Center","twitter_card":"summary_large_image","twitter_misc":{"Tiempo de lectura":"2 minuto"},"schema":{"@context":"https:\/\/schema.org","@graph":[{"@type":"WebPage","@id":"https:\/\/www.justice4all.org\/es\/news\/anuncio-de-puesto-de-director-ejecutivo\/","url":"https:\/\/www.justice4all.org\/es\/news\/anuncio-de-puesto-de-director-ejecutivo\/","name":"Anuncio de puesto de Director Ejecutivo - Legal Aid Justice Center","isPartOf":{"@id":"https:\/\/www.justice4all.org\/es\/#website"},"datePublished":"2013-10-08T14:16:34+00:00","breadcrumb":{"@id":"https:\/\/www.justice4all.org\/es\/news\/anuncio-de-puesto-de-director-ejecutivo\/#breadcrumb"},"inLanguage":"es","potentialAction":[{"@type":"ReadAction","target":["https:\/\/www.justice4all.org\/es\/news\/anuncio-de-puesto-de-director-ejecutivo\/"]}]},{"@type":"BreadcrumbList","@id":"https:\/\/www.justice4all.org\/es\/news\/anuncio-de-puesto-de-director-ejecutivo\/#breadcrumb","itemListElement":[{"@type":"ListItem","position":1,"name":"Home","item":"https:\/\/www.justice4all.org\/es\/"},{"@type":"ListItem","position":2,"name":"Anuncio de puesto de Director Ejecutivo"}]},{"@type":"WebSite","@id":"https:\/\/www.justice4all.org\/es\/#website","url":"https:\/\/www.justice4all.org\/es\/","name":"Legal Aid Justice Center","description":"","potentialAction":[{"@type":"SearchAction","target":{"@type":"EntryPoint","urlTemplate":"https:\/\/www.justice4all.org\/es\/?s={search_term_string}"},"query-input":{"@type":"PropertyValueSpecification","valueRequired":true,"valueName":"search_term_string"}}],"inLanguage":"es"}]}},"_links":{"self":[{"href":"https:\/\/www.justice4all.org\/es\/wp-json\/wp\/v2\/lajc_news\/19754","targetHints":{"allow":["GET"]}}],"collection":[{"href":"https:\/\/www.justice4all.org\/es\/wp-json\/wp\/v2\/lajc_news"}],"about":[{"href":"https:\/\/www.justice4all.org\/es\/wp-json\/wp\/v2\/types\/lajc_news"}],"author":[{"embeddable":true,"href":"https:\/\/www.justice4all.org\/es\/wp-json\/wp\/v2\/users\/4"}],"version-history":[{"count":0,"href":"https:\/\/www.justice4all.org\/es\/wp-json\/wp\/v2\/lajc_news\/19754\/revisions"}],"wp:attachment":[{"href":"https:\/\/www.justice4all.org\/es\/wp-json\/wp\/v2\/media?parent=19754"}],"wp:term":[{"taxonomy":"lajc-tax-news-type","embeddable":true,"href":"https:\/\/www.justice4all.org\/es\/wp-json\/wp\/v2\/lajc-tax-news-type?post=19754"},{"taxonomy":"lajc-tax-roles","embeddable":true,"href":"https:\/\/www.justice4all.org\/es\/wp-json\/wp\/v2\/lajc-tax-roles?post=19754"},{"taxonomy":"lajc-tax-issues","embeddable":true,"href":"https:\/\/www.justice4all.org\/es\/wp-json\/wp\/v2\/lajc-tax-issues?post=19754"},{"taxonomy":"lajc-tax-locations","embeddable":true,"href":"https:\/\/www.justice4all.org\/es\/wp-json\/wp\/v2\/lajc-tax-locations?post=19754"}],"curies":[{"name":"wp","href":"https:\/\/api.w.org\/{rel}","templated":true}]}}