{"id":19750,"date":"2013-12-17T16:50:37","date_gmt":"2013-12-17T16:50:37","guid":{"rendered":"https:\/\/www.justice4all.org\/news\/los-estudiantes-de-virginia-demandan-la-matricula-estatal\/"},"modified":"2013-12-17T16:50:37","modified_gmt":"2013-12-17T16:50:37","slug":"los-estudiantes-de-virginia-demandan-la-matricula-estatal","status":"publish","type":"lajc_news","link":"https:\/\/www.justice4all.org\/es\/news\/los-estudiantes-de-virginia-demandan-la-matricula-estatal\/","title":{"rendered":"Los estudiantes de Virginia demandan la matr\u00edcula estatal"},"content":{"rendered":"<div class=\"lajc-m-content\">&nbsp;<\/p>\n<p>El martes 17 de diciembre de 2013, el Centro de Justicia de Asistencia Jur\u00eddica present\u00f3 una demanda ante el Tribunal de Circuito del Condado de Arlington en nombre de siete estudiantes inmigrantes de Virginia, a todos los cuales el gobierno federal ha concedido el estatus de Acci\u00f3n Diferida para los Llegados en la Infancia (DACA). Aunque estos estudiantes crecieron en Virginia y se graduaron en institutos de Virginia, el Consejo Estatal de Educaci\u00f3n Superior de Virginia (SCHEV, por sus siglas en ingl\u00e9s) ha determinado que son categ\u00f3ricamente inelegibles para las tasas de matr\u00edcula estatal en los institutos y universidades p\u00fablicas de Virginia. Los estudiantes piden al tribunal que anule la interpretaci\u00f3n de la ley por parte del SCHEV y reconozca que los beneficiarios de la DACA deber\u00edan poder optar a tasas de matr\u00edcula estatal mucho m\u00e1s baratas, al igual que otros graduados de secundaria de Virginia.  <\/p>\n<p><a href=\"http:\/\/lajc.wpengine.com\/wp-content\/uploads\/2013\/12\/Immigrant-Students-In-State-Tuition.pdf\" target=\"_blank\" rel=\"noopener\">Comunicado de prensa (PDF)<\/a><\/p>\n<p><a href=\"http:\/\/www.justice4all.org\/wp-content\/uploads\/2013\/12\/Orellana_v_SCHEV.pdf\" target=\"_blank\" rel=\"noopener\">Orellana y otros contra el Consejo Estatal de Educaci\u00f3n Superior de Virginia (Demanda oficial) <\/a><\/p>\n<h3 class=\"subheading\">Cobertura de prensa:<\/h3>\n<p><a href=\"http:\/\/www.washingtonpost.com\/local\/crime\/immigrant-students-in-va-seeking-in-state-college-tuition\/2013\/12\/17\/5329fd1a-6431-11e3-91b3-f2bb96304e34_story.html\" target=\"_blank\" rel=\"noopener\">Washington Post<\/a><\/p>\n<p><a href=\"http:\/\/www.newsplex.com\/home\/headlines\/Immigration-Students-Sue-State-Over-Tuition-Costs-236309321.html\" target=\"_blank\" rel=\"noopener\">WCAV CBS19 Charlottesville Newsplex (con v\u00eddeo)<\/a><\/p>\n<p><a href=\"http:\/\/wvtf.org\/post\/immigrants-seek-state-tuition\" target=\"_blank\" rel=\"noopener\">Radio P\u00fablica WVTF (con audio)<\/a><\/p>\n<p><a href=\"http:\/\/wamu.org\/news\/13\/12\/17\/undocumented_virginia_students_sue_for_in_state_tuition#.UrC161wpbEw.email\" target=\"_blank\" rel=\"noopener\">WAMU 88.5 FM (con audio)<\/a><\/p>\n<p><a href=\"http:\/\/fallschurch.patch.com\/groups\/schools\/p\/immigrant-students-fight-for-instate-college-tuition\" target=\"_blank\" rel=\"noopener\">Falls Church Patch<\/a><\/p>\n<p><a href=\"http:\/\/www.tvwfdc.com\/2013\/12\/17\/siete-sonadores-demandan-al-estado-de-virginia\/\" target=\"_blank\" rel=\"noopener\">Univision DC (con v\u00eddeo)<\/a><\/p>\n<p><a href=\"http:\/\/annandaleva.blogspot.com\/2013\/12\/immigrant-students-sue-for-right-to-pay.html\" target=\"_blank\" rel=\"noopener\">Blog de Annandale<\/a><\/p>\n<p>&nbsp;<\/p><\/div>\n","protected":false},"excerpt":{"rendered":"<p>&nbsp; El martes 17 de diciembre de 2013, el Centro de Justicia de Asistencia Jur\u00eddica present\u00f3 una demanda ante el Tribunal de Circuito del Condado de Arlington en nombre de siete estudiantes inmigrantes de Virginia, a todos los cuales el gobierno federal ha concedido el estatus de Acci\u00f3n Diferida para los Llegados en la Infancia [&hellip;]<\/p>\n","protected":false},"author":4,"featured_media":0,"parent":0,"menu_order":0,"template":"","format":"standard","meta":{"footnotes":""},"lajc-tax-news-type":[],"lajc-tax-roles":[],"lajc-tax-issues":[],"lajc-tax-locations":[],"class_list":["post-19750","lajc_news","type-lajc_news","status-publish","format-standard","hentry"],"acf":[],"yoast_head":"<!-- This site is optimized with the Yoast SEO plugin v27.5 - https:\/\/yoast.com\/product\/yoast-seo-wordpress\/ -->\n<title>Los estudiantes de Virginia demandan la matr\u00edcula estatal - Legal Aid Justice Center<\/title>\n<meta name=\"robots\" content=\"index, follow, max-snippet:-1, max-image-preview:large, max-video-preview:-1\" \/>\n<link rel=\"canonical\" href=\"https:\/\/www.justice4all.org\/es\/news\/los-estudiantes-de-virginia-demandan-la-matricula-estatal\/\" \/>\n<meta property=\"og:locale\" content=\"es_ES\" \/>\n<meta property=\"og:type\" content=\"article\" \/>\n<meta property=\"og:title\" content=\"Los estudiantes de Virginia demandan la matr\u00edcula estatal - Legal Aid Justice Center\" \/>\n<meta property=\"og:description\" content=\"&nbsp; El martes 17 de diciembre de 2013, el Centro de Justicia de Asistencia Jur\u00eddica present\u00f3 una demanda ante el Tribunal de Circuito del Condado de Arlington en nombre de siete estudiantes inmigrantes de Virginia, a todos los cuales el gobierno federal ha concedido el estatus de Acci\u00f3n Diferida para los Llegados en la Infancia [&hellip;]\" \/>\n<meta property=\"og:url\" content=\"https:\/\/www.justice4all.org\/es\/news\/los-estudiantes-de-virginia-demandan-la-matricula-estatal\/\" \/>\n<meta property=\"og:site_name\" content=\"Legal Aid Justice Center\" \/>\n<meta name=\"twitter:card\" content=\"summary_large_image\" \/>\n<meta name=\"twitter:label1\" content=\"Tiempo de lectura\" \/>\n\t<meta name=\"twitter:data1\" content=\"1 minuto\" \/>\n<script type=\"application\/ld+json\" class=\"yoast-schema-graph\">{\"@context\":\"https:\\\/\\\/schema.org\",\"@graph\":[{\"@type\":\"WebPage\",\"@id\":\"https:\\\/\\\/www.justice4all.org\\\/es\\\/news\\\/los-estudiantes-de-virginia-demandan-la-matricula-estatal\\\/\",\"url\":\"https:\\\/\\\/www.justice4all.org\\\/es\\\/news\\\/los-estudiantes-de-virginia-demandan-la-matricula-estatal\\\/\",\"name\":\"Los estudiantes de Virginia demandan la matr\u00edcula estatal - Legal Aid Justice Center\",\"isPartOf\":{\"@id\":\"https:\\\/\\\/www.justice4all.org\\\/es\\\/#website\"},\"datePublished\":\"2013-12-17T16:50:37+00:00\",\"breadcrumb\":{\"@id\":\"https:\\\/\\\/www.justice4all.org\\\/es\\\/news\\\/los-estudiantes-de-virginia-demandan-la-matricula-estatal\\\/#breadcrumb\"},\"inLanguage\":\"es\",\"potentialAction\":[{\"@type\":\"ReadAction\",\"target\":[\"https:\\\/\\\/www.justice4all.org\\\/es\\\/news\\\/los-estudiantes-de-virginia-demandan-la-matricula-estatal\\\/\"]}]},{\"@type\":\"BreadcrumbList\",\"@id\":\"https:\\\/\\\/www.justice4all.org\\\/es\\\/news\\\/los-estudiantes-de-virginia-demandan-la-matricula-estatal\\\/#breadcrumb\",\"itemListElement\":[{\"@type\":\"ListItem\",\"position\":1,\"name\":\"Home\",\"item\":\"https:\\\/\\\/www.justice4all.org\\\/es\\\/\"},{\"@type\":\"ListItem\",\"position\":2,\"name\":\"Los estudiantes de Virginia demandan la matr\u00edcula estatal\"}]},{\"@type\":\"WebSite\",\"@id\":\"https:\\\/\\\/www.justice4all.org\\\/es\\\/#website\",\"url\":\"https:\\\/\\\/www.justice4all.org\\\/es\\\/\",\"name\":\"Legal Aid Justice Center\",\"description\":\"\",\"potentialAction\":[{\"@type\":\"SearchAction\",\"target\":{\"@type\":\"EntryPoint\",\"urlTemplate\":\"https:\\\/\\\/www.justice4all.org\\\/es\\\/?s={search_term_string}\"},\"query-input\":{\"@type\":\"PropertyValueSpecification\",\"valueRequired\":true,\"valueName\":\"search_term_string\"}}],\"inLanguage\":\"es\"}]}<\/script>\n<!-- \/ Yoast SEO plugin. -->","yoast_head_json":{"title":"Los estudiantes de Virginia demandan la matr\u00edcula estatal - Legal Aid Justice Center","robots":{"index":"index","follow":"follow","max-snippet":"max-snippet:-1","max-image-preview":"max-image-preview:large","max-video-preview":"max-video-preview:-1"},"canonical":"https:\/\/www.justice4all.org\/es\/news\/los-estudiantes-de-virginia-demandan-la-matricula-estatal\/","og_locale":"es_ES","og_type":"article","og_title":"Los estudiantes de Virginia demandan la matr\u00edcula estatal - Legal Aid Justice Center","og_description":"&nbsp; El martes 17 de diciembre de 2013, el Centro de Justicia de Asistencia Jur\u00eddica present\u00f3 una demanda ante el Tribunal de Circuito del Condado de Arlington en nombre de siete estudiantes inmigrantes de Virginia, a todos los cuales el gobierno federal ha concedido el estatus de Acci\u00f3n Diferida para los Llegados en la Infancia [&hellip;]","og_url":"https:\/\/www.justice4all.org\/es\/news\/los-estudiantes-de-virginia-demandan-la-matricula-estatal\/","og_site_name":"Legal Aid Justice Center","twitter_card":"summary_large_image","twitter_misc":{"Tiempo de lectura":"1 minuto"},"schema":{"@context":"https:\/\/schema.org","@graph":[{"@type":"WebPage","@id":"https:\/\/www.justice4all.org\/es\/news\/los-estudiantes-de-virginia-demandan-la-matricula-estatal\/","url":"https:\/\/www.justice4all.org\/es\/news\/los-estudiantes-de-virginia-demandan-la-matricula-estatal\/","name":"Los estudiantes de Virginia demandan la matr\u00edcula estatal - Legal Aid Justice Center","isPartOf":{"@id":"https:\/\/www.justice4all.org\/es\/#website"},"datePublished":"2013-12-17T16:50:37+00:00","breadcrumb":{"@id":"https:\/\/www.justice4all.org\/es\/news\/los-estudiantes-de-virginia-demandan-la-matricula-estatal\/#breadcrumb"},"inLanguage":"es","potentialAction":[{"@type":"ReadAction","target":["https:\/\/www.justice4all.org\/es\/news\/los-estudiantes-de-virginia-demandan-la-matricula-estatal\/"]}]},{"@type":"BreadcrumbList","@id":"https:\/\/www.justice4all.org\/es\/news\/los-estudiantes-de-virginia-demandan-la-matricula-estatal\/#breadcrumb","itemListElement":[{"@type":"ListItem","position":1,"name":"Home","item":"https:\/\/www.justice4all.org\/es\/"},{"@type":"ListItem","position":2,"name":"Los estudiantes de Virginia demandan la matr\u00edcula estatal"}]},{"@type":"WebSite","@id":"https:\/\/www.justice4all.org\/es\/#website","url":"https:\/\/www.justice4all.org\/es\/","name":"Legal Aid Justice Center","description":"","potentialAction":[{"@type":"SearchAction","target":{"@type":"EntryPoint","urlTemplate":"https:\/\/www.justice4all.org\/es\/?s={search_term_string}"},"query-input":{"@type":"PropertyValueSpecification","valueRequired":true,"valueName":"search_term_string"}}],"inLanguage":"es"}]}},"_links":{"self":[{"href":"https:\/\/www.justice4all.org\/es\/wp-json\/wp\/v2\/lajc_news\/19750","targetHints":{"allow":["GET"]}}],"collection":[{"href":"https:\/\/www.justice4all.org\/es\/wp-json\/wp\/v2\/lajc_news"}],"about":[{"href":"https:\/\/www.justice4all.org\/es\/wp-json\/wp\/v2\/types\/lajc_news"}],"author":[{"embeddable":true,"href":"https:\/\/www.justice4all.org\/es\/wp-json\/wp\/v2\/users\/4"}],"version-history":[{"count":0,"href":"https:\/\/www.justice4all.org\/es\/wp-json\/wp\/v2\/lajc_news\/19750\/revisions"}],"wp:attachment":[{"href":"https:\/\/www.justice4all.org\/es\/wp-json\/wp\/v2\/media?parent=19750"}],"wp:term":[{"taxonomy":"lajc-tax-news-type","embeddable":true,"href":"https:\/\/www.justice4all.org\/es\/wp-json\/wp\/v2\/lajc-tax-news-type?post=19750"},{"taxonomy":"lajc-tax-roles","embeddable":true,"href":"https:\/\/www.justice4all.org\/es\/wp-json\/wp\/v2\/lajc-tax-roles?post=19750"},{"taxonomy":"lajc-tax-issues","embeddable":true,"href":"https:\/\/www.justice4all.org\/es\/wp-json\/wp\/v2\/lajc-tax-issues?post=19750"},{"taxonomy":"lajc-tax-locations","embeddable":true,"href":"https:\/\/www.justice4all.org\/es\/wp-json\/wp\/v2\/lajc-tax-locations?post=19750"}],"curies":[{"name":"wp","href":"https:\/\/api.w.org\/{rel}","templated":true}]}}