{"id":17328,"date":"2023-09-22T15:01:16","date_gmt":"2023-09-22T15:01:16","guid":{"rendered":"https:\/\/www.justice4all.org\/?post_type=lajc_news&#038;p=17328"},"modified":"2023-09-22T16:31:42","modified_gmt":"2023-09-22T16:31:42","slug":"damos-la-bienvenida-a-nuestro-nuevo-director-juridico-de-defensa-de-la-vivienda-y-de-la-deuda-de-consumidores-y-medios-de-comunicacion","status":"publish","type":"lajc_news","link":"https:\/\/www.justice4all.org\/es\/news\/damos-la-bienvenida-a-nuestro-nuevo-director-juridico-de-defensa-de-la-vivienda-y-de-la-deuda-de-consumidores-y-medios-de-comunicacion\/","title":{"rendered":"Damos la bienvenida a nuestro nuevo Director Jur\u00eddico de Defensa de la Vivienda y de la Deuda de Consumidores y Medios de Comunicaci\u00f3n."},"content":{"rendered":"\n\n\n\n\n<div id=\"block_881ea0e921211214084c5174dc8e0c91\" class=\"content-wrapper-block  style-normal bg-width-full \">\n\t<div class=\"container-fluid\">\n\t\t<div class=\"row justify-content-center\">\n\t\t\t<div class=\"col-lg-12\">\n\t\t\t\t\t\t\t\t\t<div class=\"row row-content justify-content-center\">\n\t\t\t\t\t\t\n\n\n\n  <style type=\"text\/css\">\n    #block_481fc4973619825b3e3d68ea00e58cf5 > div{\n                                        margin-left: calc(4 * 16px);\n                          margin-right: calc(4 * 16px);\n              \n                                        padding-left: calc(4 * 16px);\n                          padding-right: calc(4 * 16px);\n                  }\n\n    @media screen and (min-width: 768px) and (max-width: 991px) {\n      #block_481fc4973619825b3e3d68ea00e58cf5 > div{\n                                                  margin-left: calc(4 * 12px);  \n                                margin-right: calc(4 * 12px);  \n                    \n                                                  padding-left: calc(4 * 12px);\n                                padding-right: calc(4 * 12px);\n                        }\n    }\n\n    @media screen and (min-width: 480px) and (max-width: 767px) {\n      #block_481fc4973619825b3e3d68ea00e58cf5 > div{\n                                                  margin-left: calc(4 * 8px);  \n                                margin-right: calc(4 * 8px);  \n                    \n                                                  padding-left: calc(4 * 8px);\n                                padding-right: calc(4 * 8px);\n                        }\n    }\n\n    @media screen and (max-width: 479px) {\n      #block_481fc4973619825b3e3d68ea00e58cf5 > div{\n                                                  margin-left: calc(4 * 4px);  \n                                margin-right: calc(4 * 4px);  \n                    \n                                                  padding-left: calc(4 * 4px);\n                                padding-right: calc(4 * 4px);\n                        }\n    }\n\n  <\/style>\n\n<style type=\"text\/css\">\n\t.edit-post-visual-editor [data-block=\"481fc4973619825b3e3d68ea00e58cf5\"] {\n\t\twidth: calc((12 \/ 12) * 100%)!important;\n\t\tmin-width: calc((12 \/ 12) * 100%)!important;\n\t}\n<\/style>\n\n<div id=\"block_481fc4973619825b3e3d68ea00e58cf5\" class=\"col-lg-12 custom-column-block\">\n\t<div class=\"custom-column-wrapper  \">\n\t\t\n\n<figure class=\"wp-block-image size-full is-resized\"><img loading=\"lazy\" decoding=\"async\" src=\"https:\/\/www.justice4all.org\/wp-content\/uploads\/2023\/09\/DESIGN_LAJC-Email-Header-4-01-scaled.jpg\" alt=\"\" class=\"wp-image-17329\" width=\"1085\" height=\"286\" srcset=\"https:\/\/www.justice4all.org\/wp-content\/uploads\/2023\/09\/DESIGN_LAJC-Email-Header-4-01-scaled.jpg 2560w, https:\/\/www.justice4all.org\/wp-content\/uploads\/2023\/09\/DESIGN_LAJC-Email-Header-4-01-300x79.jpg 300w, https:\/\/www.justice4all.org\/wp-content\/uploads\/2023\/09\/DESIGN_LAJC-Email-Header-4-01-1024x271.jpg 1024w, https:\/\/www.justice4all.org\/wp-content\/uploads\/2023\/09\/DESIGN_LAJC-Email-Header-4-01-1536x407.jpg 1536w\" sizes=\"auto, (max-width: 1085px) 100vw, 1085px\" \/><\/figure>\n\n\n\t<\/div>\n<\/div>\n\n\n\n\n  <style type=\"text\/css\">\n    #block_0521401907aae6240a33fd9bd4f46b56 > div{\n                                        margin-left: calc(4 * 16px);\n                          margin-right: calc(4 * 16px);\n              \n                                        padding-left: calc(4 * 16px);\n                          padding-right: calc(4 * 16px);\n                  }\n\n    @media screen and (min-width: 768px) and (max-width: 991px) {\n      #block_0521401907aae6240a33fd9bd4f46b56 > div{\n                                                  margin-left: calc(4 * 12px);  \n                                margin-right: calc(4 * 12px);  \n                    \n                                                  padding-left: calc(4 * 12px);\n                                padding-right: calc(4 * 12px);\n                        }\n    }\n\n    @media screen and (min-width: 480px) and (max-width: 767px) {\n      #block_0521401907aae6240a33fd9bd4f46b56 > div{\n                                                  margin-left: calc(4 * 8px);  \n                                margin-right: calc(4 * 8px);  \n                    \n                                                  padding-left: calc(4 * 8px);\n                                padding-right: calc(4 * 8px);\n                        }\n    }\n\n    @media screen and (max-width: 479px) {\n      #block_0521401907aae6240a33fd9bd4f46b56 > div{\n                                                  margin-left: calc(4 * 4px);  \n                                margin-right: calc(4 * 4px);  \n                    \n                                                  padding-left: calc(4 * 4px);\n                                padding-right: calc(4 * 4px);\n                        }\n    }\n\n  <\/style>\n\n<style type=\"text\/css\">\n\t.edit-post-visual-editor [data-block=\"0521401907aae6240a33fd9bd4f46b56\"] {\n\t\twidth: calc((10 \/ 12) * 100%)!important;\n\t\tmin-width: calc((10 \/ 12) * 100%)!important;\n\t}\n<\/style>\n\n<div id=\"block_0521401907aae6240a33fd9bd4f46b56\" class=\"col-lg-10 custom-column-block\">\n\t<div class=\"custom-column-wrapper  \">\n\t\t\n\n\n\n\n<div id=\"block_f397e776400b22fe8de83a8c2fba245b\" class=\"text-image-block\">\n  <div class=\"container-fluid\">\n    <div class=\"text-image-wrapper flex-direction-row\">\n      <div class=\"text\"><p>Estamos encantados de anunciar a Catherine Cone como nuestra nueva Directora Jur\u00eddica, que supervisar\u00e1 el trabajo del equipo de <a href=\"https:\/\/r20.rs6.net\/tn.jsp?f=001R-OwERoXJ3UJkkMjNhgsFAcu8lIWLbokjbVQjqhHDVYvZbsilXTVetIrr5QZfjly22JfZefFbDkr2l_74JGPpAiYw66Gyk3YOyiB01NlwTU7ZHoVohYYnyfhF-tvjCSUTjhr7060lKWRCOHTjBURCYu-a0sy8MXVVwzrs-AsHxxn7vwsL2GsYg==&amp;c=jOZDTqN8jxQ2sEhgP3s6S2_XErZaqfRwFuKKnuFdgHEZK9wa2kLQMQ==&amp;ch=PTjaGRRvggYj9Rlk_A9xF7xc_W-cPP3G5o2qZgupRP4FTcVM0zjocw==\">Vivienda<\/a> del LAJC en la defensa de los derechos de los inquilinos, la lucha contra los desahucios masivos y el desmantelamiento de las barreras jur\u00eddicas y de otro tipo que impiden acceder a una vivienda segura y asequible. Este decidido equipo de organizadores comunitarios y abogados ya hab\u00eda impulsado con \u00e9xito un  <a href=\"https:\/\/r20.rs6.net\/tn.jsp?f=001R-OwERoXJ3UJkkMjNhgsFAcu8lIWLbokjbVQjqhHDVYvZbsilXTVetIrr5QZfjly5Br3_Qkj1B8D2FiSKSaTG5QAY4yIaHYQElPSQC2SKph-C0UuurmxEFw2Mlh3k9JkxpGNci66rGxIsJv9NXgJXPepwQwolpc76lUhtFq65tBnn5JHhkTMHRRRn9t03_pFxCUPuOf1YbbQPo4tRXe3RgqZLCkEGO_K&amp;c=jOZDTqN8jxQ2sEhgP3s6S2_XErZaqfRwFuKKnuFdgHEZK9wa2kLQMQ==&amp;ch=PTjaGRRvggYj9Rlk_A9xF7xc_W-cPP3G5o2qZgupRP4FTcVM0zjocw==\">moratoria de desahucios en viviendas p\u00fablicas de Richmond<\/a>el final de  <a href=\"https:\/\/r20.rs6.net\/tn.jsp?f=001R-OwERoXJ3UJkkMjNhgsFAcu8lIWLbokjbVQjqhHDVYvZbsilXTVetIrr5QZfjlyiPcws-aduo3DiFfxYTQ75uIxwNI3dgFtZ2bldrIMoUZqzaJOTGTJRyDZ2VTt6Um7IfdK-lG7CxKjy6uYjLTZvM-rUn2CEIm8vzvogRB16Xelm_xyWwBc2AjypwM8tBLBkeFWIolP0b4=&amp;c=jOZDTqN8jxQ2sEhgP3s6S2_XErZaqfRwFuKKnuFdgHEZK9wa2kLQMQ==&amp;ch=PTjaGRRvggYj9Rlk_A9xF7xc_W-cPP3G5o2qZgupRP4FTcVM0zjocw==\">alquileres ilegales en Virginia del Norte<\/a>y el  <a href=\"https:\/\/r20.rs6.net\/tn.jsp?f=001R-OwERoXJ3UJkkMjNhgsFAcu8lIWLbokjbVQjqhHDVYvZbsilXTVetIrr5QZfjlyadOTEa-FXkOKx7USbsAQSr9Cik9v-hvSr57EYd9UjnnHk3L_WoC7AXPnh2rAzUXPKYXr2ACBzejfgt4rnjlk2gLrhZIY4FEfsOJsyQoAeQA=&amp;c=jOZDTqN8jxQ2sEhgP3s6S2_XErZaqfRwFuKKnuFdgHEZK9wa2kLQMQ==&amp;ch=PTjaGRRvggYj9Rlk_A9xF7xc_W-cPP3G5o2qZgupRP4FTcVM0zjocw==\">fin del uso de la zonificaci\u00f3n unifamiliar excluyente y racista en Charlottesville<\/a>Adem\u00e1s de proporcionar representaci\u00f3n individual a inquilinos con bajos ingresos y perseguir cambios pol\u00edticos a escala estatal.<\/p><p>Catherine tambi\u00e9n dirige nuestra defensa de <a href=\"https:\/\/r20.rs6.net\/tn.jsp?f=001R-OwERoXJ3UJkkMjNhgsFAcu8lIWLbokjbVQjqhHDVYvZbsilXTVetIrr5QZfjly22JfZefFbDkr2l_74JGPpAiYw66Gyk3YOyiB01NlwTU7ZHoVohYYnyfhF-tvjCSUTjhr7060lKWRCOHTjBURCYu-a0sy8MXVVwzrs-AsHxxn7vwsL2GsYg==&amp;c=jOZDTqN8jxQ2sEhgP3s6S2_XErZaqfRwFuKKnuFdgHEZK9wa2kLQMQ==&amp;ch=PTjaGRRvggYj9Rlk_A9xF7xc_W-cPP3G5o2qZgupRP4FTcVM0zjocw==\">los consumidores y de la deuda<\/a> m\u00e9dica, continuando nuestros esfuerzos para proteger a los consumidores v\u00edctimas de comerciantes y prestamistas depredadores, tanto a trav\u00e9s de la representaci\u00f3n individual como de la defensa sist\u00e9mica, como cuando ayudamos a <a href=\"https:\/\/r20.rs6.net\/tn.jsp?f=001R-OwERoXJ3UJkkMjNhgsFAcu8lIWLbokjbVQjqhHDVYvZbsilXTVetIrr5QZfjlyVPRwDEleLm9GFrwEKobpAyVErkdRlDFHl74snBWnSKllULcmpI7IkH4LASfFT8fK6WIgY0iVmJmMH8xukCglTrjBE7YZ-dTsv1MnEzleS9lf0hGY92UnQKsFGAHPD9vaVDukXlX7j7GjrdB7pM8yDpPy-cD_CNP07wYL2MF3fKk=&amp;c=jOZDTqN8jxQ2sEhgP3s6S2_XErZaqfRwFuKKnuFdgHEZK9wa2kLQMQ==&amp;ch=PTjaGRRvggYj9Rlk_A9xF7xc_W-cPP3G5o2qZgupRP4FTcVM0zjocw==\">cambiar significa<\/a>tivamente las <a href=\"https:\/\/r20.rs6.net\/tn.jsp?f=001R-OwERoXJ3UJkkMjNhgsFAcu8lIWLbokjbVQjqhHDVYvZbsilXTVetIrr5QZfjlyVPRwDEleLm9GFrwEKobpAyVErkdRlDFHl74snBWnSKllULcmpI7IkH4LASfFT8fK6WIgY0iVmJmMH8xukCglTrjBE7YZ-dTsv1MnEzleS9lf0hGY92UnQKsFGAHPD9vaVDukXlX7j7GjrdB7pM8yDpPy-cD_CNP07wYL2MF3fKk=&amp;c=jOZDTqN8jxQ2sEhgP3s6S2_XErZaqfRwFuKKnuFdgHEZK9wa2kLQMQ==&amp;ch=PTjaGRRvggYj9Rlk_A9xF7xc_W-cPP3G5o2qZgupRP4FTcVM0zjocw==\">perjudiciales pr\u00e1cticas de cobro de UVA Health System<\/a>.<br><\/p><\/div>\n      <div class=\"img\"><img decoding=\"async\" src=\"https:\/\/www.justice4all.org\/wp-content\/uploads\/2023\/09\/DSC_0697-scaled-800x0-c-default.jpg\" \/><\/div>\n    <\/div>\n  <\/div>\n<\/div>\n\n\n\n<div style=\"height:0px\" aria-hidden=\"true\" class=\"wp-block-spacer\"><\/div>\n\n\n\t<\/div>\n<\/div>\n\n\n\n\n  <style type=\"text\/css\">\n    #block_0521401907aae6240a33fd9bd4f46b56 > div{\n                                        margin-left: calc(4 * 16px);\n                          margin-right: calc(4 * 16px);\n              \n                                        padding-left: calc(4 * 16px);\n                          padding-right: calc(4 * 16px);\n                  }\n\n    @media screen and (min-width: 768px) and (max-width: 991px) {\n      #block_0521401907aae6240a33fd9bd4f46b56 > div{\n                                                  margin-left: calc(4 * 12px);  \n                                margin-right: calc(4 * 12px);  \n                    \n                                                  padding-left: calc(4 * 12px);\n                                padding-right: calc(4 * 12px);\n                        }\n    }\n\n    @media screen and (min-width: 480px) and (max-width: 767px) {\n      #block_0521401907aae6240a33fd9bd4f46b56 > div{\n                                                  margin-left: calc(4 * 8px);  \n                                margin-right: calc(4 * 8px);  \n                    \n                                                  padding-left: calc(4 * 8px);\n                                padding-right: calc(4 * 8px);\n                        }\n    }\n\n    @media screen and (max-width: 479px) {\n      #block_0521401907aae6240a33fd9bd4f46b56 > div{\n                                                  margin-left: calc(4 * 4px);  \n                                margin-right: calc(4 * 4px);  \n                    \n                                                  padding-left: calc(4 * 4px);\n                                padding-right: calc(4 * 4px);\n                        }\n    }\n\n  <\/style>\n\n<style type=\"text\/css\">\n\t.edit-post-visual-editor [data-block=\"0521401907aae6240a33fd9bd4f46b56\"] {\n\t\twidth: calc((10 \/ 12) * 100%)!important;\n\t\tmin-width: calc((10 \/ 12) * 100%)!important;\n\t}\n<\/style>\n\n<div id=\"block_0521401907aae6240a33fd9bd4f46b56\" class=\"col-lg-10 custom-column-block\">\n\t<div class=\"custom-column-wrapper  \">\n\t\t\n\n<p class=\"has-purple-color has-text-color\"><strong>Sobre Catherine:<\/strong><\/p>\n\n\n\n<p>Catherine Cone es una abogada especializada en justicia social y derechos civiles que comenz\u00f3 su carrera en el \u00e1mbito del inter\u00e9s p\u00fablico incluso antes de ingresar en la facultad de Derecho. Trabaj\u00f3 en varias organizaciones sin \u00e1nimo de lucro en Washington D.C. y Nueva York y, finalmente, se centr\u00f3 en el sector jur\u00eddico como su entrada en el trabajo por la justicia racial. Tras licenciarse en Derecho, fue secretaria de la Honorable Anna Blackburne-Rigsby, actual Presidenta del Tribunal de Apelaci\u00f3n del Distrito de Columbia (DCCA), que en aquel momento ejerc\u00eda como Juez Asociada del DCCA, donde se ocup\u00f3 de los asuntos administrativos, civiles, penales y \u00e9ticos que llegaban al tribunal.  <\/p>\n\n\n\n<p>Posteriormente, pas\u00f3 casi nueve a\u00f1os en el Comit\u00e9 de Abogados de Washington para los Derechos Civiles y Asuntos Urbanos supervisando un equipo de abogados, personal de apoyo jur\u00eddico y un defensor, as\u00ed como gestionando una activa lista de casos individuales y colectivos de vivienda justa presentados ante tribunales federales y estatales. M\u00e1s tarde ampli\u00f3 sus conocimientos especializados a la protecci\u00f3n de los consumidores y las condiciones favorables a la vivienda. En su trabajo, Catherine se centr\u00f3 constantemente en las comunidades de clientes de color, y como resultado de sus esfuerzos y los de otros miembros del personal, el Comit\u00e9 adopt\u00f3 un marco de abogac\u00eda del movimiento a trav\u00e9s del cual promover su misi\u00f3n de justicia racial. Tambi\u00e9n se asegur\u00f3 de que la organizaci\u00f3n reflejara su compromiso con la diversidad, la equidad, la inclusi\u00f3n y la pertenencia tanto internamente como en su trabajo.  <\/p>\n\n\n\n<p>Catherine es licenciada por la Universidad de Duke y doctora en Derecho por el Washington College of Law de la American University. Mientras estudiaba Derecho, Catherine fund\u00f3 ADVANCE, un programa de tutor\u00eda para estudiantes de Derecho de primera generaci\u00f3n.  <\/p>\n\n\n\n<p>Catherine tambi\u00e9n prest\u00f3 sus servicios durante m\u00e1s de una d\u00e9cada a la Asociaci\u00f3n de Abogados Hispanos del Distrito de Columbia y est\u00e1 buscando una asociaci\u00f3n de abogados u organizaci\u00f3n de inter\u00e9s similar en Virginia a la que unirse. Reside en Falls Church con su perro y su gato.<\/p>\n\n\n\n<p class=\"has-purple-color has-text-color\"><strong>Demos la bienvenida a Catherine al Centro de Justicia y Asistencia Jur\u00eddica.<\/strong><\/p>\n\n\n\n<div style=\"height:26px\" aria-hidden=\"true\" class=\"wp-block-spacer\"><\/div>\n\n\n\t<\/div>\n<\/div>\n\n\t\t\t\t\t<\/div>\n\t\t\t\t\t\t\t\n\t\t\t<\/div>\n\t\t<\/div>\n\t<\/div>\n\n\t<style type=\"text\/css\">\n\t\t.edit-post-visual-editor [data-block=\"881ea0e921211214084c5174dc8e0c91\"] .block-editor-block-list__layout {\n\t\t\tjustify-content: center;\n\t\t}\n\n\t\t\t<\/style>\n<\/div>\n","protected":false},"excerpt":{"rendered":"","protected":false},"author":4,"featured_media":0,"parent":0,"menu_order":0,"template":"","format":"standard","meta":{"footnotes":""},"lajc-tax-news-type":[],"lajc-tax-roles":[],"lajc-tax-issues":[86],"lajc-tax-locations":[],"class_list":["post-17328","lajc_news","type-lajc_news","status-publish","format-standard","hentry","lajc-tax-issues-vivienda"],"acf":[],"yoast_head":"<!-- This site is optimized with the Yoast SEO plugin v27.5 - https:\/\/yoast.com\/product\/yoast-seo-wordpress\/ -->\n<title>Damos la bienvenida a nuestro nuevo Director Jur\u00eddico de Defensa de la Vivienda y de la Deuda de Consumidores y Medios de Comunicaci\u00f3n. - Legal Aid Justice Center<\/title>\n<meta name=\"robots\" content=\"index, follow, max-snippet:-1, max-image-preview:large, max-video-preview:-1\" \/>\n<link rel=\"canonical\" href=\"https:\/\/www.justice4all.org\/es\/news\/damos-la-bienvenida-a-nuestro-nuevo-director-juridico-de-defensa-de-la-vivienda-y-de-la-deuda-de-consumidores-y-medios-de-comunicacion\/\" \/>\n<meta property=\"og:locale\" content=\"es_ES\" \/>\n<meta property=\"og:type\" content=\"article\" \/>\n<meta property=\"og:title\" content=\"Damos la bienvenida a nuestro nuevo Director Jur\u00eddico de Defensa de la Vivienda y de la Deuda de Consumidores y Medios de Comunicaci\u00f3n. - Legal Aid Justice Center\" \/>\n<meta property=\"og:url\" content=\"https:\/\/www.justice4all.org\/es\/news\/damos-la-bienvenida-a-nuestro-nuevo-director-juridico-de-defensa-de-la-vivienda-y-de-la-deuda-de-consumidores-y-medios-de-comunicacion\/\" \/>\n<meta property=\"og:site_name\" content=\"Legal Aid Justice Center\" \/>\n<meta property=\"article:modified_time\" content=\"2023-09-22T16:31:42+00:00\" \/>\n<meta property=\"og:image\" content=\"https:\/\/www.justice4all.org\/wp-content\/uploads\/2023\/09\/DESIGN_LAJC-Email-Header-4-01-scaled.jpg\" \/>\n<meta name=\"twitter:card\" content=\"summary_large_image\" \/>\n<meta name=\"twitter:label1\" content=\"Tiempo de lectura\" \/>\n\t<meta name=\"twitter:data1\" content=\"2 minuto\" \/>\n<script type=\"application\/ld+json\" class=\"yoast-schema-graph\">{\"@context\":\"https:\\\/\\\/schema.org\",\"@graph\":[{\"@type\":\"WebPage\",\"@id\":\"https:\\\/\\\/www.justice4all.org\\\/es\\\/news\\\/damos-la-bienvenida-a-nuestro-nuevo-director-juridico-de-defensa-de-la-vivienda-y-de-la-deuda-de-consumidores-y-medios-de-comunicacion\\\/\",\"url\":\"https:\\\/\\\/www.justice4all.org\\\/es\\\/news\\\/damos-la-bienvenida-a-nuestro-nuevo-director-juridico-de-defensa-de-la-vivienda-y-de-la-deuda-de-consumidores-y-medios-de-comunicacion\\\/\",\"name\":\"Damos la bienvenida a nuestro nuevo Director Jur\u00eddico de Defensa de la Vivienda y de la Deuda de Consumidores y Medios de Comunicaci\u00f3n. - Legal Aid Justice Center\",\"isPartOf\":{\"@id\":\"https:\\\/\\\/www.justice4all.org\\\/es\\\/#website\"},\"primaryImageOfPage\":{\"@id\":\"https:\\\/\\\/www.justice4all.org\\\/es\\\/news\\\/damos-la-bienvenida-a-nuestro-nuevo-director-juridico-de-defensa-de-la-vivienda-y-de-la-deuda-de-consumidores-y-medios-de-comunicacion\\\/#primaryimage\"},\"image\":{\"@id\":\"https:\\\/\\\/www.justice4all.org\\\/es\\\/news\\\/damos-la-bienvenida-a-nuestro-nuevo-director-juridico-de-defensa-de-la-vivienda-y-de-la-deuda-de-consumidores-y-medios-de-comunicacion\\\/#primaryimage\"},\"thumbnailUrl\":\"https:\\\/\\\/www.justice4all.org\\\/wp-content\\\/uploads\\\/2023\\\/09\\\/DESIGN_LAJC-Email-Header-4-01-scaled.jpg\",\"datePublished\":\"2023-09-22T15:01:16+00:00\",\"dateModified\":\"2023-09-22T16:31:42+00:00\",\"breadcrumb\":{\"@id\":\"https:\\\/\\\/www.justice4all.org\\\/es\\\/news\\\/damos-la-bienvenida-a-nuestro-nuevo-director-juridico-de-defensa-de-la-vivienda-y-de-la-deuda-de-consumidores-y-medios-de-comunicacion\\\/#breadcrumb\"},\"inLanguage\":\"es\",\"potentialAction\":[{\"@type\":\"ReadAction\",\"target\":[\"https:\\\/\\\/www.justice4all.org\\\/es\\\/news\\\/damos-la-bienvenida-a-nuestro-nuevo-director-juridico-de-defensa-de-la-vivienda-y-de-la-deuda-de-consumidores-y-medios-de-comunicacion\\\/\"]}]},{\"@type\":\"ImageObject\",\"inLanguage\":\"es\",\"@id\":\"https:\\\/\\\/www.justice4all.org\\\/es\\\/news\\\/damos-la-bienvenida-a-nuestro-nuevo-director-juridico-de-defensa-de-la-vivienda-y-de-la-deuda-de-consumidores-y-medios-de-comunicacion\\\/#primaryimage\",\"url\":\"https:\\\/\\\/www.justice4all.org\\\/wp-content\\\/uploads\\\/2023\\\/09\\\/DESIGN_LAJC-Email-Header-4-01-scaled.jpg\",\"contentUrl\":\"https:\\\/\\\/www.justice4all.org\\\/wp-content\\\/uploads\\\/2023\\\/09\\\/DESIGN_LAJC-Email-Header-4-01-scaled.jpg\"},{\"@type\":\"BreadcrumbList\",\"@id\":\"https:\\\/\\\/www.justice4all.org\\\/es\\\/news\\\/damos-la-bienvenida-a-nuestro-nuevo-director-juridico-de-defensa-de-la-vivienda-y-de-la-deuda-de-consumidores-y-medios-de-comunicacion\\\/#breadcrumb\",\"itemListElement\":[{\"@type\":\"ListItem\",\"position\":1,\"name\":\"Home\",\"item\":\"https:\\\/\\\/www.justice4all.org\\\/es\\\/\"},{\"@type\":\"ListItem\",\"position\":2,\"name\":\"Damos la bienvenida a nuestro nuevo Director Jur\u00eddico de Defensa de la Vivienda y de la Deuda de Consumidores y Medios de Comunicaci\u00f3n.\"}]},{\"@type\":\"WebSite\",\"@id\":\"https:\\\/\\\/www.justice4all.org\\\/es\\\/#website\",\"url\":\"https:\\\/\\\/www.justice4all.org\\\/es\\\/\",\"name\":\"Legal Aid Justice Center\",\"description\":\"\",\"potentialAction\":[{\"@type\":\"SearchAction\",\"target\":{\"@type\":\"EntryPoint\",\"urlTemplate\":\"https:\\\/\\\/www.justice4all.org\\\/es\\\/?s={search_term_string}\"},\"query-input\":{\"@type\":\"PropertyValueSpecification\",\"valueRequired\":true,\"valueName\":\"search_term_string\"}}],\"inLanguage\":\"es\"}]}<\/script>\n<!-- \/ Yoast SEO plugin. -->","yoast_head_json":{"title":"Damos la bienvenida a nuestro nuevo Director Jur\u00eddico de Defensa de la Vivienda y de la Deuda de Consumidores y Medios de Comunicaci\u00f3n. - Legal Aid Justice Center","robots":{"index":"index","follow":"follow","max-snippet":"max-snippet:-1","max-image-preview":"max-image-preview:large","max-video-preview":"max-video-preview:-1"},"canonical":"https:\/\/www.justice4all.org\/es\/news\/damos-la-bienvenida-a-nuestro-nuevo-director-juridico-de-defensa-de-la-vivienda-y-de-la-deuda-de-consumidores-y-medios-de-comunicacion\/","og_locale":"es_ES","og_type":"article","og_title":"Damos la bienvenida a nuestro nuevo Director Jur\u00eddico de Defensa de la Vivienda y de la Deuda de Consumidores y Medios de Comunicaci\u00f3n. - Legal Aid Justice Center","og_url":"https:\/\/www.justice4all.org\/es\/news\/damos-la-bienvenida-a-nuestro-nuevo-director-juridico-de-defensa-de-la-vivienda-y-de-la-deuda-de-consumidores-y-medios-de-comunicacion\/","og_site_name":"Legal Aid Justice Center","article_modified_time":"2023-09-22T16:31:42+00:00","og_image":[{"url":"https:\/\/www.justice4all.org\/wp-content\/uploads\/2023\/09\/DESIGN_LAJC-Email-Header-4-01-scaled.jpg","type":"","width":"","height":""}],"twitter_card":"summary_large_image","twitter_misc":{"Tiempo de lectura":"2 minuto"},"schema":{"@context":"https:\/\/schema.org","@graph":[{"@type":"WebPage","@id":"https:\/\/www.justice4all.org\/es\/news\/damos-la-bienvenida-a-nuestro-nuevo-director-juridico-de-defensa-de-la-vivienda-y-de-la-deuda-de-consumidores-y-medios-de-comunicacion\/","url":"https:\/\/www.justice4all.org\/es\/news\/damos-la-bienvenida-a-nuestro-nuevo-director-juridico-de-defensa-de-la-vivienda-y-de-la-deuda-de-consumidores-y-medios-de-comunicacion\/","name":"Damos la bienvenida a nuestro nuevo Director Jur\u00eddico de Defensa de la Vivienda y de la Deuda de Consumidores y Medios de Comunicaci\u00f3n. - Legal Aid Justice Center","isPartOf":{"@id":"https:\/\/www.justice4all.org\/es\/#website"},"primaryImageOfPage":{"@id":"https:\/\/www.justice4all.org\/es\/news\/damos-la-bienvenida-a-nuestro-nuevo-director-juridico-de-defensa-de-la-vivienda-y-de-la-deuda-de-consumidores-y-medios-de-comunicacion\/#primaryimage"},"image":{"@id":"https:\/\/www.justice4all.org\/es\/news\/damos-la-bienvenida-a-nuestro-nuevo-director-juridico-de-defensa-de-la-vivienda-y-de-la-deuda-de-consumidores-y-medios-de-comunicacion\/#primaryimage"},"thumbnailUrl":"https:\/\/www.justice4all.org\/wp-content\/uploads\/2023\/09\/DESIGN_LAJC-Email-Header-4-01-scaled.jpg","datePublished":"2023-09-22T15:01:16+00:00","dateModified":"2023-09-22T16:31:42+00:00","breadcrumb":{"@id":"https:\/\/www.justice4all.org\/es\/news\/damos-la-bienvenida-a-nuestro-nuevo-director-juridico-de-defensa-de-la-vivienda-y-de-la-deuda-de-consumidores-y-medios-de-comunicacion\/#breadcrumb"},"inLanguage":"es","potentialAction":[{"@type":"ReadAction","target":["https:\/\/www.justice4all.org\/es\/news\/damos-la-bienvenida-a-nuestro-nuevo-director-juridico-de-defensa-de-la-vivienda-y-de-la-deuda-de-consumidores-y-medios-de-comunicacion\/"]}]},{"@type":"ImageObject","inLanguage":"es","@id":"https:\/\/www.justice4all.org\/es\/news\/damos-la-bienvenida-a-nuestro-nuevo-director-juridico-de-defensa-de-la-vivienda-y-de-la-deuda-de-consumidores-y-medios-de-comunicacion\/#primaryimage","url":"https:\/\/www.justice4all.org\/wp-content\/uploads\/2023\/09\/DESIGN_LAJC-Email-Header-4-01-scaled.jpg","contentUrl":"https:\/\/www.justice4all.org\/wp-content\/uploads\/2023\/09\/DESIGN_LAJC-Email-Header-4-01-scaled.jpg"},{"@type":"BreadcrumbList","@id":"https:\/\/www.justice4all.org\/es\/news\/damos-la-bienvenida-a-nuestro-nuevo-director-juridico-de-defensa-de-la-vivienda-y-de-la-deuda-de-consumidores-y-medios-de-comunicacion\/#breadcrumb","itemListElement":[{"@type":"ListItem","position":1,"name":"Home","item":"https:\/\/www.justice4all.org\/es\/"},{"@type":"ListItem","position":2,"name":"Damos la bienvenida a nuestro nuevo Director Jur\u00eddico de Defensa de la Vivienda y de la Deuda de Consumidores y Medios de Comunicaci\u00f3n."}]},{"@type":"WebSite","@id":"https:\/\/www.justice4all.org\/es\/#website","url":"https:\/\/www.justice4all.org\/es\/","name":"Legal Aid Justice Center","description":"","potentialAction":[{"@type":"SearchAction","target":{"@type":"EntryPoint","urlTemplate":"https:\/\/www.justice4all.org\/es\/?s={search_term_string}"},"query-input":{"@type":"PropertyValueSpecification","valueRequired":true,"valueName":"search_term_string"}}],"inLanguage":"es"}]}},"_links":{"self":[{"href":"https:\/\/www.justice4all.org\/es\/wp-json\/wp\/v2\/lajc_news\/17328","targetHints":{"allow":["GET"]}}],"collection":[{"href":"https:\/\/www.justice4all.org\/es\/wp-json\/wp\/v2\/lajc_news"}],"about":[{"href":"https:\/\/www.justice4all.org\/es\/wp-json\/wp\/v2\/types\/lajc_news"}],"author":[{"embeddable":true,"href":"https:\/\/www.justice4all.org\/es\/wp-json\/wp\/v2\/users\/4"}],"version-history":[{"count":0,"href":"https:\/\/www.justice4all.org\/es\/wp-json\/wp\/v2\/lajc_news\/17328\/revisions"}],"wp:attachment":[{"href":"https:\/\/www.justice4all.org\/es\/wp-json\/wp\/v2\/media?parent=17328"}],"wp:term":[{"taxonomy":"lajc-tax-news-type","embeddable":true,"href":"https:\/\/www.justice4all.org\/es\/wp-json\/wp\/v2\/lajc-tax-news-type?post=17328"},{"taxonomy":"lajc-tax-roles","embeddable":true,"href":"https:\/\/www.justice4all.org\/es\/wp-json\/wp\/v2\/lajc-tax-roles?post=17328"},{"taxonomy":"lajc-tax-issues","embeddable":true,"href":"https:\/\/www.justice4all.org\/es\/wp-json\/wp\/v2\/lajc-tax-issues?post=17328"},{"taxonomy":"lajc-tax-locations","embeddable":true,"href":"https:\/\/www.justice4all.org\/es\/wp-json\/wp\/v2\/lajc-tax-locations?post=17328"}],"curies":[{"name":"wp","href":"https:\/\/api.w.org\/{rel}","templated":true}]}}