{"id":13222,"date":"2019-07-02T18:07:19","date_gmt":"2019-07-02T18:07:19","guid":{"rendered":"https:\/\/lajc2023stg.wpengine.com\/news\/concentracion-para-proteger-a-los-ninos-inmigrantes\/"},"modified":"2019-07-02T18:07:19","modified_gmt":"2019-07-02T18:07:19","slug":"concentracion-para-proteger-a-los-ninos-inmigrantes","status":"publish","type":"lajc_news","link":"https:\/\/www.justice4all.org\/es\/news\/concentracion-para-proteger-a-los-ninos-inmigrantes\/","title":{"rendered":"Concentraci\u00f3n para proteger a los ni\u00f1os inmigrantes"},"content":{"rendered":"<div class=\"lajc-m-content\"><b><u><span style=\"font-size: 10.0pt; font-family: 'Helvetica',sans-serif; color: black;\">MANIFESTACI\u00d3N PARA PROTEGER A LOS NI\u00d1OS INMIGRANTES: \u00a1BASTA DE ABUSOS Y MUERTES!<\/span><\/u><\/b><\/p>\n<p><b><span style=\"font-size: 10.0pt; font-family: 'Helvetica',sans-serif; color: black;\">QU\u00c9:  <\/span><\/b><span style=\"font-size: 10.0pt; font-family: 'Helvetica',sans-serif; color: black;\">Est\u00e1s indignado por los recientes informes de abusos y muertes de ni\u00f1os inmigrantes detenidos en los campamentos del presidente Trump y buscas una forma de contraatacar?&nbsp;  Ven y \u00fanete a nosotros en nuestro Rally para Proteger a los Ni\u00f1os Inmigrantes donde exigiremos que esta administraci\u00f3n proporcione alojamiento seguro y sanitario y atenci\u00f3n a todos los inmigrantes detenidos por el DHS, respete el Decreto Flores, y detenga las devastadoras separaciones familiares.&nbsp;  Ven y haz o\u00edr tu voz en defensa de los derechos de los inmigrantes.&nbsp;  Estos ni\u00f1os necesitan que todos actuemos.&nbsp;  No debemos permanecer en silencio.<\/span><\/p>\n<p><b>CU\u00c1NDO<\/b>: Martes 2 de julio de 10.00 a 11.00 horas<\/p>\n<p><b>D\u00d3NDE:<\/b> 1300 Pennsylvania Ave NW, Washington, DC 20004 (Fuera del Servicio de Aduanas y Protecci\u00f3n de Fronteras de EE.UU.)<br \/>\nPara m\u00e1s informaci\u00f3n, p\u00f3ngase en contacto con <a href=\"mailto:novaintern@justice4all.org\">novaintern@justice4all.org<\/a><\/p>\n<p><b>Organizado por<\/b>: Centreville Immigration Forum (CIF), Liga Internacional Maya, Legal Aid Justice Center (LAJC) y Virginia Coalition of Latino Organizations (VACOLAO).<\/div>\n","protected":false},"excerpt":{"rendered":"<p>MANIFESTACI\u00d3N PARA PROTEGER A LOS NI\u00d1OS INMIGRANTES: \u00a1BASTA DE ABUSOS Y MUERTES! QU\u00c9: Est\u00e1s indignado por los recientes informes de abusos y muertes de ni\u00f1os inmigrantes detenidos en los campamentos del presidente Trump y buscas una forma de contraatacar?&nbsp; Ven y \u00fanete a nosotros en nuestro Rally para Proteger a los Ni\u00f1os Inmigrantes donde exigiremos [&hellip;]<\/p>\n","protected":false},"author":7,"featured_media":0,"parent":0,"menu_order":0,"template":"","format":"standard","meta":{"footnotes":""},"lajc-tax-news-type":[],"lajc-tax-roles":[],"lajc-tax-issues":[81],"lajc-tax-locations":[],"class_list":["post-13222","lajc_news","type-lajc_news","status-publish","format-standard","hentry","lajc-tax-issues-immigration-es"],"acf":[],"yoast_head":"<!-- This site is optimized with the Yoast SEO plugin v27.4 - https:\/\/yoast.com\/product\/yoast-seo-wordpress\/ -->\n<title>Concentraci\u00f3n para proteger a los ni\u00f1os inmigrantes - Legal Aid Justice Center<\/title>\n<meta name=\"robots\" content=\"index, follow, max-snippet:-1, max-image-preview:large, max-video-preview:-1\" \/>\n<link rel=\"canonical\" href=\"https:\/\/www.justice4all.org\/es\/news\/concentracion-para-proteger-a-los-ninos-inmigrantes\/\" \/>\n<meta property=\"og:locale\" content=\"es_ES\" \/>\n<meta property=\"og:type\" content=\"article\" \/>\n<meta property=\"og:title\" content=\"Concentraci\u00f3n para proteger a los ni\u00f1os inmigrantes - Legal Aid Justice Center\" \/>\n<meta property=\"og:description\" content=\"MANIFESTACI\u00d3N PARA PROTEGER A LOS NI\u00d1OS INMIGRANTES: \u00a1BASTA DE ABUSOS Y MUERTES! QU\u00c9: Est\u00e1s indignado por los recientes informes de abusos y muertes de ni\u00f1os inmigrantes detenidos en los campamentos del presidente Trump y buscas una forma de contraatacar?&nbsp; Ven y \u00fanete a nosotros en nuestro Rally para Proteger a los Ni\u00f1os Inmigrantes donde exigiremos [&hellip;]\" \/>\n<meta property=\"og:url\" content=\"https:\/\/www.justice4all.org\/es\/news\/concentracion-para-proteger-a-los-ninos-inmigrantes\/\" \/>\n<meta property=\"og:site_name\" content=\"Legal Aid Justice Center\" \/>\n<meta name=\"twitter:card\" content=\"summary_large_image\" \/>\n<meta name=\"twitter:label1\" content=\"Tiempo de lectura\" \/>\n\t<meta name=\"twitter:data1\" content=\"1 minuto\" \/>\n<script type=\"application\/ld+json\" class=\"yoast-schema-graph\">{\"@context\":\"https:\\\/\\\/schema.org\",\"@graph\":[{\"@type\":\"WebPage\",\"@id\":\"https:\\\/\\\/www.justice4all.org\\\/es\\\/news\\\/concentracion-para-proteger-a-los-ninos-inmigrantes\\\/\",\"url\":\"https:\\\/\\\/www.justice4all.org\\\/es\\\/news\\\/concentracion-para-proteger-a-los-ninos-inmigrantes\\\/\",\"name\":\"Concentraci\u00f3n para proteger a los ni\u00f1os inmigrantes - Legal Aid Justice Center\",\"isPartOf\":{\"@id\":\"https:\\\/\\\/www.justice4all.org\\\/es\\\/#website\"},\"datePublished\":\"2019-07-02T18:07:19+00:00\",\"breadcrumb\":{\"@id\":\"https:\\\/\\\/www.justice4all.org\\\/es\\\/news\\\/concentracion-para-proteger-a-los-ninos-inmigrantes\\\/#breadcrumb\"},\"inLanguage\":\"es\",\"potentialAction\":[{\"@type\":\"ReadAction\",\"target\":[\"https:\\\/\\\/www.justice4all.org\\\/es\\\/news\\\/concentracion-para-proteger-a-los-ninos-inmigrantes\\\/\"]}]},{\"@type\":\"BreadcrumbList\",\"@id\":\"https:\\\/\\\/www.justice4all.org\\\/es\\\/news\\\/concentracion-para-proteger-a-los-ninos-inmigrantes\\\/#breadcrumb\",\"itemListElement\":[{\"@type\":\"ListItem\",\"position\":1,\"name\":\"Home\",\"item\":\"https:\\\/\\\/www.justice4all.org\\\/es\\\/\"},{\"@type\":\"ListItem\",\"position\":2,\"name\":\"Concentraci\u00f3n para proteger a los ni\u00f1os inmigrantes\"}]},{\"@type\":\"WebSite\",\"@id\":\"https:\\\/\\\/www.justice4all.org\\\/es\\\/#website\",\"url\":\"https:\\\/\\\/www.justice4all.org\\\/es\\\/\",\"name\":\"Legal Aid Justice Center\",\"description\":\"\",\"potentialAction\":[{\"@type\":\"SearchAction\",\"target\":{\"@type\":\"EntryPoint\",\"urlTemplate\":\"https:\\\/\\\/www.justice4all.org\\\/es\\\/?s={search_term_string}\"},\"query-input\":{\"@type\":\"PropertyValueSpecification\",\"valueRequired\":true,\"valueName\":\"search_term_string\"}}],\"inLanguage\":\"es\"}]}<\/script>\n<!-- \/ Yoast SEO plugin. -->","yoast_head_json":{"title":"Concentraci\u00f3n para proteger a los ni\u00f1os inmigrantes - Legal Aid Justice Center","robots":{"index":"index","follow":"follow","max-snippet":"max-snippet:-1","max-image-preview":"max-image-preview:large","max-video-preview":"max-video-preview:-1"},"canonical":"https:\/\/www.justice4all.org\/es\/news\/concentracion-para-proteger-a-los-ninos-inmigrantes\/","og_locale":"es_ES","og_type":"article","og_title":"Concentraci\u00f3n para proteger a los ni\u00f1os inmigrantes - Legal Aid Justice Center","og_description":"MANIFESTACI\u00d3N PARA PROTEGER A LOS NI\u00d1OS INMIGRANTES: \u00a1BASTA DE ABUSOS Y MUERTES! QU\u00c9: Est\u00e1s indignado por los recientes informes de abusos y muertes de ni\u00f1os inmigrantes detenidos en los campamentos del presidente Trump y buscas una forma de contraatacar?&nbsp; Ven y \u00fanete a nosotros en nuestro Rally para Proteger a los Ni\u00f1os Inmigrantes donde exigiremos [&hellip;]","og_url":"https:\/\/www.justice4all.org\/es\/news\/concentracion-para-proteger-a-los-ninos-inmigrantes\/","og_site_name":"Legal Aid Justice Center","twitter_card":"summary_large_image","twitter_misc":{"Tiempo de lectura":"1 minuto"},"schema":{"@context":"https:\/\/schema.org","@graph":[{"@type":"WebPage","@id":"https:\/\/www.justice4all.org\/es\/news\/concentracion-para-proteger-a-los-ninos-inmigrantes\/","url":"https:\/\/www.justice4all.org\/es\/news\/concentracion-para-proteger-a-los-ninos-inmigrantes\/","name":"Concentraci\u00f3n para proteger a los ni\u00f1os inmigrantes - Legal Aid Justice Center","isPartOf":{"@id":"https:\/\/www.justice4all.org\/es\/#website"},"datePublished":"2019-07-02T18:07:19+00:00","breadcrumb":{"@id":"https:\/\/www.justice4all.org\/es\/news\/concentracion-para-proteger-a-los-ninos-inmigrantes\/#breadcrumb"},"inLanguage":"es","potentialAction":[{"@type":"ReadAction","target":["https:\/\/www.justice4all.org\/es\/news\/concentracion-para-proteger-a-los-ninos-inmigrantes\/"]}]},{"@type":"BreadcrumbList","@id":"https:\/\/www.justice4all.org\/es\/news\/concentracion-para-proteger-a-los-ninos-inmigrantes\/#breadcrumb","itemListElement":[{"@type":"ListItem","position":1,"name":"Home","item":"https:\/\/www.justice4all.org\/es\/"},{"@type":"ListItem","position":2,"name":"Concentraci\u00f3n para proteger a los ni\u00f1os inmigrantes"}]},{"@type":"WebSite","@id":"https:\/\/www.justice4all.org\/es\/#website","url":"https:\/\/www.justice4all.org\/es\/","name":"Legal Aid Justice Center","description":"","potentialAction":[{"@type":"SearchAction","target":{"@type":"EntryPoint","urlTemplate":"https:\/\/www.justice4all.org\/es\/?s={search_term_string}"},"query-input":{"@type":"PropertyValueSpecification","valueRequired":true,"valueName":"search_term_string"}}],"inLanguage":"es"}]}},"_links":{"self":[{"href":"https:\/\/www.justice4all.org\/es\/wp-json\/wp\/v2\/lajc_news\/13222","targetHints":{"allow":["GET"]}}],"collection":[{"href":"https:\/\/www.justice4all.org\/es\/wp-json\/wp\/v2\/lajc_news"}],"about":[{"href":"https:\/\/www.justice4all.org\/es\/wp-json\/wp\/v2\/types\/lajc_news"}],"author":[{"embeddable":true,"href":"https:\/\/www.justice4all.org\/es\/wp-json\/wp\/v2\/users\/7"}],"version-history":[{"count":0,"href":"https:\/\/www.justice4all.org\/es\/wp-json\/wp\/v2\/lajc_news\/13222\/revisions"}],"wp:attachment":[{"href":"https:\/\/www.justice4all.org\/es\/wp-json\/wp\/v2\/media?parent=13222"}],"wp:term":[{"taxonomy":"lajc-tax-news-type","embeddable":true,"href":"https:\/\/www.justice4all.org\/es\/wp-json\/wp\/v2\/lajc-tax-news-type?post=13222"},{"taxonomy":"lajc-tax-roles","embeddable":true,"href":"https:\/\/www.justice4all.org\/es\/wp-json\/wp\/v2\/lajc-tax-roles?post=13222"},{"taxonomy":"lajc-tax-issues","embeddable":true,"href":"https:\/\/www.justice4all.org\/es\/wp-json\/wp\/v2\/lajc-tax-issues?post=13222"},{"taxonomy":"lajc-tax-locations","embeddable":true,"href":"https:\/\/www.justice4all.org\/es\/wp-json\/wp\/v2\/lajc-tax-locations?post=13222"}],"curies":[{"name":"wp","href":"https:\/\/api.w.org\/{rel}","templated":true}]}}