{"id":13208,"date":"2020-03-13T14:45:43","date_gmt":"2020-03-13T14:45:43","guid":{"rendered":"https:\/\/lajc2023stg.wpengine.com\/news\/declaracion-sobre-la-pandemia-de-coronavirus\/"},"modified":"2020-03-13T14:45:43","modified_gmt":"2020-03-13T14:45:43","slug":"declaracion-sobre-la-pandemia-de-coronavirus","status":"publish","type":"lajc_news","link":"https:\/\/www.justice4all.org\/es\/news\/declaracion-sobre-la-pandemia-de-coronavirus\/","title":{"rendered":"Declaraci\u00f3n sobre la pandemia de coronavirus"},"content":{"rendered":"<div class=\"lajc-m-content\">&nbsp;<\/p>\n<p>&nbsp; &nbsp;&nbsp;<\/p>\n<hr>\n<p style=\"text-align: center;\"><em>Todas las oficinas del Centro de Justicia de Asistencia Jur\u00eddica est\u00e1n actualmente cerradas a los visitantes sin cita previa. Si necesita ayuda, p\u00f3ngase en contacto con nosotros por tel\u00e9fono o correo electr\u00f3nico.  <a href=\"https:\/\/www.justice4all.org\/es\/obtener-ayuda\/\">Haga clic aqu\u00ed para obtener informaci\u00f3n de contacto.&nbsp;<\/a><\/em><\/p>\n<hr>\n<p>&nbsp; &nbsp;<\/p>\n<p><strong>DECLARACI\u00d3N DEL CENTRO DE JUSTICIA DE ASISTENCIA JUR\u00cdDICA SOBRE&nbsp;LA PROTECCI\u00d3N DE NUESTRAS COMUNIDADES DURANTE&nbsp;LA PANDEMIA DE COVID-19&nbsp;<\/strong><br \/>\n&nbsp;<br \/>\nA la luz de&nbsp;las medidas que se est\u00e1n tomando actualmente en Virginia debido a la pandemia de coronavirus&nbsp;, debemos&nbsp;garantizar&nbsp;que&nbsp;los residentes de nuestra Commonwealth&nbsp;con bajos ingresos&nbsp;no asuman un mayor riesgo,&nbsp;soporten&nbsp;cargas adicionales,&nbsp;experimenten discriminaci\u00f3n,&nbsp;o queden al margen de las medidas de apoyo.&nbsp;&nbsp;<br \/>\n&nbsp;<br \/>\nSin un mandato estatal de baja por enfermedad remunerada, muchos residentes de&nbsp;con bajos ingresos&nbsp;no pueden permitirse ausentarse del trabajo para autoasegurarse o cuidar de otros sin arriesgarse a perder sus casas&nbsp;ante el desahucio&nbsp;o ver c\u00f3mo les cortan los servicios.&nbsp;&nbsp;M\u00e1s de 500.000 ni\u00f1os en todo el estado&nbsp;dependen de las comidas escolares gratuitas o a precio reducido para mantenerse&nbsp;nutrici\u00f3n,&nbsp;y&nbsp;las familias&nbsp;pueden no tener acceso a la tecnolog\u00eda necesaria para&nbsp;acceder a la ense\u00f1anza virtual.&nbsp;Adultos y j\u00f3venes&nbsp;celebrada&nbsp;en&nbsp;Las prisiones, c\u00e1rceles y centros de detenci\u00f3n de Virginia&nbsp;son&nbsp;especialmente vulnerables a la propagaci\u00f3n de enfermedades y merecen ser protegidos&nbsp;con saneamiento y atenci\u00f3n m\u00e9dica adecuados o, si es posible,&nbsp;ser puestos en libertad.&nbsp;Miembros de la comunidad inmigrante e indocumentada&nbsp;necesita&nbsp;igualdad de acceso a&nbsp;cualquier ayuda&nbsp;programas&nbsp;y no deber\u00edan&nbsp;verse obligados a evitar la b\u00fasqueda de tratamiento m\u00e9dico debido a&nbsp;su estatus y&nbsp;el miedo al Servicio de Inmigraci\u00f3n y Control de Aduanas (ICE).&nbsp;&nbsp;Esto es s\u00f3lo el principio de una larga lista de problemas a los que nuestros&nbsp;clientes y&nbsp;comunidades&nbsp;se enfrentan&nbsp;cada d\u00eda,&nbsp;pero con&nbsp;el&nbsp;aumento de esta emergencia&nbsp;en todo el estado,&nbsp;la necesidad de una acci\u00f3n inmediata es a\u00fan m\u00e1s acuciante.&nbsp;&nbsp;<br \/>\n&nbsp;<br \/>\nEstatales y locales&nbsp;funcionarios&nbsp;debe actuar con rapidez para aplicar medidas que protejan a todos los virginianos, con especial atenci\u00f3n a&nbsp;garantizar&nbsp;que cada persona en el&nbsp;Commonwealth&nbsp;recibe el mensaje&nbsp;y que nadie, independientemente de&nbsp;ingresos,&nbsp;ubicaci\u00f3n,&nbsp;o&nbsp;estado de la inmigraci\u00f3n&nbsp;,&nbsp;queda&nbsp;fuera.&nbsp;Deben&nbsp;trabajar con organizaciones de defensa y grupos comunitarios&nbsp;que son&nbsp;sobre el terreno&nbsp;identificar las necesidades de&nbsp;Los virginianos que se enfrentan a&nbsp;enorme y&nbsp;posiblemente&nbsp;potencialmente mortal&nbsp;obst\u00e1culos en esta \u00e9poca de crisis&nbsp;<br \/>\n&nbsp;<br \/>\nAunque todas las&nbsp;oficinas del Centro de Justicia de Ayuda Legal&nbsp;pueden estar cerradas al tr\u00e1fico sin cita&nbsp;por el momento&nbsp;(aunque podemos ser contactados por tel\u00e9fono y correo electr\u00f3nico)&nbsp;nuestros abogados, organizadores,&nbsp;y defensores est\u00e1n&nbsp;activamente&nbsp;trabajando con socios en todo el estado para&nbsp;ayudar a&nbsp;proteger&nbsp;nuestras comunidades.&nbsp;&nbsp;&nbsp;<br \/>\n&nbsp;<\/p>\n<h3><a href=\"https:\/\/www.justice4all.org\/covid19-advocacy\/\">Lea nuestra lista de medidas que deben adoptarse para proteger y apoyar a nuestras comunidades y clientes<\/a><\/h3>\n<\/div>\n","protected":false},"excerpt":{"rendered":"<p>&nbsp; &nbsp; &nbsp;&nbsp; Todas las oficinas del Centro de Justicia de Asistencia Jur\u00eddica est\u00e1n actualmente cerradas a los visitantes sin cita previa. Si necesita ayuda, p\u00f3ngase en contacto con nosotros por tel\u00e9fono o correo electr\u00f3nico. Haga clic aqu\u00ed para obtener informaci\u00f3n de contacto.&nbsp; &nbsp; &nbsp; DECLARACI\u00d3N DEL CENTRO DE JUSTICIA DE ASISTENCIA JUR\u00cdDICA SOBRE&nbsp;LA PROTECCI\u00d3N [&hellip;]<\/p>\n","protected":false},"author":4,"featured_media":0,"parent":0,"menu_order":0,"template":"","format":"standard","meta":{"footnotes":""},"lajc-tax-news-type":[],"lajc-tax-roles":[],"lajc-tax-issues":[],"lajc-tax-locations":[],"class_list":["post-13208","lajc_news","type-lajc_news","status-publish","format-standard","hentry"],"acf":[],"yoast_head":"<!-- This site is optimized with the Yoast SEO plugin v27.5 - https:\/\/yoast.com\/product\/yoast-seo-wordpress\/ -->\n<title>Declaraci\u00f3n sobre la pandemia de coronavirus - Legal Aid Justice Center<\/title>\n<meta name=\"robots\" content=\"index, follow, max-snippet:-1, max-image-preview:large, max-video-preview:-1\" \/>\n<link rel=\"canonical\" href=\"https:\/\/www.justice4all.org\/es\/news\/declaracion-sobre-la-pandemia-de-coronavirus\/\" \/>\n<meta property=\"og:locale\" content=\"es_ES\" \/>\n<meta property=\"og:type\" content=\"article\" \/>\n<meta property=\"og:title\" content=\"Declaraci\u00f3n sobre la pandemia de coronavirus - Legal Aid Justice Center\" \/>\n<meta property=\"og:description\" content=\"&nbsp; &nbsp; &nbsp;&nbsp; Todas las oficinas del Centro de Justicia de Asistencia Jur\u00eddica est\u00e1n actualmente cerradas a los visitantes sin cita previa. Si necesita ayuda, p\u00f3ngase en contacto con nosotros por tel\u00e9fono o correo electr\u00f3nico. Haga clic aqu\u00ed para obtener informaci\u00f3n de contacto.&nbsp; &nbsp; &nbsp; DECLARACI\u00d3N DEL CENTRO DE JUSTICIA DE ASISTENCIA JUR\u00cdDICA SOBRE&nbsp;LA PROTECCI\u00d3N [&hellip;]\" \/>\n<meta property=\"og:url\" content=\"https:\/\/www.justice4all.org\/es\/news\/declaracion-sobre-la-pandemia-de-coronavirus\/\" \/>\n<meta property=\"og:site_name\" content=\"Legal Aid Justice Center\" \/>\n<meta name=\"twitter:card\" content=\"summary_large_image\" \/>\n<meta name=\"twitter:label1\" content=\"Tiempo de lectura\" \/>\n\t<meta name=\"twitter:data1\" content=\"3 minuto\" \/>\n<script type=\"application\/ld+json\" class=\"yoast-schema-graph\">{\"@context\":\"https:\\\/\\\/schema.org\",\"@graph\":[{\"@type\":\"WebPage\",\"@id\":\"https:\\\/\\\/www.justice4all.org\\\/es\\\/news\\\/declaracion-sobre-la-pandemia-de-coronavirus\\\/\",\"url\":\"https:\\\/\\\/www.justice4all.org\\\/es\\\/news\\\/declaracion-sobre-la-pandemia-de-coronavirus\\\/\",\"name\":\"Declaraci\u00f3n sobre la pandemia de coronavirus - Legal Aid Justice Center\",\"isPartOf\":{\"@id\":\"https:\\\/\\\/www.justice4all.org\\\/es\\\/#website\"},\"datePublished\":\"2020-03-13T14:45:43+00:00\",\"breadcrumb\":{\"@id\":\"https:\\\/\\\/www.justice4all.org\\\/es\\\/news\\\/declaracion-sobre-la-pandemia-de-coronavirus\\\/#breadcrumb\"},\"inLanguage\":\"es\",\"potentialAction\":[{\"@type\":\"ReadAction\",\"target\":[\"https:\\\/\\\/www.justice4all.org\\\/es\\\/news\\\/declaracion-sobre-la-pandemia-de-coronavirus\\\/\"]}]},{\"@type\":\"BreadcrumbList\",\"@id\":\"https:\\\/\\\/www.justice4all.org\\\/es\\\/news\\\/declaracion-sobre-la-pandemia-de-coronavirus\\\/#breadcrumb\",\"itemListElement\":[{\"@type\":\"ListItem\",\"position\":1,\"name\":\"Home\",\"item\":\"https:\\\/\\\/www.justice4all.org\\\/es\\\/\"},{\"@type\":\"ListItem\",\"position\":2,\"name\":\"Declaraci\u00f3n sobre la pandemia de coronavirus\"}]},{\"@type\":\"WebSite\",\"@id\":\"https:\\\/\\\/www.justice4all.org\\\/es\\\/#website\",\"url\":\"https:\\\/\\\/www.justice4all.org\\\/es\\\/\",\"name\":\"Legal Aid Justice Center\",\"description\":\"\",\"potentialAction\":[{\"@type\":\"SearchAction\",\"target\":{\"@type\":\"EntryPoint\",\"urlTemplate\":\"https:\\\/\\\/www.justice4all.org\\\/es\\\/?s={search_term_string}\"},\"query-input\":{\"@type\":\"PropertyValueSpecification\",\"valueRequired\":true,\"valueName\":\"search_term_string\"}}],\"inLanguage\":\"es\"}]}<\/script>\n<!-- \/ Yoast SEO plugin. -->","yoast_head_json":{"title":"Declaraci\u00f3n sobre la pandemia de coronavirus - Legal Aid Justice Center","robots":{"index":"index","follow":"follow","max-snippet":"max-snippet:-1","max-image-preview":"max-image-preview:large","max-video-preview":"max-video-preview:-1"},"canonical":"https:\/\/www.justice4all.org\/es\/news\/declaracion-sobre-la-pandemia-de-coronavirus\/","og_locale":"es_ES","og_type":"article","og_title":"Declaraci\u00f3n sobre la pandemia de coronavirus - Legal Aid Justice Center","og_description":"&nbsp; &nbsp; &nbsp;&nbsp; Todas las oficinas del Centro de Justicia de Asistencia Jur\u00eddica est\u00e1n actualmente cerradas a los visitantes sin cita previa. Si necesita ayuda, p\u00f3ngase en contacto con nosotros por tel\u00e9fono o correo electr\u00f3nico. Haga clic aqu\u00ed para obtener informaci\u00f3n de contacto.&nbsp; &nbsp; &nbsp; DECLARACI\u00d3N DEL CENTRO DE JUSTICIA DE ASISTENCIA JUR\u00cdDICA SOBRE&nbsp;LA PROTECCI\u00d3N [&hellip;]","og_url":"https:\/\/www.justice4all.org\/es\/news\/declaracion-sobre-la-pandemia-de-coronavirus\/","og_site_name":"Legal Aid Justice Center","twitter_card":"summary_large_image","twitter_misc":{"Tiempo de lectura":"3 minuto"},"schema":{"@context":"https:\/\/schema.org","@graph":[{"@type":"WebPage","@id":"https:\/\/www.justice4all.org\/es\/news\/declaracion-sobre-la-pandemia-de-coronavirus\/","url":"https:\/\/www.justice4all.org\/es\/news\/declaracion-sobre-la-pandemia-de-coronavirus\/","name":"Declaraci\u00f3n sobre la pandemia de coronavirus - Legal Aid Justice Center","isPartOf":{"@id":"https:\/\/www.justice4all.org\/es\/#website"},"datePublished":"2020-03-13T14:45:43+00:00","breadcrumb":{"@id":"https:\/\/www.justice4all.org\/es\/news\/declaracion-sobre-la-pandemia-de-coronavirus\/#breadcrumb"},"inLanguage":"es","potentialAction":[{"@type":"ReadAction","target":["https:\/\/www.justice4all.org\/es\/news\/declaracion-sobre-la-pandemia-de-coronavirus\/"]}]},{"@type":"BreadcrumbList","@id":"https:\/\/www.justice4all.org\/es\/news\/declaracion-sobre-la-pandemia-de-coronavirus\/#breadcrumb","itemListElement":[{"@type":"ListItem","position":1,"name":"Home","item":"https:\/\/www.justice4all.org\/es\/"},{"@type":"ListItem","position":2,"name":"Declaraci\u00f3n sobre la pandemia de coronavirus"}]},{"@type":"WebSite","@id":"https:\/\/www.justice4all.org\/es\/#website","url":"https:\/\/www.justice4all.org\/es\/","name":"Legal Aid Justice Center","description":"","potentialAction":[{"@type":"SearchAction","target":{"@type":"EntryPoint","urlTemplate":"https:\/\/www.justice4all.org\/es\/?s={search_term_string}"},"query-input":{"@type":"PropertyValueSpecification","valueRequired":true,"valueName":"search_term_string"}}],"inLanguage":"es"}]}},"_links":{"self":[{"href":"https:\/\/www.justice4all.org\/es\/wp-json\/wp\/v2\/lajc_news\/13208","targetHints":{"allow":["GET"]}}],"collection":[{"href":"https:\/\/www.justice4all.org\/es\/wp-json\/wp\/v2\/lajc_news"}],"about":[{"href":"https:\/\/www.justice4all.org\/es\/wp-json\/wp\/v2\/types\/lajc_news"}],"author":[{"embeddable":true,"href":"https:\/\/www.justice4all.org\/es\/wp-json\/wp\/v2\/users\/4"}],"version-history":[{"count":0,"href":"https:\/\/www.justice4all.org\/es\/wp-json\/wp\/v2\/lajc_news\/13208\/revisions"}],"wp:attachment":[{"href":"https:\/\/www.justice4all.org\/es\/wp-json\/wp\/v2\/media?parent=13208"}],"wp:term":[{"taxonomy":"lajc-tax-news-type","embeddable":true,"href":"https:\/\/www.justice4all.org\/es\/wp-json\/wp\/v2\/lajc-tax-news-type?post=13208"},{"taxonomy":"lajc-tax-roles","embeddable":true,"href":"https:\/\/www.justice4all.org\/es\/wp-json\/wp\/v2\/lajc-tax-roles?post=13208"},{"taxonomy":"lajc-tax-issues","embeddable":true,"href":"https:\/\/www.justice4all.org\/es\/wp-json\/wp\/v2\/lajc-tax-issues?post=13208"},{"taxonomy":"lajc-tax-locations","embeddable":true,"href":"https:\/\/www.justice4all.org\/es\/wp-json\/wp\/v2\/lajc-tax-locations?post=13208"}],"curies":[{"name":"wp","href":"https:\/\/api.w.org\/{rel}","templated":true}]}}