{"id":13197,"date":"2022-08-03T13:07:25","date_gmt":"2022-08-03T13:07:25","guid":{"rendered":"https:\/\/lajc2023stg.wpengine.com\/news\/damos-la-bienvenida-a-nuestro-nuevo-director-de-rrhh-y-director-juridico\/"},"modified":"2022-08-03T13:07:25","modified_gmt":"2022-08-03T13:07:25","slug":"damos-la-bienvenida-a-nuestro-nuevo-director-de-rrhh-y-director-juridico","status":"publish","type":"lajc_news","link":"https:\/\/www.justice4all.org\/es\/news\/damos-la-bienvenida-a-nuestro-nuevo-director-de-rrhh-y-director-juridico\/","title":{"rendered":"Damos la bienvenida a nuestro nuevo Director de RRHH y Director Jur\u00eddico"},"content":{"rendered":"<div class=\"lajc-m-content\"><img loading=\"lazy\" decoding=\"async\" src=\"https:\/\/www.justice4all.org\/wp-content\/uploads\/2022\/08\/DESIGN_LAJC-Email-Header-2-01-1024x17.png\" sizes=\"auto, (max-width: 1024px) 100vw, 1024px\" srcset=\"https:\/\/www.justice4all.org\/wp-content\/uploads\/2022\/08\/DESIGN_LAJC-Email-Header-2-01-1024x17.png 1024w, https:\/\/www.justice4all.org\/wp-content\/uploads\/2022\/08\/DESIGN_LAJC-Email-Header-2-01-300x5.png 300w, https:\/\/www.justice4all.org\/wp-content\/uploads\/2022\/08\/DESIGN_LAJC-Email-Header-2-01-768x13.png 768w, https:\/\/www.justice4all.org\/wp-content\/uploads\/2022\/08\/DESIGN_LAJC-Email-Header-2-01-1536x26.png 1536w, https:\/\/www.justice4all.org\/wp-content\/uploads\/2022\/08\/DESIGN_LAJC-Email-Header-2-01-2048x34.png 2048w\" alt=\"\" width=\"1024\" height=\"17\"><\/p>\n<p>Estamos encantados de anunciar dos nuevos miembros del equipo del Centro de Justicia de Ayuda Legal, Fallon Speaker como <strong>Director Jur\u00eddico de nuestro Programa de Justicia Juvenil<\/strong> y Fanny Brisker como nuestra primera <strong>Directora de Recursos<\/strong> Humanos.<\/p>\n<p><img loading=\"lazy\" decoding=\"async\" src=\"https:\/\/www.justice4all.org\/wp-content\/uploads\/2022\/08\/82726d48-2b79-4284-b5b2-bea35f717310.jpg\" sizes=\"auto, (max-width: 480px) 100vw, 480px\" srcset=\"https:\/\/www.justice4all.org\/wp-content\/uploads\/2022\/08\/82726d48-2b79-4284-b5b2-bea35f717310.jpg 480w, https:\/\/www.justice4all.org\/wp-content\/uploads\/2022\/08\/82726d48-2b79-4284-b5b2-bea35f717310-225x300.jpg 225w\" alt=\"\" width=\"480\" height=\"640\"><\/p>\n<p><strong>Fallon Speaker - Director Jur\u00eddico, Programa de Justicia Juvenil<\/strong><\/p>\n<p>Antes de unirse al LAJC, Fallon fue profesora cl\u00ednica adjunta de Derecho y directora de la Cl\u00ednica de Derecho de Familia Jeanette Lipman en la Facultad de Derecho de la Universidad de Richmond, donde ense\u00f1\u00f3 a los estudiantes en una cl\u00ednica jur\u00eddica hol\u00edstica dedicada a trabajar con las comunidades afectadas por las relaciones dom\u00e9sticas, el bienestar infantil y los procedimientos de dependencia, y las \u00e1reas interseccionales de la ley, tales como el uso de sustancias, la salud mental, la vivienda, la inmigraci\u00f3n y los servicios sociales.Antes de trasladarse a Richmond, Fallon trabaj\u00f3 como abogada y jefa de equipo en el departamento de defensa de la familia de The Bronx Defenders, donde represent\u00f3 a padres acusados de abuso o negligencia en procedimientos de protecci\u00f3n de menores. Durante el tiempo que ocup\u00f3 ese cargo, Fallon se mostr\u00f3 muy activa en pol\u00edtica, grupos de presi\u00f3n, organizaci\u00f3n comunitaria y abogac\u00eda del movimiento. Desempe\u00f1\u00f3 un papel esencial en la formaci\u00f3n de coaliciones y en la creaci\u00f3n de legislaci\u00f3n para reformar el sistema de bienestar infantil y el registro central estatal.&nbsp;&nbsp;&nbsp;&nbsp;Fallon tambi\u00e9n fue profesora adjunta en la Facultad de Derecho Cardozo y directora de la Cl\u00ednica Mainzer de Defensa de la Familia, donde ense\u00f1\u00f3 y supervis\u00f3 a estudiantes en audiencias de protecci\u00f3n de menores. Fallon se licenci\u00f3 y se doctor\u00f3 en Derecho por la Universidad de Carolina del Norte, Chapel Hill.&nbsp;&nbsp;Fallon centra su equilibrio entre trabajo y vida privada en esforzarse por vivir bien. Le gusta el boxeo, el yoga, el senderismo, correr y las actividades al aire libre con su perro. Tambi\u00e9n es propietaria y dirige un negocio de cuidado de la piel org\u00e1nico y natural, By Justine, LLC.<br \/>\n<img loading=\"lazy\" decoding=\"async\" src=\"https:\/\/www.justice4all.org\/wp-content\/uploads\/2022\/08\/c3106f3c-30be-4064-92e3-ff894dab4421-768x1138.jpg\" sizes=\"auto, (max-width: 768px) 100vw, 768px\" srcset=\"https:\/\/www.justice4all.org\/wp-content\/uploads\/2022\/08\/c3106f3c-30be-4064-92e3-ff894dab4421-768x1138.jpg 768w, https:\/\/www.justice4all.org\/wp-content\/uploads\/2022\/08\/c3106f3c-30be-4064-92e3-ff894dab4421-203x300.jpg 203w, https:\/\/www.justice4all.org\/wp-content\/uploads\/2022\/08\/c3106f3c-30be-4064-92e3-ff894dab4421-691x1024.jpg 691w, https:\/\/www.justice4all.org\/wp-content\/uploads\/2022\/08\/c3106f3c-30be-4064-92e3-ff894dab4421.jpg 850w\" alt=\"\" width=\"768\" height=\"1138\"><\/p>\n<p><strong>Fanny Brisker - Directora de Recursos Humanos<\/strong><\/p>\n<p>Fanny naci\u00f3 en Managua (Nicaragua) y creci\u00f3 en el condado de Montgomery (Maryland). Se licenci\u00f3 en Filosof\u00eda y obtuvo un m\u00e1ster en Desarrollo de Recursos Humanos en el McDaniel College. Tiene m\u00e1s de 15 a\u00f1os de experiencia en recursos humanos.&nbsp;&nbsp;Le apasiona apoyar a las organizaciones que experimentan un hipercrecimiento mientras construyen sus procesos de personas y cultura.<\/p>\n<p>Fanny vive actualmente en la zona de Charlottesville, Virginia, con su marido Alex, sus tres hijas, Graciela, Daniela y Rafaela, y su Goldendoodle de 12 a\u00f1os, Dunkin (como en Dunkin Donuts). Cuando no est\u00e1 ocupada haciendo malabarismos con las actividades de sus hijos, le gusta leer, escuchar podcasts sobre diversos temas de recursos humanos y visitar las bodegas y cervecer\u00edas locales de Virginia.&nbsp;<\/p><\/div>\n","protected":false},"excerpt":{"rendered":"<p>Estamos encantados de anunciar dos nuevos miembros del equipo del Centro de Justicia de Ayuda Legal, Fallon Speaker como Director Jur\u00eddico de nuestro Programa de Justicia Juvenil y Fanny Brisker como nuestra primera Directora de Recursos Humanos. Fallon Speaker - Director Jur\u00eddico, Programa de Justicia Juvenil Antes de unirse al LAJC, Fallon fue profesora cl\u00ednica [&hellip;]<\/p>\n","protected":false},"author":4,"featured_media":0,"parent":0,"menu_order":0,"template":"","format":"standard","meta":{"footnotes":""},"lajc-tax-news-type":[],"lajc-tax-roles":[],"lajc-tax-issues":[],"lajc-tax-locations":[],"class_list":["post-13197","lajc_news","type-lajc_news","status-publish","format-standard","hentry"],"acf":[],"yoast_head":"<!-- This site is optimized with the Yoast SEO plugin v27.4 - https:\/\/yoast.com\/product\/yoast-seo-wordpress\/ -->\n<title>Damos la bienvenida a nuestro nuevo Director de RRHH y Director Jur\u00eddico - Legal Aid Justice Center<\/title>\n<meta name=\"robots\" content=\"index, follow, max-snippet:-1, max-image-preview:large, max-video-preview:-1\" \/>\n<link rel=\"canonical\" href=\"https:\/\/www.justice4all.org\/es\/news\/damos-la-bienvenida-a-nuestro-nuevo-director-de-rrhh-y-director-juridico\/\" \/>\n<meta property=\"og:locale\" content=\"es_ES\" \/>\n<meta property=\"og:type\" content=\"article\" \/>\n<meta property=\"og:title\" content=\"Damos la bienvenida a nuestro nuevo Director de RRHH y Director Jur\u00eddico - Legal Aid Justice Center\" \/>\n<meta property=\"og:description\" content=\"Estamos encantados de anunciar dos nuevos miembros del equipo del Centro de Justicia de Ayuda Legal, Fallon Speaker como Director Jur\u00eddico de nuestro Programa de Justicia Juvenil y Fanny Brisker como nuestra primera Directora de Recursos Humanos. Fallon Speaker - Director Jur\u00eddico, Programa de Justicia Juvenil Antes de unirse al LAJC, Fallon fue profesora cl\u00ednica [&hellip;]\" \/>\n<meta property=\"og:url\" content=\"https:\/\/www.justice4all.org\/es\/news\/damos-la-bienvenida-a-nuestro-nuevo-director-de-rrhh-y-director-juridico\/\" \/>\n<meta property=\"og:site_name\" content=\"Legal Aid Justice Center\" \/>\n<meta property=\"og:image\" content=\"https:\/\/www.justice4all.org\/wp-content\/uploads\/2022\/08\/DESIGN_LAJC-Email-Header-2-01-1024x17.png\" \/>\n<meta name=\"twitter:card\" content=\"summary_large_image\" \/>\n<meta name=\"twitter:label1\" content=\"Tiempo de lectura\" \/>\n\t<meta name=\"twitter:data1\" content=\"2 minuto\" \/>\n<script type=\"application\/ld+json\" class=\"yoast-schema-graph\">{\"@context\":\"https:\\\/\\\/schema.org\",\"@graph\":[{\"@type\":\"WebPage\",\"@id\":\"https:\\\/\\\/www.justice4all.org\\\/es\\\/news\\\/damos-la-bienvenida-a-nuestro-nuevo-director-de-rrhh-y-director-juridico\\\/\",\"url\":\"https:\\\/\\\/www.justice4all.org\\\/es\\\/news\\\/damos-la-bienvenida-a-nuestro-nuevo-director-de-rrhh-y-director-juridico\\\/\",\"name\":\"Damos la bienvenida a nuestro nuevo Director de RRHH y Director Jur\u00eddico - Legal Aid Justice Center\",\"isPartOf\":{\"@id\":\"https:\\\/\\\/www.justice4all.org\\\/es\\\/#website\"},\"primaryImageOfPage\":{\"@id\":\"https:\\\/\\\/www.justice4all.org\\\/es\\\/news\\\/damos-la-bienvenida-a-nuestro-nuevo-director-de-rrhh-y-director-juridico\\\/#primaryimage\"},\"image\":{\"@id\":\"https:\\\/\\\/www.justice4all.org\\\/es\\\/news\\\/damos-la-bienvenida-a-nuestro-nuevo-director-de-rrhh-y-director-juridico\\\/#primaryimage\"},\"thumbnailUrl\":\"https:\\\/\\\/www.justice4all.org\\\/wp-content\\\/uploads\\\/2022\\\/08\\\/DESIGN_LAJC-Email-Header-2-01-1024x17.png\",\"datePublished\":\"2022-08-03T13:07:25+00:00\",\"breadcrumb\":{\"@id\":\"https:\\\/\\\/www.justice4all.org\\\/es\\\/news\\\/damos-la-bienvenida-a-nuestro-nuevo-director-de-rrhh-y-director-juridico\\\/#breadcrumb\"},\"inLanguage\":\"es\",\"potentialAction\":[{\"@type\":\"ReadAction\",\"target\":[\"https:\\\/\\\/www.justice4all.org\\\/es\\\/news\\\/damos-la-bienvenida-a-nuestro-nuevo-director-de-rrhh-y-director-juridico\\\/\"]}]},{\"@type\":\"ImageObject\",\"inLanguage\":\"es\",\"@id\":\"https:\\\/\\\/www.justice4all.org\\\/es\\\/news\\\/damos-la-bienvenida-a-nuestro-nuevo-director-de-rrhh-y-director-juridico\\\/#primaryimage\",\"url\":\"https:\\\/\\\/www.justice4all.org\\\/wp-content\\\/uploads\\\/2022\\\/08\\\/DESIGN_LAJC-Email-Header-2-01-1024x17.png\",\"contentUrl\":\"https:\\\/\\\/www.justice4all.org\\\/wp-content\\\/uploads\\\/2022\\\/08\\\/DESIGN_LAJC-Email-Header-2-01-1024x17.png\"},{\"@type\":\"BreadcrumbList\",\"@id\":\"https:\\\/\\\/www.justice4all.org\\\/es\\\/news\\\/damos-la-bienvenida-a-nuestro-nuevo-director-de-rrhh-y-director-juridico\\\/#breadcrumb\",\"itemListElement\":[{\"@type\":\"ListItem\",\"position\":1,\"name\":\"Home\",\"item\":\"https:\\\/\\\/www.justice4all.org\\\/es\\\/\"},{\"@type\":\"ListItem\",\"position\":2,\"name\":\"Damos la bienvenida a nuestro nuevo Director de RRHH y Director Jur\u00eddico\"}]},{\"@type\":\"WebSite\",\"@id\":\"https:\\\/\\\/www.justice4all.org\\\/es\\\/#website\",\"url\":\"https:\\\/\\\/www.justice4all.org\\\/es\\\/\",\"name\":\"Legal Aid Justice Center\",\"description\":\"\",\"potentialAction\":[{\"@type\":\"SearchAction\",\"target\":{\"@type\":\"EntryPoint\",\"urlTemplate\":\"https:\\\/\\\/www.justice4all.org\\\/es\\\/?s={search_term_string}\"},\"query-input\":{\"@type\":\"PropertyValueSpecification\",\"valueRequired\":true,\"valueName\":\"search_term_string\"}}],\"inLanguage\":\"es\"}]}<\/script>\n<!-- \/ Yoast SEO plugin. -->","yoast_head_json":{"title":"Damos la bienvenida a nuestro nuevo Director de RRHH y Director Jur\u00eddico - Legal Aid Justice Center","robots":{"index":"index","follow":"follow","max-snippet":"max-snippet:-1","max-image-preview":"max-image-preview:large","max-video-preview":"max-video-preview:-1"},"canonical":"https:\/\/www.justice4all.org\/es\/news\/damos-la-bienvenida-a-nuestro-nuevo-director-de-rrhh-y-director-juridico\/","og_locale":"es_ES","og_type":"article","og_title":"Damos la bienvenida a nuestro nuevo Director de RRHH y Director Jur\u00eddico - Legal Aid Justice Center","og_description":"Estamos encantados de anunciar dos nuevos miembros del equipo del Centro de Justicia de Ayuda Legal, Fallon Speaker como Director Jur\u00eddico de nuestro Programa de Justicia Juvenil y Fanny Brisker como nuestra primera Directora de Recursos Humanos. Fallon Speaker - Director Jur\u00eddico, Programa de Justicia Juvenil Antes de unirse al LAJC, Fallon fue profesora cl\u00ednica [&hellip;]","og_url":"https:\/\/www.justice4all.org\/es\/news\/damos-la-bienvenida-a-nuestro-nuevo-director-de-rrhh-y-director-juridico\/","og_site_name":"Legal Aid Justice Center","og_image":[{"url":"https:\/\/www.justice4all.org\/wp-content\/uploads\/2022\/08\/DESIGN_LAJC-Email-Header-2-01-1024x17.png","type":"","width":"","height":""}],"twitter_card":"summary_large_image","twitter_misc":{"Tiempo de lectura":"2 minuto"},"schema":{"@context":"https:\/\/schema.org","@graph":[{"@type":"WebPage","@id":"https:\/\/www.justice4all.org\/es\/news\/damos-la-bienvenida-a-nuestro-nuevo-director-de-rrhh-y-director-juridico\/","url":"https:\/\/www.justice4all.org\/es\/news\/damos-la-bienvenida-a-nuestro-nuevo-director-de-rrhh-y-director-juridico\/","name":"Damos la bienvenida a nuestro nuevo Director de RRHH y Director Jur\u00eddico - Legal Aid Justice Center","isPartOf":{"@id":"https:\/\/www.justice4all.org\/es\/#website"},"primaryImageOfPage":{"@id":"https:\/\/www.justice4all.org\/es\/news\/damos-la-bienvenida-a-nuestro-nuevo-director-de-rrhh-y-director-juridico\/#primaryimage"},"image":{"@id":"https:\/\/www.justice4all.org\/es\/news\/damos-la-bienvenida-a-nuestro-nuevo-director-de-rrhh-y-director-juridico\/#primaryimage"},"thumbnailUrl":"https:\/\/www.justice4all.org\/wp-content\/uploads\/2022\/08\/DESIGN_LAJC-Email-Header-2-01-1024x17.png","datePublished":"2022-08-03T13:07:25+00:00","breadcrumb":{"@id":"https:\/\/www.justice4all.org\/es\/news\/damos-la-bienvenida-a-nuestro-nuevo-director-de-rrhh-y-director-juridico\/#breadcrumb"},"inLanguage":"es","potentialAction":[{"@type":"ReadAction","target":["https:\/\/www.justice4all.org\/es\/news\/damos-la-bienvenida-a-nuestro-nuevo-director-de-rrhh-y-director-juridico\/"]}]},{"@type":"ImageObject","inLanguage":"es","@id":"https:\/\/www.justice4all.org\/es\/news\/damos-la-bienvenida-a-nuestro-nuevo-director-de-rrhh-y-director-juridico\/#primaryimage","url":"https:\/\/www.justice4all.org\/wp-content\/uploads\/2022\/08\/DESIGN_LAJC-Email-Header-2-01-1024x17.png","contentUrl":"https:\/\/www.justice4all.org\/wp-content\/uploads\/2022\/08\/DESIGN_LAJC-Email-Header-2-01-1024x17.png"},{"@type":"BreadcrumbList","@id":"https:\/\/www.justice4all.org\/es\/news\/damos-la-bienvenida-a-nuestro-nuevo-director-de-rrhh-y-director-juridico\/#breadcrumb","itemListElement":[{"@type":"ListItem","position":1,"name":"Home","item":"https:\/\/www.justice4all.org\/es\/"},{"@type":"ListItem","position":2,"name":"Damos la bienvenida a nuestro nuevo Director de RRHH y Director Jur\u00eddico"}]},{"@type":"WebSite","@id":"https:\/\/www.justice4all.org\/es\/#website","url":"https:\/\/www.justice4all.org\/es\/","name":"Legal Aid Justice Center","description":"","potentialAction":[{"@type":"SearchAction","target":{"@type":"EntryPoint","urlTemplate":"https:\/\/www.justice4all.org\/es\/?s={search_term_string}"},"query-input":{"@type":"PropertyValueSpecification","valueRequired":true,"valueName":"search_term_string"}}],"inLanguage":"es"}]}},"_links":{"self":[{"href":"https:\/\/www.justice4all.org\/es\/wp-json\/wp\/v2\/lajc_news\/13197","targetHints":{"allow":["GET"]}}],"collection":[{"href":"https:\/\/www.justice4all.org\/es\/wp-json\/wp\/v2\/lajc_news"}],"about":[{"href":"https:\/\/www.justice4all.org\/es\/wp-json\/wp\/v2\/types\/lajc_news"}],"author":[{"embeddable":true,"href":"https:\/\/www.justice4all.org\/es\/wp-json\/wp\/v2\/users\/4"}],"version-history":[{"count":0,"href":"https:\/\/www.justice4all.org\/es\/wp-json\/wp\/v2\/lajc_news\/13197\/revisions"}],"wp:attachment":[{"href":"https:\/\/www.justice4all.org\/es\/wp-json\/wp\/v2\/media?parent=13197"}],"wp:term":[{"taxonomy":"lajc-tax-news-type","embeddable":true,"href":"https:\/\/www.justice4all.org\/es\/wp-json\/wp\/v2\/lajc-tax-news-type?post=13197"},{"taxonomy":"lajc-tax-roles","embeddable":true,"href":"https:\/\/www.justice4all.org\/es\/wp-json\/wp\/v2\/lajc-tax-roles?post=13197"},{"taxonomy":"lajc-tax-issues","embeddable":true,"href":"https:\/\/www.justice4all.org\/es\/wp-json\/wp\/v2\/lajc-tax-issues?post=13197"},{"taxonomy":"lajc-tax-locations","embeddable":true,"href":"https:\/\/www.justice4all.org\/es\/wp-json\/wp\/v2\/lajc-tax-locations?post=13197"}],"curies":[{"name":"wp","href":"https:\/\/api.w.org\/{rel}","templated":true}]}}