{"id":13189,"date":"2021-07-15T09:19:17","date_gmt":"2021-07-15T09:19:17","guid":{"rendered":"https:\/\/lajc2023stg.wpengine.com\/news\/bienvenido-al-nuevo-personal-del-lajc\/"},"modified":"2021-07-15T09:19:17","modified_gmt":"2021-07-15T09:19:17","slug":"bienvenido-al-nuevo-personal-del-lajc","status":"publish","type":"lajc_news","link":"https:\/\/www.justice4all.org\/es\/news\/bienvenido-al-nuevo-personal-del-lajc\/","title":{"rendered":"\u00a1Bienvenido al nuevo personal del LAJC!"},"content":{"rendered":"<div class=\"lajc-m-content\">\n<p>A medida que crece nuestro trabajo, tambi\u00e9n crece nuestro equipo. Damos la bienvenida a los nuevos miembros de nuestro personal que han empezado a trabajar con nosotros en lo que va de 2021 - puede leer m\u00e1s sobre ellos aqu\u00ed:  <\/p>\n<p>\t\t\t\t\t\t\t\t\t\t<img decoding=\"async\" width=\"200\" height=\"297\" src=\"https:\/\/www.justice4all.org\/wp-content\/uploads\/2021\/02\/CFlorez-002.jpg\" alt=\"\" loading=\"lazy\"><br \/>\n\t\t\t\t\t\t\t\t\t\t\t\t<a href=\"\">Chris Florez (\u00e9l\/ella) - Director de Tecnolog\u00eda - Charlottesville<\/a><\/p>\n<p>Chris se incorpor\u00f3 a Legal Aid Justice Center en febrero de 2021. Antes de unirse a LAJC, Chris trabaj\u00f3 como consultor y administrador de TI con organizaciones sin \u00e1nimo de lucro locales, dando apoyo a una variedad de necesidades operativas y program\u00e1ticas. Antes de mudarse a Charlottesville en 2017, Chris se desempe\u00f1\u00f3 como Gerente de Aprendizaje Digital para Aspire Public Schools en Memphis, TN. En ese puesto, Chris trabaj\u00f3 con profesores y administradores para garantizar que todos los alumnos tuvieran oportunidades de alcanzar sus objetivos, aprovechando programas tecnol\u00f3gicos individualizados que fomentaban la confianza y la adquisici\u00f3n de habilidades. Fuera del LAJC, Chris es mentor de j\u00f3venes de 6\u00ba a 12\u00ba grado que disfrutan aprendiendo nuevas habilidades como el dise\u00f1o de juegos y la codificaci\u00f3n. Chris se licenci\u00f3 en Educaci\u00f3n por la Western Washington University y obtuvo un m\u00e1ster en Tecnolog\u00eda Educativa por la Boise State University.<\/p>\n<p>\t\t\t\t\t\t\t\t\t\t<img decoding=\"async\" width=\"219\" height=\"300\" src=\"https:\/\/www.justice4all.org\/wp-content\/uploads\/2021\/07\/MicrosoftTeams-image-5-1-219x300.jpg\" alt=\"\" loading=\"lazy\" srcset=\"https:\/\/www.justice4all.org\/wp-content\/uploads\/2021\/07\/MicrosoftTeams-image-5-1-219x300.jpg 219w, https:\/\/www.justice4all.org\/wp-content\/uploads\/2021\/07\/MicrosoftTeams-image-5-1-746x1024.jpg 746w, https:\/\/www.justice4all.org\/wp-content\/uploads\/2021\/07\/MicrosoftTeams-image-5-1-768x1054.jpg 768w, https:\/\/www.justice4all.org\/wp-content\/uploads\/2021\/07\/MicrosoftTeams-image-5-1.jpg 975w\" sizes=\"auto, (max-width: 219px) 100vw, 219px\"><br \/>\n\t\t\t\t\t\t\t\t\t\t\t\t<a href=\"\">Miguel Tejero (\u00e9l\/ella) - Organizador comunitario - Richmond<\/a><\/p>\n<p>Miguel Tejero naci\u00f3 en Temuco, Chile. Desde muy joven tocaba el viol\u00edn. A los 17 a\u00f1os se traslad\u00f3 a Santiago para matricularse en la Universidad de Chile, donde obtuvo la licenciatura de m\u00fasica y arte, al tiempo que formaba parte de la Orquesta Sinf\u00f3nica de Chile. Durante los a\u00f1os siguientes, toc\u00f3 en innumerables conjuntos musicales, cuartetos de cuerda y orquestas galardonados a nivel local e internacional. Miguel obtuvo una beca en la Universidad Loyola de Nueva Orleans y se licenci\u00f3 en M\u00fasica. M\u00e1s tarde se traslad\u00f3 a Houston, Texas, donde trabaj\u00f3 principalmente como violinista de sesi\u00f3n. En 2014, se instal\u00f3 en las monta\u00f1as Blue Ridge del suroeste de Virginia. Es int\u00e9rprete m\u00e9dico titulado y trabaj\u00f3 para los hospitales SVCHS y Ballad, ayudando especialmente a la comunidad hispana de la zona. Tambi\u00e9n es NASM y un entrenador ISSA y actual voluntario en el Centro de C\u00e1ncer en JMC en Abingdon, VA. Miguel es un amante de la naturaleza y los animales. Es propietario del rancho Tres Carabela donde, entre otras cosas, trabaja rescatando grandes pirineos por todo EE.UU. en colaboraci\u00f3n con National Great Pyrenees Rescue. En los \u00faltimos a\u00f1os, ha asumido un papel activo en la defensa de los grupos minoritarios, la desigualdad y la discriminaci\u00f3n. Miguel est\u00e1 muy orgulloso de unirse a LAJC y est\u00e1 decidido a hacer que la comunidad del suroeste de Virginia sea relevante.<\/p>\n<p>\t\t\t\t\t\t\t\t\t\t<img decoding=\"async\" width=\"290\" height=\"300\" src=\"https:\/\/www.justice4all.org\/wp-content\/uploads\/2021\/03\/June-headshot-290x300.jpg\" alt=\"\" loading=\"lazy\" srcset=\"https:\/\/www.justice4all.org\/wp-content\/uploads\/2021\/03\/June-headshot-290x300.jpg 290w, https:\/\/www.justice4all.org\/wp-content\/uploads\/2021\/03\/June-headshot-33x33.jpg 33w, https:\/\/www.justice4all.org\/wp-content\/uploads\/2021\/03\/June-headshot.jpg 753w\" sizes=\"auto, (max-width: 290px) 100vw, 290px\"><br \/>\n\t\t\t\t\t\t\t\t\t\t\t\t<a href=\"\">June Yang (ella\/ella) - Directora de Subvenciones - Charlottesville<\/a><\/p>\n<p>June Yang se incorpor\u00f3 a Legal Aid Justice Center en febrero de 2021. Aporta m\u00e1s de una d\u00e9cada de experiencia en la redacci\u00f3n de subvenciones y el desarrollo de recursos sin \u00e1nimo de lucro en una amplia gama de sectores, m\u00e1s recientemente en Washington, D.C. Antes de LAJC, dirigi\u00f3 la estrategia de recaudaci\u00f3n de fondos como Directora de Desarrollo para el Festival de Cine Medioambiental en la Capital de la Naci\u00f3n y dirigi\u00f3 la estrategia de subvenciones como Oficial de Subvenciones para Public Justice, una organizaci\u00f3n nacional de defensa legal. Tambi\u00e9n forma parte del Comit\u00e9 Asesor del Fondo Arts Forward, que apoya a las organizaciones art\u00edsticas de la regi\u00f3n de Washington, D.C. en su respuesta a COVID-19 y en el avance del movimiento por la justicia y la equidad raciales. Adem\u00e1s de trabajar en desarrollo, June escribe ficci\u00f3n y periodismo independiente y fue galardonada con el Premio Nelson Algren de Ficci\u00f3n Breve. June es licenciada en Semi\u00f3tica por la Universidad de Brown y posee un m\u00e1ster en Escritura Creativa por la Universidad de Houston.<\/p>\n<p>\t\t\t\t\t\t\t\t\t\t<img decoding=\"async\" width=\"200\" height=\"300\" src=\"https:\/\/www.justice4all.org\/wp-content\/uploads\/2021\/07\/LAJC-Jess-Gabbay-Headshot-scaled-e1620152327977-200x300.jpg\" alt=\"\" loading=\"lazy\" srcset=\"https:\/\/www.justice4all.org\/wp-content\/uploads\/2021\/07\/LAJC-Jess-Gabbay-Headshot-scaled-e1620152327977-200x300.jpg 200w, https:\/\/www.justice4all.org\/wp-content\/uploads\/2021\/07\/LAJC-Jess-Gabbay-Headshot-scaled-e1620152327977-683x1024.jpg 683w, https:\/\/www.justice4all.org\/wp-content\/uploads\/2021\/07\/LAJC-Jess-Gabbay-Headshot-scaled-e1620152327977-768x1152.jpg 768w, https:\/\/www.justice4all.org\/wp-content\/uploads\/2021\/07\/LAJC-Jess-Gabbay-Headshot-scaled-e1620152327977-1024x1536.jpg 1024w, https:\/\/www.justice4all.org\/wp-content\/uploads\/2021\/07\/LAJC-Jess-Gabbay-Headshot-scaled-e1620152327977-1366x2048.jpg 1366w, https:\/\/www.justice4all.org\/wp-content\/uploads\/2021\/07\/LAJC-Jess-Gabbay-Headshot-scaled-e1620152327977.jpg 1707w\" sizes=\"auto, (max-width: 200px) 100vw, 200px\"><br \/>\n\t\t\t\t\t\t\t\t\t\t\t\t<a href=\"\">Jess Gabbay (ella\/\u00e9l) - Asistente ejecutiva - Charlottesville<\/a><\/p>\n<p>Jess se uni\u00f3 a Legal Aid Justice Center como Asistente Ejecutiva en 2021. Se uni\u00f3 al equipo de LAJC con m\u00e1s de diez a\u00f1os de experiencia administrativa y de gesti\u00f3n y ha sido un miembro activo de la comunidad de Charlottesville desde que se mud\u00f3 aqu\u00ed en 2015. Jess se licenci\u00f3 en Marketing y Gesti\u00f3n por la Universidad de Mary Washington.<\/p>\n<p>\t\t\t\t\t\t\t\t\t\t<img decoding=\"async\" width=\"260\" height=\"300\" src=\"https:\/\/www.justice4all.org\/wp-content\/uploads\/2021\/07\/MicrosoftTeams-image-4-e1625764354562-1-260x300.jpg\" alt=\"\" loading=\"lazy\" srcset=\"https:\/\/www.justice4all.org\/wp-content\/uploads\/2021\/07\/MicrosoftTeams-image-4-e1625764354562-1-260x300.jpg 260w, https:\/\/www.justice4all.org\/wp-content\/uploads\/2021\/07\/MicrosoftTeams-image-4-e1625764354562-1-889x1024.jpg 889w, https:\/\/www.justice4all.org\/wp-content\/uploads\/2021\/07\/MicrosoftTeams-image-4-e1625764354562-1-768x885.jpg 768w, https:\/\/www.justice4all.org\/wp-content\/uploads\/2021\/07\/MicrosoftTeams-image-4-e1625764354562-1.jpg 1206w\" sizes=\"auto, (max-width: 260px) 100vw, 260px\"><br \/>\n\t\t\t\t\t\t\t\t\t\t\t\t<a href=\"\">Teresa Hepler (ella\/ella) - Abogada, Programa de Derechos Civiles y Justicia Racial - Charlottesville<\/a><\/p>\n<p>Teresa se incorpor\u00f3 al Programa de Derechos Civiles y Justicia Racial del LAJC en la primavera de 2021. Trabaj\u00f3 como defensora p\u00fablica en New Hampshire durante unos tres a\u00f1os y medio antes de venir al LAJC. Durante su estancia all\u00ed, fue testigo de la crueldad de la polic\u00eda y los fiscales, que se negaban a ver a las personas como seres humanos, lo que la inspir\u00f3 a trabajar para transferir el poder del sistema jur\u00eddico penal a las personas. Teresa es licenciada por la Universidad de Maryland, College Park, y tiene un m\u00e1ster en Humanidades por la Universidad de Chicago. Se licenci\u00f3 en Derecho por la Facultad de Derecho de la Universidad de Virginia, donde fue alumna de la Cl\u00ednica de Derecho de la Vivienda del LAJC y recibi\u00f3 el Premio Mortimer Caplin al Servicio P\u00fablico.<\/p>\n<p>\t\t\t\t\t\t\t\t\t\t<img decoding=\"async\" width=\"175\" height=\"300\" src=\"https:\/\/www.justice4all.org\/wp-content\/uploads\/2021\/07\/Christopher-Rashad-Green-scaled-e1625765490619-1-175x300.jpg\" alt=\"\" loading=\"lazy\" srcset=\"https:\/\/www.justice4all.org\/wp-content\/uploads\/2021\/07\/Christopher-Rashad-Green-scaled-e1625765490619-1-175x300.jpg 175w, https:\/\/www.justice4all.org\/wp-content\/uploads\/2021\/07\/Christopher-Rashad-Green-scaled-e1625765490619-1-597x1024.jpg 597w, https:\/\/www.justice4all.org\/wp-content\/uploads\/2021\/07\/Christopher-Rashad-Green-scaled-e1625765490619-1-768x1316.jpg 768w, https:\/\/www.justice4all.org\/wp-content\/uploads\/2021\/07\/Christopher-Rashad-Green-scaled-e1625765490619-1-896x1536.jpg 896w, https:\/\/www.justice4all.org\/wp-content\/uploads\/2021\/07\/Christopher-Rashad-Green-scaled-e1625765490619-1-1195x2048.jpg 1195w, https:\/\/www.justice4all.org\/wp-content\/uploads\/2021\/07\/Christopher-Rashad-Green-scaled-e1625765490619-1.jpg 1452w\" sizes=\"auto, (max-width: 175px) 100vw, 175px\"><br \/>\n\t\t\t\t\t\t\t\t\t\t\t\t<a href=\"\">Christopher Green (\u00e9l\/ella) - Organizador comunitario - Petersburgo<\/a><\/p>\n<p>La historia de Christopher Rashad Green es una historia de redenci\u00f3n y esperanza. Christopher, que se uni\u00f3 al equipo del LAJC en abril de 2021, aporta una gran cantidad de conocimientos y experiencia en organizaci\u00f3n. Como ex presidiario durante 15 a\u00f1os, ha tenido la bendici\u00f3n de compartir su testimonio de resiliencia y empoderamiento. Procedente de la Nueva Mayor\u00eda de Virginia, Christopher ha dirigido varias campa\u00f1as e iniciativas en torno a cuestiones como el derecho autom\u00e1tico al voto para los ciudadanos retornados a trav\u00e9s de una campa\u00f1a de enmienda constitucional, una iniciativa de vigilancia de los tribunales (Court Watch of Central Virginia CWCVA), que aborda los procesos injustos y discriminatorios en nuestros tribunales, y como investigador comunitario con la Virginia Commonwealth University para abordar los determinantes sociales de la buena salud. A trav\u00e9s del servicio comunitario y el activismo, y bendecido con el don del discernimiento y la empat\u00eda, ha sido capaz de articular con claridad experiencias emocionales en el sistema penal. Adem\u00e1s, entre sus trabajos, ha impartido clases en diversos talleres, programas y mesas redondas sobre temas como el encarcelamiento masivo, la reforma penitenciaria, la justicia social y la equidad sanitaria. la privaci\u00f3n de derechos y la educaci\u00f3n. Christopher sigue defendiendo los derechos a una vida mejor para todas las personas. No importa la raza, religi\u00f3n o etnia. Y como \u00e9l mismo ha declarado muchas veces: \u00abNo soy un activista comunitario, \u00a1soy un hermano que se esfuerza por permanecer activo en nuestras comunidades!\u00bb. El Camino de la Redenci\u00f3n contin\u00faa.<\/p>\n<p>\t\t\t\t\t\t\t\t\t\t<img decoding=\"async\" width=\"236\" height=\"300\" src=\"https:\/\/www.justice4all.org\/wp-content\/uploads\/2021\/07\/Lucy-Parks-scaled-e1625764589473-1-236x300.jpg\" alt=\"\" loading=\"lazy\" srcset=\"https:\/\/www.justice4all.org\/wp-content\/uploads\/2021\/07\/Lucy-Parks-scaled-e1625764589473-1-236x300.jpg 236w, https:\/\/www.justice4all.org\/wp-content\/uploads\/2021\/07\/Lucy-Parks-scaled-e1625764589473-1-768x975.jpg 768w, https:\/\/www.justice4all.org\/wp-content\/uploads\/2021\/07\/Lucy-Parks-scaled-e1625764589473-1.jpg 800w\" sizes=\"auto, (max-width: 236px) 100vw, 236px\"><br \/>\n\t\t\t\t\t\t\t\t\t\t\t\t<a href=\"\">Lucy Parks (ellos\/ellas) - Asociada de Comunicaci\u00f3n - Richmond<\/a><\/p>\n<p>Lucy creci\u00f3 en el valle rural de Shenandoah, pero ha vivido en Nueva York, Charlotte y Atlanta. Actualmente se encuentran en Richmond. Lucy ha trabajado en comunicaci\u00f3n, organizaci\u00f3n comunitaria y desarrollo juvenil, y ha participado en campa\u00f1as sobre todo tipo de temas, desde la deuda estudiantil a la justicia penitenciaria, pasando por la financiaci\u00f3n de las universidades p\u00fablicas, los derechos de los inmigrantes, la justicia clim\u00e1tica, la afiliaci\u00f3n sindical o los derechos de las personas LGBTQ+. Poseen un t\u00edtulo de estudios individualizados en escritura y cambio social y les apasiona especialmente el poder de la narraci\u00f3n para crear cambios. M\u00e1s recientemente, Lucy trabaj\u00f3 con la Alianza para la Educaci\u00f3n Clim\u00e1tica y, antes de eso, trabaj\u00f3 en la YMCA del Gran Nueva York. Lucy es una \u00e1vida amante de las actividades al aire libre y complet\u00f3 una traves\u00eda hacia el norte del Sendero de los Apalaches en 2019.<\/p>\n<p>\t\t\t\t\t\t\t\t\t\t<img decoding=\"async\" width=\"225\" height=\"300\" src=\"https:\/\/www.justice4all.org\/wp-content\/uploads\/2021\/07\/Frank-Valdez-Bio-pic-225x300.jpg\" alt=\"\" loading=\"lazy\" srcset=\"https:\/\/www.justice4all.org\/wp-content\/uploads\/2021\/07\/Frank-Valdez-Bio-pic-225x300.jpg 225w, https:\/\/www.justice4all.org\/wp-content\/uploads\/2021\/07\/Frank-Valdez-Bio-pic-768x1024.jpg 768w, https:\/\/www.justice4all.org\/wp-content\/uploads\/2021\/07\/Frank-Valdez-Bio-pic-1152x1536.jpg 1152w, https:\/\/www.justice4all.org\/wp-content\/uploads\/2021\/07\/Frank-Valdez-Bio-pic-1536x2048.jpg 1536w, https:\/\/www.justice4all.org\/wp-content\/uploads\/2021\/07\/Frank-Valdez-Bio-pic-scaled.jpg 1920w\" sizes=\"auto, (max-width: 225px) 100vw, 225px\"><br \/>\n\t\t\t\t\t\t\t\t\t\t\t\t<a href=\"\">Frank Valdez (\u00e9l\/ella) - Organizador, Programa de Justicia Juvenil - Charlottesville<\/a><\/p>\n<p>Frank se uni\u00f3 al Centro de Justicia de Asistencia Jur\u00eddica en el verano de 2021 como Organizador del Programa de Justicia Juvenil. Originario de Houston (Texas), se licenci\u00f3 en Estudios de Desarrollo Global por la Universidad de Virginia. Durante sus estudios universitarios, fue copresidente de la secci\u00f3n de la UVA de Political Latinxs United for Movement and Action in Society (PLUMAS), trabaj\u00f3 como becario en el Proyecto de Justicia para los Trabajadores Agr\u00edcolas e Inmigrantes de LAJC Virginia y en la iniciativa VA Youth Solidarity for Immigrant\/Migrant Workers.<\/p>\n<p>\t\t\t\t\t\t\t\t\t\t<img decoding=\"async\" width=\"249\" height=\"300\" src=\"https:\/\/www.justice4all.org\/wp-content\/uploads\/2021\/07\/MicrosoftTeams-image-3-1-249x300.jpg\" alt=\"\" loading=\"lazy\" srcset=\"https:\/\/www.justice4all.org\/wp-content\/uploads\/2021\/07\/MicrosoftTeams-image-3-1-249x300.jpg 249w, https:\/\/www.justice4all.org\/wp-content\/uploads\/2021\/07\/MicrosoftTeams-image-3-1-848x1024.jpg 848w, https:\/\/www.justice4all.org\/wp-content\/uploads\/2021\/07\/MicrosoftTeams-image-3-1-768x927.jpg 768w, https:\/\/www.justice4all.org\/wp-content\/uploads\/2021\/07\/MicrosoftTeams-image-3-1.jpg 1165w\" sizes=\"auto, (max-width: 249px) 100vw, 249px\"><br \/>\n\t\t\t\t\t\t\t\t\t\t\t\t<a href=\"\">Sandra Kitembo (ella\/ella) - Directora de oficina\/Abogada - Charlottesville<\/a><\/p>\n<p>Sandra se incorpor\u00f3 a Legal Aid Justice Center en 2021. Nacida en Kigali (Ruanda), Sandra habla franc\u00e9s y swahili. Antes de unirse a LAJC, trabaj\u00f3 con Resilience Education, en colaboraci\u00f3n con el Departamento Correccional de Virginia, gestionando un programa que facilitaba la educaci\u00f3n empresarial a personas encarceladas, ayudando a reducir la reincidencia y mejorando el \u00e9xito en el empleo. Tras su paso por Resilience Education, prest\u00f3 apoyo administrativo a International Neighbors, donde orient\u00f3 a los refugiados reci\u00e9n reasentados en el inicio de sus vidas en Charlottesville. Sandra se licenci\u00f3 en Ciencias Pol\u00edticas y Psicolog\u00eda por la Universidad de Massachusetts.<\/p>\n<\/div>\n","protected":false},"excerpt":{"rendered":"<p>A medida que crece nuestro trabajo, tambi\u00e9n crece nuestro equipo. Damos la bienvenida a los nuevos miembros de nuestro personal que han empezado a trabajar con nosotros en lo que va de 2021 - puede leer m\u00e1s sobre ellos aqu\u00ed: Chris Florez (\u00e9l\/ella) - Director de Tecnolog\u00eda - Charlottesville Chris se incorpor\u00f3 a Legal Aid [&hellip;]<\/p>\n","protected":false},"author":4,"featured_media":0,"parent":0,"menu_order":0,"template":"","format":"standard","meta":{"footnotes":""},"lajc-tax-news-type":[],"lajc-tax-roles":[],"lajc-tax-issues":[],"lajc-tax-locations":[],"class_list":["post-13189","lajc_news","type-lajc_news","status-publish","format-standard","hentry"],"acf":[],"yoast_head":"<!-- This site is optimized with the Yoast SEO plugin v27.5 - https:\/\/yoast.com\/product\/yoast-seo-wordpress\/ -->\n<title>\u00a1Bienvenido al nuevo personal del LAJC! - Legal Aid Justice Center<\/title>\n<meta name=\"robots\" content=\"index, follow, max-snippet:-1, max-image-preview:large, max-video-preview:-1\" \/>\n<link rel=\"canonical\" href=\"https:\/\/www.justice4all.org\/es\/news\/bienvenido-al-nuevo-personal-del-lajc\/\" \/>\n<meta property=\"og:locale\" content=\"es_ES\" \/>\n<meta property=\"og:type\" content=\"article\" \/>\n<meta property=\"og:title\" content=\"\u00a1Bienvenido al nuevo personal del LAJC! - Legal Aid Justice Center\" \/>\n<meta property=\"og:description\" content=\"A medida que crece nuestro trabajo, tambi\u00e9n crece nuestro equipo. Damos la bienvenida a los nuevos miembros de nuestro personal que han empezado a trabajar con nosotros en lo que va de 2021 - puede leer m\u00e1s sobre ellos aqu\u00ed: Chris Florez (\u00e9l\/ella) - Director de Tecnolog\u00eda - Charlottesville Chris se incorpor\u00f3 a Legal Aid [&hellip;]\" \/>\n<meta property=\"og:url\" content=\"https:\/\/www.justice4all.org\/es\/news\/bienvenido-al-nuevo-personal-del-lajc\/\" \/>\n<meta property=\"og:site_name\" content=\"Legal Aid Justice Center\" \/>\n<meta property=\"og:image\" content=\"https:\/\/www.justice4all.org\/wp-content\/uploads\/2021\/02\/CFlorez-002.jpg\" \/>\n<meta name=\"twitter:card\" content=\"summary_large_image\" \/>\n<meta name=\"twitter:label1\" content=\"Tiempo de lectura\" \/>\n\t<meta name=\"twitter:data1\" content=\"8 minuto\" \/>\n<script type=\"application\/ld+json\" class=\"yoast-schema-graph\">{\"@context\":\"https:\\\/\\\/schema.org\",\"@graph\":[{\"@type\":\"WebPage\",\"@id\":\"https:\\\/\\\/www.justice4all.org\\\/es\\\/news\\\/bienvenido-al-nuevo-personal-del-lajc\\\/\",\"url\":\"https:\\\/\\\/www.justice4all.org\\\/es\\\/news\\\/bienvenido-al-nuevo-personal-del-lajc\\\/\",\"name\":\"\u00a1Bienvenido al nuevo personal del LAJC! - Legal Aid Justice Center\",\"isPartOf\":{\"@id\":\"https:\\\/\\\/www.justice4all.org\\\/es\\\/#website\"},\"primaryImageOfPage\":{\"@id\":\"https:\\\/\\\/www.justice4all.org\\\/es\\\/news\\\/bienvenido-al-nuevo-personal-del-lajc\\\/#primaryimage\"},\"image\":{\"@id\":\"https:\\\/\\\/www.justice4all.org\\\/es\\\/news\\\/bienvenido-al-nuevo-personal-del-lajc\\\/#primaryimage\"},\"thumbnailUrl\":\"https:\\\/\\\/www.justice4all.org\\\/wp-content\\\/uploads\\\/2021\\\/02\\\/CFlorez-002.jpg\",\"datePublished\":\"2021-07-15T09:19:17+00:00\",\"breadcrumb\":{\"@id\":\"https:\\\/\\\/www.justice4all.org\\\/es\\\/news\\\/bienvenido-al-nuevo-personal-del-lajc\\\/#breadcrumb\"},\"inLanguage\":\"es\",\"potentialAction\":[{\"@type\":\"ReadAction\",\"target\":[\"https:\\\/\\\/www.justice4all.org\\\/es\\\/news\\\/bienvenido-al-nuevo-personal-del-lajc\\\/\"]}]},{\"@type\":\"ImageObject\",\"inLanguage\":\"es\",\"@id\":\"https:\\\/\\\/www.justice4all.org\\\/es\\\/news\\\/bienvenido-al-nuevo-personal-del-lajc\\\/#primaryimage\",\"url\":\"https:\\\/\\\/www.justice4all.org\\\/wp-content\\\/uploads\\\/2021\\\/02\\\/CFlorez-002.jpg\",\"contentUrl\":\"https:\\\/\\\/www.justice4all.org\\\/wp-content\\\/uploads\\\/2021\\\/02\\\/CFlorez-002.jpg\"},{\"@type\":\"BreadcrumbList\",\"@id\":\"https:\\\/\\\/www.justice4all.org\\\/es\\\/news\\\/bienvenido-al-nuevo-personal-del-lajc\\\/#breadcrumb\",\"itemListElement\":[{\"@type\":\"ListItem\",\"position\":1,\"name\":\"Home\",\"item\":\"https:\\\/\\\/www.justice4all.org\\\/es\\\/\"},{\"@type\":\"ListItem\",\"position\":2,\"name\":\"\u00a1Bienvenido al nuevo personal del LAJC!\"}]},{\"@type\":\"WebSite\",\"@id\":\"https:\\\/\\\/www.justice4all.org\\\/es\\\/#website\",\"url\":\"https:\\\/\\\/www.justice4all.org\\\/es\\\/\",\"name\":\"Legal Aid Justice Center\",\"description\":\"\",\"potentialAction\":[{\"@type\":\"SearchAction\",\"target\":{\"@type\":\"EntryPoint\",\"urlTemplate\":\"https:\\\/\\\/www.justice4all.org\\\/es\\\/?s={search_term_string}\"},\"query-input\":{\"@type\":\"PropertyValueSpecification\",\"valueRequired\":true,\"valueName\":\"search_term_string\"}}],\"inLanguage\":\"es\"}]}<\/script>\n<!-- \/ Yoast SEO plugin. -->","yoast_head_json":{"title":"\u00a1Bienvenido al nuevo personal del LAJC! - Legal Aid Justice Center","robots":{"index":"index","follow":"follow","max-snippet":"max-snippet:-1","max-image-preview":"max-image-preview:large","max-video-preview":"max-video-preview:-1"},"canonical":"https:\/\/www.justice4all.org\/es\/news\/bienvenido-al-nuevo-personal-del-lajc\/","og_locale":"es_ES","og_type":"article","og_title":"\u00a1Bienvenido al nuevo personal del LAJC! - Legal Aid Justice Center","og_description":"A medida que crece nuestro trabajo, tambi\u00e9n crece nuestro equipo. Damos la bienvenida a los nuevos miembros de nuestro personal que han empezado a trabajar con nosotros en lo que va de 2021 - puede leer m\u00e1s sobre ellos aqu\u00ed: Chris Florez (\u00e9l\/ella) - Director de Tecnolog\u00eda - Charlottesville Chris se incorpor\u00f3 a Legal Aid [&hellip;]","og_url":"https:\/\/www.justice4all.org\/es\/news\/bienvenido-al-nuevo-personal-del-lajc\/","og_site_name":"Legal Aid Justice Center","og_image":[{"url":"https:\/\/www.justice4all.org\/wp-content\/uploads\/2021\/02\/CFlorez-002.jpg","type":"","width":"","height":""}],"twitter_card":"summary_large_image","twitter_misc":{"Tiempo de lectura":"8 minuto"},"schema":{"@context":"https:\/\/schema.org","@graph":[{"@type":"WebPage","@id":"https:\/\/www.justice4all.org\/es\/news\/bienvenido-al-nuevo-personal-del-lajc\/","url":"https:\/\/www.justice4all.org\/es\/news\/bienvenido-al-nuevo-personal-del-lajc\/","name":"\u00a1Bienvenido al nuevo personal del LAJC! - Legal Aid Justice Center","isPartOf":{"@id":"https:\/\/www.justice4all.org\/es\/#website"},"primaryImageOfPage":{"@id":"https:\/\/www.justice4all.org\/es\/news\/bienvenido-al-nuevo-personal-del-lajc\/#primaryimage"},"image":{"@id":"https:\/\/www.justice4all.org\/es\/news\/bienvenido-al-nuevo-personal-del-lajc\/#primaryimage"},"thumbnailUrl":"https:\/\/www.justice4all.org\/wp-content\/uploads\/2021\/02\/CFlorez-002.jpg","datePublished":"2021-07-15T09:19:17+00:00","breadcrumb":{"@id":"https:\/\/www.justice4all.org\/es\/news\/bienvenido-al-nuevo-personal-del-lajc\/#breadcrumb"},"inLanguage":"es","potentialAction":[{"@type":"ReadAction","target":["https:\/\/www.justice4all.org\/es\/news\/bienvenido-al-nuevo-personal-del-lajc\/"]}]},{"@type":"ImageObject","inLanguage":"es","@id":"https:\/\/www.justice4all.org\/es\/news\/bienvenido-al-nuevo-personal-del-lajc\/#primaryimage","url":"https:\/\/www.justice4all.org\/wp-content\/uploads\/2021\/02\/CFlorez-002.jpg","contentUrl":"https:\/\/www.justice4all.org\/wp-content\/uploads\/2021\/02\/CFlorez-002.jpg"},{"@type":"BreadcrumbList","@id":"https:\/\/www.justice4all.org\/es\/news\/bienvenido-al-nuevo-personal-del-lajc\/#breadcrumb","itemListElement":[{"@type":"ListItem","position":1,"name":"Home","item":"https:\/\/www.justice4all.org\/es\/"},{"@type":"ListItem","position":2,"name":"\u00a1Bienvenido al nuevo personal del LAJC!"}]},{"@type":"WebSite","@id":"https:\/\/www.justice4all.org\/es\/#website","url":"https:\/\/www.justice4all.org\/es\/","name":"Legal Aid Justice Center","description":"","potentialAction":[{"@type":"SearchAction","target":{"@type":"EntryPoint","urlTemplate":"https:\/\/www.justice4all.org\/es\/?s={search_term_string}"},"query-input":{"@type":"PropertyValueSpecification","valueRequired":true,"valueName":"search_term_string"}}],"inLanguage":"es"}]}},"_links":{"self":[{"href":"https:\/\/www.justice4all.org\/es\/wp-json\/wp\/v2\/lajc_news\/13189","targetHints":{"allow":["GET"]}}],"collection":[{"href":"https:\/\/www.justice4all.org\/es\/wp-json\/wp\/v2\/lajc_news"}],"about":[{"href":"https:\/\/www.justice4all.org\/es\/wp-json\/wp\/v2\/types\/lajc_news"}],"author":[{"embeddable":true,"href":"https:\/\/www.justice4all.org\/es\/wp-json\/wp\/v2\/users\/4"}],"version-history":[{"count":0,"href":"https:\/\/www.justice4all.org\/es\/wp-json\/wp\/v2\/lajc_news\/13189\/revisions"}],"wp:attachment":[{"href":"https:\/\/www.justice4all.org\/es\/wp-json\/wp\/v2\/media?parent=13189"}],"wp:term":[{"taxonomy":"lajc-tax-news-type","embeddable":true,"href":"https:\/\/www.justice4all.org\/es\/wp-json\/wp\/v2\/lajc-tax-news-type?post=13189"},{"taxonomy":"lajc-tax-roles","embeddable":true,"href":"https:\/\/www.justice4all.org\/es\/wp-json\/wp\/v2\/lajc-tax-roles?post=13189"},{"taxonomy":"lajc-tax-issues","embeddable":true,"href":"https:\/\/www.justice4all.org\/es\/wp-json\/wp\/v2\/lajc-tax-issues?post=13189"},{"taxonomy":"lajc-tax-locations","embeddable":true,"href":"https:\/\/www.justice4all.org\/es\/wp-json\/wp\/v2\/lajc-tax-locations?post=13189"}],"curies":[{"name":"wp","href":"https:\/\/api.w.org\/{rel}","templated":true}]}}