{"id":13171,"date":"2021-05-05T09:46:51","date_gmt":"2021-05-05T09:46:51","guid":{"rendered":"https:\/\/lajc2023stg.wpengine.com\/news\/vec-intenta-retrasar-la-demanda-por-desempleo\/"},"modified":"2021-05-05T09:46:51","modified_gmt":"2021-05-05T09:46:51","slug":"vec-intenta-retrasar-la-demanda-por-desempleo","status":"publish","type":"lajc_news","link":"https:\/\/www.justice4all.org\/es\/news\/vec-intenta-retrasar-la-demanda-por-desempleo\/","title":{"rendered":"VEC intenta retrasar la demanda por desempleo"},"content":{"rendered":"<div class=\"lajc-m-content\">&nbsp;<\/p>\n<p style=\"text-align: center;\"><strong>La Comisi\u00f3n de Empleo de Virginia responde a la demanda sobre retrasos en los pagos por desempleo con&#8230; una solicitud de retraso.  <\/strong><\/p>\n<p style=\"text-align: center;\"><strong>&nbsp;<\/strong><em>A pesar de haber sido plenamente informada de las cuestiones detalladas en la demanda hace m\u00e1s de seis meses, la VEC se mueve para dejar el caso en suspenso durante un mes m\u00e1s.  <\/em><\/p>\n<p><strong>Richmond VA<\/strong> - Ayer, la Comisi\u00f3n de Empleo de Virginia (VEC) present\u00f3 una moci\u00f3n para posponer su respuesta a ser servido con una demanda colectiva presentada en nombre de los cientos de virginianos que sufren graves dificultades a la espera de la VEC para aprobar sus solicitudes de seguro de desempleo.<\/p>\n<p>A pesar de conocer estos problemas desde hace meses y de llevar m\u00e1s de un a\u00f1o incumpliendo los plazos establecidos para resolver las reclamaciones, Ellen Marie Hess, comisionada del VEC, pidi\u00f3 al tribunal que les permitiera retrasar su respuesta oficial a la demanda colectiva -presentada hace casi tres semanas- hasta el 28 de mayo.&nbsp;&nbsp;<\/p>\n<p>El Legal Aid Justice Center, Legal Aid Works, el Virginia Poverty Law Center, Consumer Litigation Associates, PC, y Kelly Guzzo, PLC, presentaron poco despu\u00e9s una oposici\u00f3n a esta moci\u00f3n en nombre del demandante nombrado en la demanda.&nbsp;<\/p>\n<p>\u00ab<em>Nada de esto es nuevo para la Commonwealth, ya que los demandantes, sus abogados, los l\u00edderes pol\u00edticos, los medios de comunicaci\u00f3n y un sinf\u00edn de virginianos afectados se han puesto en contacto con<\/em> la VEC <em>durante m\u00e1s de seis meses\u00bb,<\/em> escribi\u00f3 el equipo legal que representa a los perjudicados por la VEC en su oposici\u00f3n a la moci\u00f3n de aplazamiento,  <em>\u00abY, sin embargo, en defensa de una demanda basada en la alegaci\u00f3n de que el VEC no puede responder oportunamente a los virginianos que solicitan el desempleo asegurado federal, el VEC sugiere que tampoco puede responderles oportunamente aqu\u00ed\u00bb.  <\/em><\/p>\n<p>\u00ab<em>Los virginianos han esperado lo suficiente<\/em>\u00ab, dijo Pat Levy- Lavelle, abogado del Centro de Justicia de Ayuda Legal dijo: <em>\u00abEsperamos que el juez Hudson r\u00e1pidamente niega esta solicitud y nos mueve un paso m\u00e1s cerca de alivio para los virginianos que sufren debido a la inacci\u00f3n de la VEC.\u00bb<\/em><\/p>\n<p><em>\u00abEn circunstancias normales, aceptar\u00eda rutinariamente conceder al abogado contrario la cortes\u00eda de un poco de tiempo extra para presentar una respuesta, pero los trabajadores que esperan meses para recibir prestaciones saben que estas no son circunstancias normales, y nadie les ha dado \u00abtiempo extra\u00bb para pagar sus facturas de alquiler o servicios o comida,\u00bb<\/em>  dijo Ann H. Kloeckner, Esq, Directora Ejecutiva de Legal Aid Works.<\/p>\n<p>Desde la presentaci\u00f3n de la demanda colectiva propuesta, las organizaciones de asistencia jur\u00eddica de todo el estado se han visto inundadas de solicitudes de ayuda de virginianos desesperados por recibir fondos del seguro de desempleo -una ayuda de emergencia necesaria- que han estado demasiado tiempo retenidos por un sistema inaccesible.<\/p>\n<p>Para m\u00e1s informaci\u00f3n sobre la demanda colectiva propuesta y las historias de los afectados, visite <a href=\"http:\/\/www.justice4all.org\/ui\">www.justice4all.org\/ui<\/a>.<\/p>\n<p>###<\/p>\n<p><em>En <\/em><a href=\"https:\/\/www.justice4all.org\/es\/\"><br \/>\n  <em>Centro de Justicia y Asistencia Jur\u00eddica<\/em><br \/>\n<\/a><em> (LAJC) colabora con comunidades y clientes para lograr la justicia desmantelando los sistemas que crean y perpet\u00faan la pobreza.&nbsp; Por justicia entendemos justicia racial, social y econ\u00f3mica.&nbsp; <\/em> <\/p>\n<p><em>En <\/em><a href=\"https:\/\/vplc.org\/\"><br \/>\n  <em>Centro Jur\u00eddico contra la Pobreza de Virginia (VPLC)<\/em><br \/>\n<\/a><em> es el centro de apoyo estatal para todos los programas de asistencia jur\u00eddica civil de Virginia.&nbsp; El trabajo de VPLC rompe las barreras sist\u00e9micas que mantienen a los virginianos de bajos ingresos en el ciclo de la pobreza a trav\u00e9s de la defensa, la educaci\u00f3n y el litigio. <\/em> <\/p>\n<p><a href=\"http:\/\/www.legalaidworks.org\/\"><br \/>\n  <em>Legal Aid Works (LAW)<\/em><br \/>\n<\/a><em> defiende la equidad abogando por quienes tienen menos acceso al sistema de justicia civil.<\/em><\/p>\n<p><a href=\"https:\/\/www.justice4all.org\/wp-content\/uploads\/\">Ver pdf aqu\u00ed.<\/a><\/div>\n","protected":false},"excerpt":{"rendered":"<p>&nbsp; La Comisi\u00f3n de Empleo de Virginia responde a la demanda sobre retrasos en los pagos por desempleo con&#8230; una solicitud de retraso. &nbsp;A pesar de haber sido plenamente informada de las cuestiones detalladas en la demanda hace m\u00e1s de seis meses, la VEC se mueve para dejar el caso en suspenso durante un mes [&hellip;]<\/p>\n","protected":false},"author":4,"featured_media":0,"parent":0,"menu_order":0,"template":"","format":"standard","meta":{"footnotes":""},"lajc-tax-news-type":[],"lajc-tax-roles":[],"lajc-tax-issues":[90],"lajc-tax-locations":[],"class_list":["post-13171","lajc_news","type-lajc_news","status-publish","format-standard","hentry","lajc-tax-issues-sanidad-y-prestaciones-publicas"],"acf":[],"yoast_head":"<!-- This site is optimized with the Yoast SEO plugin v27.5 - https:\/\/yoast.com\/product\/yoast-seo-wordpress\/ -->\n<title>VEC intenta retrasar la demanda por desempleo - Legal Aid Justice Center<\/title>\n<meta name=\"robots\" content=\"index, follow, max-snippet:-1, max-image-preview:large, max-video-preview:-1\" \/>\n<link rel=\"canonical\" href=\"https:\/\/www.justice4all.org\/es\/news\/vec-intenta-retrasar-la-demanda-por-desempleo\/\" \/>\n<meta property=\"og:locale\" content=\"es_ES\" \/>\n<meta property=\"og:type\" content=\"article\" \/>\n<meta property=\"og:title\" content=\"VEC intenta retrasar la demanda por desempleo - Legal Aid Justice Center\" \/>\n<meta property=\"og:description\" content=\"&nbsp; La Comisi\u00f3n de Empleo de Virginia responde a la demanda sobre retrasos en los pagos por desempleo con&#8230; una solicitud de retraso. &nbsp;A pesar de haber sido plenamente informada de las cuestiones detalladas en la demanda hace m\u00e1s de seis meses, la VEC se mueve para dejar el caso en suspenso durante un mes [&hellip;]\" \/>\n<meta property=\"og:url\" content=\"https:\/\/www.justice4all.org\/es\/news\/vec-intenta-retrasar-la-demanda-por-desempleo\/\" \/>\n<meta property=\"og:site_name\" content=\"Legal Aid Justice Center\" \/>\n<meta name=\"twitter:card\" content=\"summary_large_image\" \/>\n<meta name=\"twitter:label1\" content=\"Tiempo de lectura\" \/>\n\t<meta name=\"twitter:data1\" content=\"3 minuto\" \/>\n<script type=\"application\/ld+json\" class=\"yoast-schema-graph\">{\"@context\":\"https:\\\/\\\/schema.org\",\"@graph\":[{\"@type\":\"WebPage\",\"@id\":\"https:\\\/\\\/www.justice4all.org\\\/es\\\/news\\\/vec-intenta-retrasar-la-demanda-por-desempleo\\\/\",\"url\":\"https:\\\/\\\/www.justice4all.org\\\/es\\\/news\\\/vec-intenta-retrasar-la-demanda-por-desempleo\\\/\",\"name\":\"VEC intenta retrasar la demanda por desempleo - Legal Aid Justice Center\",\"isPartOf\":{\"@id\":\"https:\\\/\\\/www.justice4all.org\\\/es\\\/#website\"},\"datePublished\":\"2021-05-05T09:46:51+00:00\",\"breadcrumb\":{\"@id\":\"https:\\\/\\\/www.justice4all.org\\\/es\\\/news\\\/vec-intenta-retrasar-la-demanda-por-desempleo\\\/#breadcrumb\"},\"inLanguage\":\"es\",\"potentialAction\":[{\"@type\":\"ReadAction\",\"target\":[\"https:\\\/\\\/www.justice4all.org\\\/es\\\/news\\\/vec-intenta-retrasar-la-demanda-por-desempleo\\\/\"]}]},{\"@type\":\"BreadcrumbList\",\"@id\":\"https:\\\/\\\/www.justice4all.org\\\/es\\\/news\\\/vec-intenta-retrasar-la-demanda-por-desempleo\\\/#breadcrumb\",\"itemListElement\":[{\"@type\":\"ListItem\",\"position\":1,\"name\":\"Home\",\"item\":\"https:\\\/\\\/www.justice4all.org\\\/es\\\/\"},{\"@type\":\"ListItem\",\"position\":2,\"name\":\"VEC intenta retrasar la demanda por desempleo\"}]},{\"@type\":\"WebSite\",\"@id\":\"https:\\\/\\\/www.justice4all.org\\\/es\\\/#website\",\"url\":\"https:\\\/\\\/www.justice4all.org\\\/es\\\/\",\"name\":\"Legal Aid Justice Center\",\"description\":\"\",\"potentialAction\":[{\"@type\":\"SearchAction\",\"target\":{\"@type\":\"EntryPoint\",\"urlTemplate\":\"https:\\\/\\\/www.justice4all.org\\\/es\\\/?s={search_term_string}\"},\"query-input\":{\"@type\":\"PropertyValueSpecification\",\"valueRequired\":true,\"valueName\":\"search_term_string\"}}],\"inLanguage\":\"es\"}]}<\/script>\n<!-- \/ Yoast SEO plugin. -->","yoast_head_json":{"title":"VEC intenta retrasar la demanda por desempleo - Legal Aid Justice Center","robots":{"index":"index","follow":"follow","max-snippet":"max-snippet:-1","max-image-preview":"max-image-preview:large","max-video-preview":"max-video-preview:-1"},"canonical":"https:\/\/www.justice4all.org\/es\/news\/vec-intenta-retrasar-la-demanda-por-desempleo\/","og_locale":"es_ES","og_type":"article","og_title":"VEC intenta retrasar la demanda por desempleo - Legal Aid Justice Center","og_description":"&nbsp; La Comisi\u00f3n de Empleo de Virginia responde a la demanda sobre retrasos en los pagos por desempleo con&#8230; una solicitud de retraso. &nbsp;A pesar de haber sido plenamente informada de las cuestiones detalladas en la demanda hace m\u00e1s de seis meses, la VEC se mueve para dejar el caso en suspenso durante un mes [&hellip;]","og_url":"https:\/\/www.justice4all.org\/es\/news\/vec-intenta-retrasar-la-demanda-por-desempleo\/","og_site_name":"Legal Aid Justice Center","twitter_card":"summary_large_image","twitter_misc":{"Tiempo de lectura":"3 minuto"},"schema":{"@context":"https:\/\/schema.org","@graph":[{"@type":"WebPage","@id":"https:\/\/www.justice4all.org\/es\/news\/vec-intenta-retrasar-la-demanda-por-desempleo\/","url":"https:\/\/www.justice4all.org\/es\/news\/vec-intenta-retrasar-la-demanda-por-desempleo\/","name":"VEC intenta retrasar la demanda por desempleo - Legal Aid Justice Center","isPartOf":{"@id":"https:\/\/www.justice4all.org\/es\/#website"},"datePublished":"2021-05-05T09:46:51+00:00","breadcrumb":{"@id":"https:\/\/www.justice4all.org\/es\/news\/vec-intenta-retrasar-la-demanda-por-desempleo\/#breadcrumb"},"inLanguage":"es","potentialAction":[{"@type":"ReadAction","target":["https:\/\/www.justice4all.org\/es\/news\/vec-intenta-retrasar-la-demanda-por-desempleo\/"]}]},{"@type":"BreadcrumbList","@id":"https:\/\/www.justice4all.org\/es\/news\/vec-intenta-retrasar-la-demanda-por-desempleo\/#breadcrumb","itemListElement":[{"@type":"ListItem","position":1,"name":"Home","item":"https:\/\/www.justice4all.org\/es\/"},{"@type":"ListItem","position":2,"name":"VEC intenta retrasar la demanda por desempleo"}]},{"@type":"WebSite","@id":"https:\/\/www.justice4all.org\/es\/#website","url":"https:\/\/www.justice4all.org\/es\/","name":"Legal Aid Justice Center","description":"","potentialAction":[{"@type":"SearchAction","target":{"@type":"EntryPoint","urlTemplate":"https:\/\/www.justice4all.org\/es\/?s={search_term_string}"},"query-input":{"@type":"PropertyValueSpecification","valueRequired":true,"valueName":"search_term_string"}}],"inLanguage":"es"}]}},"_links":{"self":[{"href":"https:\/\/www.justice4all.org\/es\/wp-json\/wp\/v2\/lajc_news\/13171","targetHints":{"allow":["GET"]}}],"collection":[{"href":"https:\/\/www.justice4all.org\/es\/wp-json\/wp\/v2\/lajc_news"}],"about":[{"href":"https:\/\/www.justice4all.org\/es\/wp-json\/wp\/v2\/types\/lajc_news"}],"author":[{"embeddable":true,"href":"https:\/\/www.justice4all.org\/es\/wp-json\/wp\/v2\/users\/4"}],"version-history":[{"count":0,"href":"https:\/\/www.justice4all.org\/es\/wp-json\/wp\/v2\/lajc_news\/13171\/revisions"}],"wp:attachment":[{"href":"https:\/\/www.justice4all.org\/es\/wp-json\/wp\/v2\/media?parent=13171"}],"wp:term":[{"taxonomy":"lajc-tax-news-type","embeddable":true,"href":"https:\/\/www.justice4all.org\/es\/wp-json\/wp\/v2\/lajc-tax-news-type?post=13171"},{"taxonomy":"lajc-tax-roles","embeddable":true,"href":"https:\/\/www.justice4all.org\/es\/wp-json\/wp\/v2\/lajc-tax-roles?post=13171"},{"taxonomy":"lajc-tax-issues","embeddable":true,"href":"https:\/\/www.justice4all.org\/es\/wp-json\/wp\/v2\/lajc-tax-issues?post=13171"},{"taxonomy":"lajc-tax-locations","embeddable":true,"href":"https:\/\/www.justice4all.org\/es\/wp-json\/wp\/v2\/lajc-tax-locations?post=13171"}],"curies":[{"name":"wp","href":"https:\/\/api.w.org\/{rel}","templated":true}]}}