{"id":13166,"date":"2020-12-21T13:03:01","date_gmt":"2020-12-21T13:03:01","guid":{"rendered":"https:\/\/lajc2023stg.wpengine.com\/news\/carta-al-gobernador-northam-sobre-la-distribucion-de-vacunas\/"},"modified":"2020-12-21T13:03:01","modified_gmt":"2020-12-21T13:03:01","slug":"carta-al-gobernador-northam-sobre-la-distribucion-de-vacunas","status":"publish","type":"lajc_news","link":"https:\/\/www.justice4all.org\/es\/news\/carta-al-gobernador-northam-sobre-la-distribucion-de-vacunas\/","title":{"rendered":"Carta al Gobernador Northam sobre la distribuci\u00f3n de vacunas"},"content":{"rendered":"<div class=\"lajc-m-content\">\n<p>Descargue <a href=\"https:\/\/www.justice4all.org\/wp-content\/uploads\/\">aqu\u00ed<\/a> una versi\u00f3n en pdf<\/p>\n<p>21 de diciembre de 2020<br \/>El Honorable Ralph Northam<br \/>Gobernador de Virginia<br \/>Apartado de correos 1475<br \/>Richmond, VA 23218<\/p>\n<\/p>\n<p><strong>RE:&nbsp; Garantizar informaci\u00f3n precisa, acceso, garant\u00edas y procesos justos: Los grupos marginados y los planes de distribuci\u00f3n de vacunas COVID-19 de Virginia  <\/strong><\/p>\n<p>Estimado Gobernador Northam,<\/p>\n<p>En nombre del Legal Aid Justice Center (LAJC), escribo para instar a su administraci\u00f3n a garantizar que el plan de distribuci\u00f3n de la vacuna COVID-19 de Virginia incluya expl\u00edcitamente y tenga en cuenta los protocolos de vacunaci\u00f3n que protegen a las personas y comunidades marginadas y vulnerables de Virginia. El Centro de Justicia de Asistencia Jur\u00eddica atiende a dichos clientes y comunidades de clientes en toda la Commonwealth, y somos profundamente conscientes de las barreras de acceso a las vacunas a las que probablemente se enfrentan grupos como los trabajadores agr\u00edcolas, las personas encarceladas y los virginianos con bajos ingresos. Tambi\u00e9n somos muy sensibles al hecho de que el acceso a la atenci\u00f3n sanitaria, especialmente para estas comunidades, no se refiere \u00fanicamente a la posibilidad de recibir un tratamiento, sino tambi\u00e9n a la necesidad cr\u00edtica de recibir una atenci\u00f3n transparente, meditada e integral que trate de reforzar y mejorar las relaciones entre los sistemas y las comunidades a las que sirven. Instamos a su equipo a priorizar y planificar de forma proactiva el acceso a la distribuci\u00f3n de vacunas, en el sentido m\u00e1s amplio del t\u00e9rmino, a estas personas y comunidades.<\/p>\n<p><strong><u>Trabajadores agr\u00edcolas y migrantes<\/u><\/strong><\/p>\n<p>Cuando el virus COVID-19 comenz\u00f3 a asolar Estados Unidos a principios de este a\u00f1o, muchos virginianos tuvieron la suerte de poder refugiarse en interiores por seguridad y aislamiento. Sin embargo, la industria agr\u00edcola de la Commonwealth -que depende de esta mano de obra inmigrante hist\u00f3ricamente marginada y vulnerable- sigui\u00f3 trayendo a miles de trabajadores del extranjero para garantizar que los virginianos y el resto del mundo tuvieran comida en sus platos durante una \u00e9poca peligrosa y dif\u00edcil.<\/p>\n<p>Al mismo tiempo, aunque la Commonwealth comenz\u00f3 a crear normas de seguridad laboral de emergencia que incluyen a los trabajadores agr\u00edcolas y migrantes, estas normas son dif\u00edciles de aplicar, deben reforzarse para las circunstancias particulares de los trabajadores agr\u00edcolas y migrantes, y est\u00e1n a punto de expirar a mediados de enero de 2021. En gran parte, durante gran parte de la pandemia, los trabajadores agr\u00edcolas y emigrantes siguieron viviendo, cocinando y ba\u00f1\u00e1ndose en instalaciones comunes de los campos de trabajo que no se ajustaban a las recomendaciones sanitarias. Los transportaban diariamente de ida y vuelta al trabajo en autobuses o furgonetas muy apretados y trabajaban codo con codo en los campos. Los trabajadores no se somet\u00edan sistem\u00e1ticamente a pruebas de detecci\u00f3n de COVID-19 antes de entrar en la empresa (de hecho, algunos empresarios se resist\u00edan activamente a realizarlas), y viv\u00edan en granjas rurales aisladas, en viviendas hacinadas, sin acceso a informaci\u00f3n fiable sobre la enfermedad vol\u00e1til.  <strong>Muchos trabajadores dijeron a nuestro equipo que no quer\u00edan someterse a las pruebas del COVID-19; tem\u00edan que, si daban positivo, no les pagar\u00edan el trabajo durante la cuarentena, y tem\u00edan represalias o el desalojo<\/strong>.<\/p>\n<p>Como se preve\u00eda, se han producido m\u00faltiples brotes en explotaciones de toda la Commonwealth, y han aparecido casos aislados en muchas otras. Las comunidades de trabajadores agr\u00edcolas suelen estar fuera de los focos, pero no as\u00ed nuestra respuesta COVID-19 a ellas. Imploramos a la Commonwealth que se prepare adecuadamente para la distribuci\u00f3n de vacunas a los trabajadores agr\u00edcolas y migrantes. Las obreras empezar\u00e1n a llegar en marzo y su n\u00famero aumentar\u00e1 r\u00e1pidamente a finales de la primavera y durante el verano. Para proteger a estos trabajadores esenciales, pedimos:<\/p>\n<ul>\n<li>Acceso avanzado a material informativo culturalmente sensible en todas las lenguas pertinentes.<\/li>\n<li>Suministro de centros de distribuci\u00f3n de vacunas libres de interferencias e influencias patronales.<\/li>\n<li>Coordinaci\u00f3n interinstitucional temprana con los distritos sanitarios locales, las agencias federales y las autoridades internacionales.<\/li>\n<li>Consideraciones clave sobre el calendario para garantizar que las dosis m\u00faltiples sean f\u00e1cilmente alcanzables; y<\/li>\n<li>Garant\u00edas de que todos los trabajadores agr\u00edcolas y migrantes de Virginia tengan acceso a la vacuna<\/li>\n<\/ul>\n<p><strong><u><br \/>Personas encarceladas y detenidas<\/u><\/strong><\/p>\n<p>Las personas encarceladas son especialmente vulnerables al COVID-19, no s\u00f3lo porque est\u00e1n recluidas en entornos de hacinamiento, sino tambi\u00e9n porque tienen m\u00e1s probabilidades que la poblaci\u00f3n general de padecer afecciones subyacentes que aumentan el riesgo de complicaciones de la enfermedad. Tambi\u00e9n se enfrentan a barreras adicionales para acceder y recibir una atenci\u00f3n m\u00e9dica adecuada y oportuna. Desde el 20 de diciembre de 2020, al menos 6.504 personas encarceladas han dado positivo por COVID-19 en las instalaciones del Departamento Correccional de Virginia (VDOC) con 1.349 casos actualmente activos; 38 de estas personas han fallecido.[<a href=\"#_ftn1\" name=\"_ftnref1\">1]<\/a> Debido a la falta de informes uniformes, no est\u00e1 claro cu\u00e1l es exactamente la tasa de infecci\u00f3n por COVID-19 en las c\u00e1rceles locales y regionales, pero bas\u00e1ndonos en la informaci\u00f3n publicada por algunas c\u00e1rceles, as\u00ed como en las noticias locales,<a href=\"#_ftn2\" name=\"_ftnref2\">[2<\/a> ] sabemos que hay numerosos brotes en esas instalaciones en todo el estado. Miles de otras personas en Virginia (incluidos los inmigrantes detenidos, los j\u00f3venes detenidos y las personas sometidas a internamiento involuntario) tambi\u00e9n se enfrentan a los riesgos inherentes a los entornos de congregaci\u00f3n, especialmente durante una pandemia, aunque las preocupaciones pol\u00edticas en torno a la atenci\u00f3n congregada a menudo se centran \u00fanicamente en los centros de atenci\u00f3n a largo plazo para ancianos y adultos.<\/p>\n<\/p>\n<p><strong>Las personas encarceladas y detenidas en Virginia deben tener un acceso significativo a las vacunas y a la atenci\u00f3n sanitaria COVID-19; adem\u00e1s de planificar la log\u00edstica de la adquisici\u00f3n y administraci\u00f3n de las dosis, es esencial que los planes de distribuci\u00f3n incluyan una educaci\u00f3n significativa del paciente y la oportunidad de que los pacientes consulten con un m\u00e9dico antes de la administraci\u00f3n de la vacuna.<\/strong>  Cinco estados -Connecticut, Delaware, Maryland, Nebraska y Nuevo M\u00e9xico- ya han incluido a las personas encarceladas en la primera fase de sus planes de distribuci\u00f3n de la vacuna COVID-19. Otros a\u00fan est\u00e1n deliberando, pero Virginia no deber\u00eda pens\u00e1rselo dos veces antes de unirse a esos cinco.<\/p>\n<p>Somos conscientes de que el VDOC est\u00e1 encuestando a los presos para saber si est\u00e1n dispuestos a vacunarse, suponemos que para calcular el n\u00famero de dosis que probablemente se necesiten. Dado el aumento vertiginoso del n\u00famero de casos, si no lo est\u00e1n haciendo ya, las c\u00e1rceles locales y regionales, los centros de detenci\u00f3n de inmigrantes y los centros de detenci\u00f3n de menores deben adoptar inmediatamente medidas b\u00e1sicas de planificaci\u00f3n similares. Hemos sabido que la encuesta del VDOC daba a los presos de plazo hasta el 20 de diciembre de 2020 para declarar si ten\u00edan intenci\u00f3n de vacunarse. Aunque es posible que el VDOC s\u00f3lo pretenda utilizar esta informaci\u00f3n con fines de estimaci\u00f3n de dosis, muchas personas encarceladas temen lo que sus respuestas puedan significar en t\u00e9rminos de acceso futuro, m\u00e9dicamente informado, a la vacuna o de c\u00f3mo ser\u00e1n tratadas por el personal del centro. Este tipo de fallos en la educaci\u00f3n y la comunicaci\u00f3n reducir\u00e1n la adopci\u00f3n general de la vacuna y retrasar\u00e1n la inmunidad colectiva.<\/p>\n<p><strong>Adem\u00e1s, el Departamento de Salud de Virginia (VDH) necesita comprometerse proactivamente con Farmville, Caroline, y el ICE para que cada persona en los centros de detenci\u00f3n de inmigrantes de Virginia tenga acceso adecuado a la informaci\u00f3n culturalmente sensible sobre la vacuna COVID-19 y la atenci\u00f3n -dada en su idioma- y pueda tomar decisiones informadas sobre la vacunaci\u00f3n.  <\/strong>El centro de detenci\u00f3n de Farmville, en Virginia, gestionado por Immigration Centers of America, sufri\u00f3 un brote masivo este verano, que culmin\u00f3 con una muerte y cientos de casos positivos entre los inmigrantes y el personal, lo que fue entonces el mayor brote de COVID-19 en cualquier centro de detenci\u00f3n de inmigrantes del pa\u00eds. El centro de detenci\u00f3n de Caroline, administrado por el gobierno del condado de Caroline, ha pasado por m\u00faltiples brotes de COVID-19, incluso mientras contin\u00faan aceptando personas detenidas por el ICE, y hasta el 16 de diciembre de 2020, tiene 23 casos positivos, alrededor del 10 por ciento de su poblaci\u00f3n total de detenidos. VDH es responsable de garantizar la supervisi\u00f3n de los protocolos de vacunaci\u00f3n en Farmville y Caroline, incluso si los detenidos se encuentran en procedimientos federales. Adem\u00e1s, a partir<sup>del 1 de<\/sup> marzo de 2021, la Commonwealth ser\u00e1 responsable por ley de la salud y el bienestar de los detenidos en los centros de detenci\u00f3n de inmigrantes de Virginia.<\/p>\n<p><strong><u><br \/>Trabajadores y familias inmigrantes<\/u><\/strong><\/p>\n<p>El LAJC tiene un largo historial de colaboraci\u00f3n con las grandes comunidades de inmigrantes que residen en Virginia, entre otras cosas en actividades de asistencia sanitaria. Desde el brote inicial de COVID-19, hemos estado trabajando con estas comunidades proporcionando ayuda de emergencia, as\u00ed como apoyando medidas de prevenci\u00f3n y educaci\u00f3n sobre el virus y ayudando a dar a conocer los lugares de realizaci\u00f3n de pruebas gratuitas y de bajo coste. Nuestra experiencia con este trabajo ha puesto de manifiesto la urgente necesidad de financiar y desarrollar campa\u00f1as de educaci\u00f3n comunitaria dirigidas a las comunidades inmigrantes que detallen claramente el proceso de vacunaci\u00f3n, la seguridad de la vacuna y la importancia de vacunarse. Planificar y publicitar actos p\u00fablicos por s\u00ed solos no es suficiente y deber\u00e1 ir acompa\u00f1ado de una campa\u00f1a de educaci\u00f3n y divulgaci\u00f3n comunitaria s\u00f3lida y exhaustiva para garantizar la participaci\u00f3n de la comunidad en el proceso de vacunaci\u00f3n.<\/p>\n<p>LAJC tambi\u00e9n anima encarecidamente a su administraci\u00f3n y a los funcionarios estatales de salud p\u00fablica a limitar la recopilaci\u00f3n innecesaria de datos de informaci\u00f3n privada en su respuesta COVID-19, ya que esto podr\u00eda tener un efecto amedrentador en algunas poblaciones de inmigrantes que participan en el proceso de vacunaci\u00f3n. Los inmigrantes de Virginia que carecen de estatus legal suelen tener miedo de facilitar informaci\u00f3n privada a los funcionarios estatales por temor a que puedan compartirla con fines no sanitarios, como la aplicaci\u00f3n de las leyes de inmigraci\u00f3n.  <strong>Por ello, instamos a los funcionarios estatales a que, como parte de cualquier campa\u00f1a de vacunaci\u00f3n de salud p\u00fablica, dejen claro que cualquier informaci\u00f3n se mantendr\u00e1 en privado y no se compartir\u00e1 fuera del contexto de la salud p\u00fablica.  <\/strong><\/p>\n<p>Tambi\u00e9n instamos a los funcionarios p\u00fablicos estatales a dar prioridad a las comunidades de inmigrantes con bajos ingresos para la vacunaci\u00f3n temprana, ya que esta poblaci\u00f3n suele trabajar en empleos esenciales, como el sector alimentario, el cuidado de ni\u00f1os y la prestaci\u00f3n de servicios de limpieza en edificios, gran parte de los cuales han seguido funcionando en persona durante la pandemia. Muchos de estos mismos trabajadores de primera l\u00ednea tambi\u00e9n tienen situaciones de vida multifamiliar y\/o multigeneracional que dificultan el distanciamiento social; vacunar antes a esta poblaci\u00f3n ayudar\u00eda a frenar la propagaci\u00f3n del virus, incluso a los ancianos y otros grupos vulnerables.<\/p>\n<p><strong><u><br \/>Empleados de escuelas p\u00fablicas<\/u><\/strong><\/p>\n<p>El cierre prolongado de las escuelas en primavera y la reapertura virtual de la mayor\u00eda de las divisiones escolares de Virginia ha devastado a ni\u00f1os y familias de toda la Commonwealth, desde el punto de vista econ\u00f3mico, social y educativo. A pesar de los heroicos esfuerzos de los educadores por adaptarse r\u00e1pidamente a un nuevo modelo de aprendizaje a distancia, nuestros estudiantes sufren problemas de salud mental, p\u00e9rdida de aprendizaje e inestabilidad alimentaria. La reapertura segura de las escuelas debe ser una prioridad m\u00e1xima para la salud y el bienestar de los ni\u00f1os de Virginia, pero la escolarizaci\u00f3n en persona depende de la distribuci\u00f3n r\u00e1pida y completa de la vacuna COVID-19 a los educadores y empleados de las escuelas p\u00fablicas. Nuestros alumnos no pueden volver con seguridad a la ense\u00f1anza presencial si no se da prioridad a la vacunaci\u00f3n de los educadores.<\/p>\n<p><strong><u><br \/>Virginianos con bajos salarios e ingresos<\/u><\/strong><\/p>\n<p>Incluso m\u00e1s all\u00e1 de poblaciones concretas como las de los centros penitenciarios, los campos de trabajadores agr\u00edcolas o las comunidades de inmigrantes: los virginianos con salarios e ingresos inseguros en general han experimentado un aumento de la precariedad sanitaria y econ\u00f3mica como consecuencia de la pandemia. Mientras que muchos han perdido su empleo por completo, otros se han visto obligados a trabajar a pesar de su temor fundado a contraer el COVID-19. Nuestros clientes que trabajan como auxiliares sanitarios a domicilio, conserjes y cocineros, entre otras profesiones, no han podido permitirse el lujo de trabajar desde casa o tomarse vacaciones para mitigar su exposici\u00f3n al virus. Sus familias dependen de los ingresos de estos empleos para pagar el alquiler, la comida, las facturas del hospital y otras necesidades. Muchos de estos clientes viven en viviendas multigeneracionales o en espacios de convivencia. Por consiguiente, siguen enfrent\u00e1ndose a un mayor riesgo de contraer y propagar el COVID-19. Muchos han expresado confusi\u00f3n sobre su elegibilidad para la vacuna, miedo a los costes financieros asociados a recibirla y escepticismo sobre su eficacia y seguridad.<\/p>\n<p>Virginia debe crear materiales de orientaci\u00f3n claros y completos sobre la vacuna, que aborden cuestiones como, entre otras: c\u00f3mo acceder a la vacuna, datos e informaci\u00f3n sobre seguridad y eficacia, e informaci\u00f3n sobre el derecho de los pacientes a recibir o rechazar el tratamiento. Le pedimos que d\u00e9 prioridad a la distribuci\u00f3n de esta informaci\u00f3n en complejos de viviendas p\u00fablicas, refugios para personas sin hogar, oficinas de juntas de servicios comunitarios, centros comunitarios y barrios de bajos ingresos.  <strong>La mejor manera de hacerlo es generar confianza en las comunidades empleando a sus propios miembros para que ayuden en las tareas de divulgaci\u00f3n y educaci\u00f3n.<\/strong><\/p>\n<p>A medida que Virginia planifica la distribuci\u00f3n y administraci\u00f3n de vacunas, debemos evitar los errores del pasado y abordar de manera significativa las disparidades y disfunciones sist\u00e9micas que siguen experimentando ampliamente los virginianos negros, morenos y econ\u00f3micamente desfavorecidos que buscan atenci\u00f3n sanitaria. Debemos reconocer las formas en que el COVID-19 ha hecho estragos en la salud y la seguridad de estas comunidades y ha exacerbado la desconfianza hacia los profesionales y los establecimientos m\u00e9dicos. Y debemos planificar de forma proactiva para que estas comunidades reciban un acceso significativo a las vacunas, atenci\u00f3n e informaci\u00f3n. En el LAJC, nos comprometemos a garantizar que nuestros clientes y comunidades de clientes no sean ignorados por la Commonwealth y puedan tomar decisiones informadas sobre su atenci\u00f3n. Pero para ello, su administraci\u00f3n debe garantizar el acceso a las vacunas y a la atenci\u00f3n COVID-19 que incluya de forma proactiva, priorice adecuadamente y busque generar confianza con las personas y comunidades a las que servimos. Estamos a su disposici\u00f3n para reunirnos y debatir las cuestiones que planteamos en esta carta con su oficina y cualquier otro funcionario pertinente, y seguiremos defendiendo los intereses de nuestros clientes y comunidades de clientes en este asunto a medida que se desarrolle el proceso.<\/p>\n<p><\/p>\n<p>Atentamente,<\/p>\n<\/p>\n<p><strong>Amy L. Woolard<br \/><\/strong>Directora de Pol\u00edtica<br \/>Centro de Justicia y Asistencia Jur\u00eddica<br \/><a href=\"mailto:Amy@justice4all.org\">Amy@justice4all.org<\/a><br \/>C: 804.647.3553<\/p>\n<\/p>\n<p><\/p>\n<p>Cc por correo electr\u00f3nico:<\/p>\n<p>Jefe de Gabinete Clark Mercer<\/p>\n<p>Jefa de Diversidad Dra. Janice Underwood<\/p>\n<p>Va. Secretario de Comercio Brian Ball<\/p>\n<p>Va. Secretario de Educaci\u00f3n Atif Qarni<\/p>\n<p>Va. Secretario de Sanidad y Recursos Humanos Daniel Carey, M.D.<\/p>\n<p>Va. Secretario de Seguridad P\u00fablica Brian Moran<\/p>\n<p>Va. Comisario del Departamento de Sanidad Dr. Norman Oliver<\/p>\n<\/p>\n<p><a href=\"#_ftnref1\" name=\"_ftn1\">[1]<\/a> https:\/\/vadoc.virginia.gov\/news-press-releases\/2020\/covid-19-updates\/<\/p>\n<p>[<a href=\"#_ftnref2\" name=\"_ftn2\">2]<\/a> La c\u00e1rcel regional de Middle River ha informado de que 401 reclusos de su poblaci\u00f3n de 816 personas han dado positivo desde el 25 de noviembre de 2020. <a href=\"https:\/\/www.newsleader.com\/story\/news\/local\/2020\/12\/17\/verona-jail-augusta-county-prisons-all-dealing-covid-outbreaks\/3944275001\/\">La c\u00e1rcel de Verona y las prisiones del condado de Augusta se enfrentan a brotes de COVID (newsleader.com)<\/a><\/p>\n<\/div>\n","protected":false},"excerpt":{"rendered":"<p>Descargue aqu\u00ed una versi\u00f3n en pdf 21 de diciembre de 2020El Honorable Ralph NorthamGobernador de VirginiaApartado de correos 1475Richmond, VA 23218 RE:&nbsp; Garantizar informaci\u00f3n precisa, acceso, garant\u00edas y procesos justos: Los grupos marginados y los planes de distribuci\u00f3n de vacunas COVID-19 de Virginia Estimado Gobernador Northam, En nombre del Legal Aid Justice Center (LAJC), escribo [&hellip;]<\/p>\n","protected":false},"author":4,"featured_media":0,"parent":0,"menu_order":0,"template":"","format":"standard","meta":{"footnotes":""},"lajc-tax-news-type":[],"lajc-tax-roles":[],"lajc-tax-issues":[],"lajc-tax-locations":[],"class_list":["post-13166","lajc_news","type-lajc_news","status-publish","format-standard","hentry"],"acf":[],"yoast_head":"<!-- This site is optimized with the Yoast SEO plugin v27.5 - https:\/\/yoast.com\/product\/yoast-seo-wordpress\/ -->\n<title>Carta al Gobernador Northam sobre la distribuci\u00f3n de vacunas - Legal Aid Justice Center<\/title>\n<meta name=\"robots\" content=\"index, follow, max-snippet:-1, max-image-preview:large, max-video-preview:-1\" \/>\n<link rel=\"canonical\" href=\"https:\/\/www.justice4all.org\/es\/news\/carta-al-gobernador-northam-sobre-la-distribucion-de-vacunas\/\" \/>\n<meta property=\"og:locale\" content=\"es_ES\" \/>\n<meta property=\"og:type\" content=\"article\" \/>\n<meta property=\"og:title\" content=\"Carta al Gobernador Northam sobre la distribuci\u00f3n de vacunas - Legal Aid Justice Center\" \/>\n<meta property=\"og:description\" content=\"Descargue aqu\u00ed una versi\u00f3n en pdf 21 de diciembre de 2020El Honorable Ralph NorthamGobernador de VirginiaApartado de correos 1475Richmond, VA 23218 RE:&nbsp; Garantizar informaci\u00f3n precisa, acceso, garant\u00edas y procesos justos: Los grupos marginados y los planes de distribuci\u00f3n de vacunas COVID-19 de Virginia Estimado Gobernador Northam, En nombre del Legal Aid Justice Center (LAJC), escribo [&hellip;]\" \/>\n<meta property=\"og:url\" content=\"https:\/\/www.justice4all.org\/es\/news\/carta-al-gobernador-northam-sobre-la-distribucion-de-vacunas\/\" \/>\n<meta property=\"og:site_name\" content=\"Legal Aid Justice Center\" \/>\n<meta name=\"twitter:card\" content=\"summary_large_image\" \/>\n<meta name=\"twitter:label1\" content=\"Tiempo de lectura\" \/>\n\t<meta name=\"twitter:data1\" content=\"14 minuto\" \/>\n<script type=\"application\/ld+json\" class=\"yoast-schema-graph\">{\"@context\":\"https:\\\/\\\/schema.org\",\"@graph\":[{\"@type\":\"WebPage\",\"@id\":\"https:\\\/\\\/www.justice4all.org\\\/es\\\/news\\\/carta-al-gobernador-northam-sobre-la-distribucion-de-vacunas\\\/\",\"url\":\"https:\\\/\\\/www.justice4all.org\\\/es\\\/news\\\/carta-al-gobernador-northam-sobre-la-distribucion-de-vacunas\\\/\",\"name\":\"Carta al Gobernador Northam sobre la distribuci\u00f3n de vacunas - Legal Aid Justice Center\",\"isPartOf\":{\"@id\":\"https:\\\/\\\/www.justice4all.org\\\/es\\\/#website\"},\"datePublished\":\"2020-12-21T13:03:01+00:00\",\"breadcrumb\":{\"@id\":\"https:\\\/\\\/www.justice4all.org\\\/es\\\/news\\\/carta-al-gobernador-northam-sobre-la-distribucion-de-vacunas\\\/#breadcrumb\"},\"inLanguage\":\"es\",\"potentialAction\":[{\"@type\":\"ReadAction\",\"target\":[\"https:\\\/\\\/www.justice4all.org\\\/es\\\/news\\\/carta-al-gobernador-northam-sobre-la-distribucion-de-vacunas\\\/\"]}]},{\"@type\":\"BreadcrumbList\",\"@id\":\"https:\\\/\\\/www.justice4all.org\\\/es\\\/news\\\/carta-al-gobernador-northam-sobre-la-distribucion-de-vacunas\\\/#breadcrumb\",\"itemListElement\":[{\"@type\":\"ListItem\",\"position\":1,\"name\":\"Home\",\"item\":\"https:\\\/\\\/www.justice4all.org\\\/es\\\/\"},{\"@type\":\"ListItem\",\"position\":2,\"name\":\"Carta al Gobernador Northam sobre la distribuci\u00f3n de vacunas\"}]},{\"@type\":\"WebSite\",\"@id\":\"https:\\\/\\\/www.justice4all.org\\\/es\\\/#website\",\"url\":\"https:\\\/\\\/www.justice4all.org\\\/es\\\/\",\"name\":\"Legal Aid Justice Center\",\"description\":\"\",\"potentialAction\":[{\"@type\":\"SearchAction\",\"target\":{\"@type\":\"EntryPoint\",\"urlTemplate\":\"https:\\\/\\\/www.justice4all.org\\\/es\\\/?s={search_term_string}\"},\"query-input\":{\"@type\":\"PropertyValueSpecification\",\"valueRequired\":true,\"valueName\":\"search_term_string\"}}],\"inLanguage\":\"es\"}]}<\/script>\n<!-- \/ Yoast SEO plugin. -->","yoast_head_json":{"title":"Carta al Gobernador Northam sobre la distribuci\u00f3n de vacunas - Legal Aid Justice Center","robots":{"index":"index","follow":"follow","max-snippet":"max-snippet:-1","max-image-preview":"max-image-preview:large","max-video-preview":"max-video-preview:-1"},"canonical":"https:\/\/www.justice4all.org\/es\/news\/carta-al-gobernador-northam-sobre-la-distribucion-de-vacunas\/","og_locale":"es_ES","og_type":"article","og_title":"Carta al Gobernador Northam sobre la distribuci\u00f3n de vacunas - Legal Aid Justice Center","og_description":"Descargue aqu\u00ed una versi\u00f3n en pdf 21 de diciembre de 2020El Honorable Ralph NorthamGobernador de VirginiaApartado de correos 1475Richmond, VA 23218 RE:&nbsp; Garantizar informaci\u00f3n precisa, acceso, garant\u00edas y procesos justos: Los grupos marginados y los planes de distribuci\u00f3n de vacunas COVID-19 de Virginia Estimado Gobernador Northam, En nombre del Legal Aid Justice Center (LAJC), escribo [&hellip;]","og_url":"https:\/\/www.justice4all.org\/es\/news\/carta-al-gobernador-northam-sobre-la-distribucion-de-vacunas\/","og_site_name":"Legal Aid Justice Center","twitter_card":"summary_large_image","twitter_misc":{"Tiempo de lectura":"14 minuto"},"schema":{"@context":"https:\/\/schema.org","@graph":[{"@type":"WebPage","@id":"https:\/\/www.justice4all.org\/es\/news\/carta-al-gobernador-northam-sobre-la-distribucion-de-vacunas\/","url":"https:\/\/www.justice4all.org\/es\/news\/carta-al-gobernador-northam-sobre-la-distribucion-de-vacunas\/","name":"Carta al Gobernador Northam sobre la distribuci\u00f3n de vacunas - Legal Aid Justice Center","isPartOf":{"@id":"https:\/\/www.justice4all.org\/es\/#website"},"datePublished":"2020-12-21T13:03:01+00:00","breadcrumb":{"@id":"https:\/\/www.justice4all.org\/es\/news\/carta-al-gobernador-northam-sobre-la-distribucion-de-vacunas\/#breadcrumb"},"inLanguage":"es","potentialAction":[{"@type":"ReadAction","target":["https:\/\/www.justice4all.org\/es\/news\/carta-al-gobernador-northam-sobre-la-distribucion-de-vacunas\/"]}]},{"@type":"BreadcrumbList","@id":"https:\/\/www.justice4all.org\/es\/news\/carta-al-gobernador-northam-sobre-la-distribucion-de-vacunas\/#breadcrumb","itemListElement":[{"@type":"ListItem","position":1,"name":"Home","item":"https:\/\/www.justice4all.org\/es\/"},{"@type":"ListItem","position":2,"name":"Carta al Gobernador Northam sobre la distribuci\u00f3n de vacunas"}]},{"@type":"WebSite","@id":"https:\/\/www.justice4all.org\/es\/#website","url":"https:\/\/www.justice4all.org\/es\/","name":"Legal Aid Justice Center","description":"","potentialAction":[{"@type":"SearchAction","target":{"@type":"EntryPoint","urlTemplate":"https:\/\/www.justice4all.org\/es\/?s={search_term_string}"},"query-input":{"@type":"PropertyValueSpecification","valueRequired":true,"valueName":"search_term_string"}}],"inLanguage":"es"}]}},"_links":{"self":[{"href":"https:\/\/www.justice4all.org\/es\/wp-json\/wp\/v2\/lajc_news\/13166","targetHints":{"allow":["GET"]}}],"collection":[{"href":"https:\/\/www.justice4all.org\/es\/wp-json\/wp\/v2\/lajc_news"}],"about":[{"href":"https:\/\/www.justice4all.org\/es\/wp-json\/wp\/v2\/types\/lajc_news"}],"author":[{"embeddable":true,"href":"https:\/\/www.justice4all.org\/es\/wp-json\/wp\/v2\/users\/4"}],"version-history":[{"count":0,"href":"https:\/\/www.justice4all.org\/es\/wp-json\/wp\/v2\/lajc_news\/13166\/revisions"}],"wp:attachment":[{"href":"https:\/\/www.justice4all.org\/es\/wp-json\/wp\/v2\/media?parent=13166"}],"wp:term":[{"taxonomy":"lajc-tax-news-type","embeddable":true,"href":"https:\/\/www.justice4all.org\/es\/wp-json\/wp\/v2\/lajc-tax-news-type?post=13166"},{"taxonomy":"lajc-tax-roles","embeddable":true,"href":"https:\/\/www.justice4all.org\/es\/wp-json\/wp\/v2\/lajc-tax-roles?post=13166"},{"taxonomy":"lajc-tax-issues","embeddable":true,"href":"https:\/\/www.justice4all.org\/es\/wp-json\/wp\/v2\/lajc-tax-issues?post=13166"},{"taxonomy":"lajc-tax-locations","embeddable":true,"href":"https:\/\/www.justice4all.org\/es\/wp-json\/wp\/v2\/lajc-tax-locations?post=13166"}],"curies":[{"name":"wp","href":"https:\/\/api.w.org\/{rel}","templated":true}]}}