{"id":13165,"date":"2021-12-13T13:03:14","date_gmt":"2021-12-13T13:03:14","guid":{"rendered":"https:\/\/lajc2023stg.wpengine.com\/news\/demos-la-bienvenida-a-nuestro-nuevo-dep-director-de-operaciones\/"},"modified":"2021-12-13T13:03:14","modified_gmt":"2021-12-13T13:03:14","slug":"demos-la-bienvenida-a-nuestro-nuevo-dep-director-de-operaciones","status":"publish","type":"lajc_news","link":"https:\/\/www.justice4all.org\/es\/news\/demos-la-bienvenida-a-nuestro-nuevo-dep-director-de-operaciones\/","title":{"rendered":"Demos la bienvenida a nuestro nuevo Dep. Director de Operaciones"},"content":{"rendered":"<div class=\"lajc-m-content\"><img decoding=\"async\" width=\"200\" height=\"300\" src=\"https:\/\/www.justice4all.org\/wp-content\/uploads\/2021\/12\/Danielle-headshot-200-x-300.png\" alt=\"\" loading=\"lazy\">\t\t\t\t\t\t\t\t\t\t\t<\/p>\n<p>Nos complace anunciar que Danielle Taylor es nuestra nueva Directora Adjunta de Operaciones. Esta nueva funci\u00f3n dise\u00f1ar\u00e1, construir\u00e1 y supervisar\u00e1 sistemas e infraestructuras para promover un entorno de trabajo saludable y apoyar a nuestros defensores en la consecuci\u00f3n de la misi\u00f3n del LAJC.<\/p>\n<p>Danielle Taylor es una estratega del desarrollo global y activista de derechos humanos que ayuda a las organizaciones a mejorar sus operaciones para maximizar el impacto social. Danielle ha dirigido iniciativas internacionales de derechos humanos de alto riesgo con respetados organismos de desarrollo mundial, como el Centro Carter, la Junta General de Ministerios Mundiales y la Fundaci\u00f3n Girls Gotta Run.<\/p>\n<p>Danielle tiene un m\u00e1ster en Pol\u00edtica Internacional por la Universidad de Georgia y es licenciada por la Universidad Estatal de Luisiana. Su trabajo ha aparecido en numerosas publicaciones y medios de comunicaci\u00f3n, y es conferenciante invitada sobre derechos humanos y diversidad, equidad e inclusi\u00f3n en facultades y universidades. Tras una d\u00e9cada de trabajo internacional, Danielle ha fijado su residencia en Richmond, Virginia, con su pareja y su hijo. Danielle dice de empezar su nuevo papel en LAJC, \u00ab<em>Mientras nuestra naci\u00f3n se enfrenta a su pasado violento y opresivo, es un privilegio formar parte del talentoso y dedicado equipo del LAJC que crea oportunidades y garantiza la protecci\u00f3n de los grupos marginados. Me propongo aprovechar mi experiencia global en operaciones estrat\u00e9gicas y activismo de derechos humanos para desbaratar los sistemas dise\u00f1ados para perpetuar la pobreza contra los grupos raciales y \u00e9tnicos minoritarios.<\/em>\u00bb \u00danase a nosotros para dar la bienvenida a Danielle al equipo del Centro de Justicia y Asistencia Jur\u00eddica.  <\/div>\n","protected":false},"excerpt":{"rendered":"<p>Nos complace anunciar que Danielle Taylor es nuestra nueva Directora Adjunta de Operaciones. Esta nueva funci\u00f3n dise\u00f1ar\u00e1, construir\u00e1 y supervisar\u00e1 sistemas e infraestructuras para promover un entorno de trabajo saludable y apoyar a nuestros defensores en la consecuci\u00f3n de la misi\u00f3n del LAJC. Danielle Taylor es una estratega del desarrollo global y activista de derechos [&hellip;]<\/p>\n","protected":false},"author":4,"featured_media":0,"parent":0,"menu_order":0,"template":"","format":"standard","meta":{"footnotes":""},"lajc-tax-news-type":[],"lajc-tax-roles":[],"lajc-tax-issues":[],"lajc-tax-locations":[],"class_list":["post-13165","lajc_news","type-lajc_news","status-publish","format-standard","hentry"],"acf":[],"yoast_head":"<!-- This site is optimized with the Yoast SEO plugin v27.5 - https:\/\/yoast.com\/product\/yoast-seo-wordpress\/ -->\n<title>Demos la bienvenida a nuestro nuevo Dep. Director de Operaciones - Legal Aid Justice Center<\/title>\n<meta name=\"robots\" content=\"index, follow, max-snippet:-1, max-image-preview:large, max-video-preview:-1\" \/>\n<link rel=\"canonical\" href=\"https:\/\/www.justice4all.org\/es\/news\/demos-la-bienvenida-a-nuestro-nuevo-dep-director-de-operaciones\/\" \/>\n<meta property=\"og:locale\" content=\"es_ES\" \/>\n<meta property=\"og:type\" content=\"article\" \/>\n<meta property=\"og:title\" content=\"Demos la bienvenida a nuestro nuevo Dep. Director de Operaciones - Legal Aid Justice Center\" \/>\n<meta property=\"og:description\" content=\"Nos complace anunciar que Danielle Taylor es nuestra nueva Directora Adjunta de Operaciones. Esta nueva funci\u00f3n dise\u00f1ar\u00e1, construir\u00e1 y supervisar\u00e1 sistemas e infraestructuras para promover un entorno de trabajo saludable y apoyar a nuestros defensores en la consecuci\u00f3n de la misi\u00f3n del LAJC. Danielle Taylor es una estratega del desarrollo global y activista de derechos [&hellip;]\" \/>\n<meta property=\"og:url\" content=\"https:\/\/www.justice4all.org\/es\/news\/demos-la-bienvenida-a-nuestro-nuevo-dep-director-de-operaciones\/\" \/>\n<meta property=\"og:site_name\" content=\"Legal Aid Justice Center\" \/>\n<meta property=\"og:image\" content=\"https:\/\/www.justice4all.org\/wp-content\/uploads\/2021\/12\/Danielle-headshot-200-x-300.png\" \/>\n<meta name=\"twitter:card\" content=\"summary_large_image\" \/>\n<meta name=\"twitter:label1\" content=\"Tiempo de lectura\" \/>\n\t<meta name=\"twitter:data1\" content=\"1 minuto\" \/>\n<script type=\"application\/ld+json\" class=\"yoast-schema-graph\">{\"@context\":\"https:\\\/\\\/schema.org\",\"@graph\":[{\"@type\":\"WebPage\",\"@id\":\"https:\\\/\\\/www.justice4all.org\\\/es\\\/news\\\/demos-la-bienvenida-a-nuestro-nuevo-dep-director-de-operaciones\\\/\",\"url\":\"https:\\\/\\\/www.justice4all.org\\\/es\\\/news\\\/demos-la-bienvenida-a-nuestro-nuevo-dep-director-de-operaciones\\\/\",\"name\":\"Demos la bienvenida a nuestro nuevo Dep. Director de Operaciones - Legal Aid Justice Center\",\"isPartOf\":{\"@id\":\"https:\\\/\\\/www.justice4all.org\\\/es\\\/#website\"},\"primaryImageOfPage\":{\"@id\":\"https:\\\/\\\/www.justice4all.org\\\/es\\\/news\\\/demos-la-bienvenida-a-nuestro-nuevo-dep-director-de-operaciones\\\/#primaryimage\"},\"image\":{\"@id\":\"https:\\\/\\\/www.justice4all.org\\\/es\\\/news\\\/demos-la-bienvenida-a-nuestro-nuevo-dep-director-de-operaciones\\\/#primaryimage\"},\"thumbnailUrl\":\"https:\\\/\\\/www.justice4all.org\\\/wp-content\\\/uploads\\\/2021\\\/12\\\/Danielle-headshot-200-x-300.png\",\"datePublished\":\"2021-12-13T13:03:14+00:00\",\"breadcrumb\":{\"@id\":\"https:\\\/\\\/www.justice4all.org\\\/es\\\/news\\\/demos-la-bienvenida-a-nuestro-nuevo-dep-director-de-operaciones\\\/#breadcrumb\"},\"inLanguage\":\"es\",\"potentialAction\":[{\"@type\":\"ReadAction\",\"target\":[\"https:\\\/\\\/www.justice4all.org\\\/es\\\/news\\\/demos-la-bienvenida-a-nuestro-nuevo-dep-director-de-operaciones\\\/\"]}]},{\"@type\":\"ImageObject\",\"inLanguage\":\"es\",\"@id\":\"https:\\\/\\\/www.justice4all.org\\\/es\\\/news\\\/demos-la-bienvenida-a-nuestro-nuevo-dep-director-de-operaciones\\\/#primaryimage\",\"url\":\"https:\\\/\\\/www.justice4all.org\\\/wp-content\\\/uploads\\\/2021\\\/12\\\/Danielle-headshot-200-x-300.png\",\"contentUrl\":\"https:\\\/\\\/www.justice4all.org\\\/wp-content\\\/uploads\\\/2021\\\/12\\\/Danielle-headshot-200-x-300.png\"},{\"@type\":\"BreadcrumbList\",\"@id\":\"https:\\\/\\\/www.justice4all.org\\\/es\\\/news\\\/demos-la-bienvenida-a-nuestro-nuevo-dep-director-de-operaciones\\\/#breadcrumb\",\"itemListElement\":[{\"@type\":\"ListItem\",\"position\":1,\"name\":\"Home\",\"item\":\"https:\\\/\\\/www.justice4all.org\\\/es\\\/\"},{\"@type\":\"ListItem\",\"position\":2,\"name\":\"Demos la bienvenida a nuestro nuevo Dep. Director de Operaciones\"}]},{\"@type\":\"WebSite\",\"@id\":\"https:\\\/\\\/www.justice4all.org\\\/es\\\/#website\",\"url\":\"https:\\\/\\\/www.justice4all.org\\\/es\\\/\",\"name\":\"Legal Aid Justice Center\",\"description\":\"\",\"potentialAction\":[{\"@type\":\"SearchAction\",\"target\":{\"@type\":\"EntryPoint\",\"urlTemplate\":\"https:\\\/\\\/www.justice4all.org\\\/es\\\/?s={search_term_string}\"},\"query-input\":{\"@type\":\"PropertyValueSpecification\",\"valueRequired\":true,\"valueName\":\"search_term_string\"}}],\"inLanguage\":\"es\"}]}<\/script>\n<!-- \/ Yoast SEO plugin. -->","yoast_head_json":{"title":"Demos la bienvenida a nuestro nuevo Dep. Director de Operaciones - Legal Aid Justice Center","robots":{"index":"index","follow":"follow","max-snippet":"max-snippet:-1","max-image-preview":"max-image-preview:large","max-video-preview":"max-video-preview:-1"},"canonical":"https:\/\/www.justice4all.org\/es\/news\/demos-la-bienvenida-a-nuestro-nuevo-dep-director-de-operaciones\/","og_locale":"es_ES","og_type":"article","og_title":"Demos la bienvenida a nuestro nuevo Dep. Director de Operaciones - Legal Aid Justice Center","og_description":"Nos complace anunciar que Danielle Taylor es nuestra nueva Directora Adjunta de Operaciones. Esta nueva funci\u00f3n dise\u00f1ar\u00e1, construir\u00e1 y supervisar\u00e1 sistemas e infraestructuras para promover un entorno de trabajo saludable y apoyar a nuestros defensores en la consecuci\u00f3n de la misi\u00f3n del LAJC. Danielle Taylor es una estratega del desarrollo global y activista de derechos [&hellip;]","og_url":"https:\/\/www.justice4all.org\/es\/news\/demos-la-bienvenida-a-nuestro-nuevo-dep-director-de-operaciones\/","og_site_name":"Legal Aid Justice Center","og_image":[{"url":"https:\/\/www.justice4all.org\/wp-content\/uploads\/2021\/12\/Danielle-headshot-200-x-300.png","type":"","width":"","height":""}],"twitter_card":"summary_large_image","twitter_misc":{"Tiempo de lectura":"1 minuto"},"schema":{"@context":"https:\/\/schema.org","@graph":[{"@type":"WebPage","@id":"https:\/\/www.justice4all.org\/es\/news\/demos-la-bienvenida-a-nuestro-nuevo-dep-director-de-operaciones\/","url":"https:\/\/www.justice4all.org\/es\/news\/demos-la-bienvenida-a-nuestro-nuevo-dep-director-de-operaciones\/","name":"Demos la bienvenida a nuestro nuevo Dep. Director de Operaciones - Legal Aid Justice Center","isPartOf":{"@id":"https:\/\/www.justice4all.org\/es\/#website"},"primaryImageOfPage":{"@id":"https:\/\/www.justice4all.org\/es\/news\/demos-la-bienvenida-a-nuestro-nuevo-dep-director-de-operaciones\/#primaryimage"},"image":{"@id":"https:\/\/www.justice4all.org\/es\/news\/demos-la-bienvenida-a-nuestro-nuevo-dep-director-de-operaciones\/#primaryimage"},"thumbnailUrl":"https:\/\/www.justice4all.org\/wp-content\/uploads\/2021\/12\/Danielle-headshot-200-x-300.png","datePublished":"2021-12-13T13:03:14+00:00","breadcrumb":{"@id":"https:\/\/www.justice4all.org\/es\/news\/demos-la-bienvenida-a-nuestro-nuevo-dep-director-de-operaciones\/#breadcrumb"},"inLanguage":"es","potentialAction":[{"@type":"ReadAction","target":["https:\/\/www.justice4all.org\/es\/news\/demos-la-bienvenida-a-nuestro-nuevo-dep-director-de-operaciones\/"]}]},{"@type":"ImageObject","inLanguage":"es","@id":"https:\/\/www.justice4all.org\/es\/news\/demos-la-bienvenida-a-nuestro-nuevo-dep-director-de-operaciones\/#primaryimage","url":"https:\/\/www.justice4all.org\/wp-content\/uploads\/2021\/12\/Danielle-headshot-200-x-300.png","contentUrl":"https:\/\/www.justice4all.org\/wp-content\/uploads\/2021\/12\/Danielle-headshot-200-x-300.png"},{"@type":"BreadcrumbList","@id":"https:\/\/www.justice4all.org\/es\/news\/demos-la-bienvenida-a-nuestro-nuevo-dep-director-de-operaciones\/#breadcrumb","itemListElement":[{"@type":"ListItem","position":1,"name":"Home","item":"https:\/\/www.justice4all.org\/es\/"},{"@type":"ListItem","position":2,"name":"Demos la bienvenida a nuestro nuevo Dep. Director de Operaciones"}]},{"@type":"WebSite","@id":"https:\/\/www.justice4all.org\/es\/#website","url":"https:\/\/www.justice4all.org\/es\/","name":"Legal Aid Justice Center","description":"","potentialAction":[{"@type":"SearchAction","target":{"@type":"EntryPoint","urlTemplate":"https:\/\/www.justice4all.org\/es\/?s={search_term_string}"},"query-input":{"@type":"PropertyValueSpecification","valueRequired":true,"valueName":"search_term_string"}}],"inLanguage":"es"}]}},"_links":{"self":[{"href":"https:\/\/www.justice4all.org\/es\/wp-json\/wp\/v2\/lajc_news\/13165","targetHints":{"allow":["GET"]}}],"collection":[{"href":"https:\/\/www.justice4all.org\/es\/wp-json\/wp\/v2\/lajc_news"}],"about":[{"href":"https:\/\/www.justice4all.org\/es\/wp-json\/wp\/v2\/types\/lajc_news"}],"author":[{"embeddable":true,"href":"https:\/\/www.justice4all.org\/es\/wp-json\/wp\/v2\/users\/4"}],"version-history":[{"count":0,"href":"https:\/\/www.justice4all.org\/es\/wp-json\/wp\/v2\/lajc_news\/13165\/revisions"}],"wp:attachment":[{"href":"https:\/\/www.justice4all.org\/es\/wp-json\/wp\/v2\/media?parent=13165"}],"wp:term":[{"taxonomy":"lajc-tax-news-type","embeddable":true,"href":"https:\/\/www.justice4all.org\/es\/wp-json\/wp\/v2\/lajc-tax-news-type?post=13165"},{"taxonomy":"lajc-tax-roles","embeddable":true,"href":"https:\/\/www.justice4all.org\/es\/wp-json\/wp\/v2\/lajc-tax-roles?post=13165"},{"taxonomy":"lajc-tax-issues","embeddable":true,"href":"https:\/\/www.justice4all.org\/es\/wp-json\/wp\/v2\/lajc-tax-issues?post=13165"},{"taxonomy":"lajc-tax-locations","embeddable":true,"href":"https:\/\/www.justice4all.org\/es\/wp-json\/wp\/v2\/lajc-tax-locations?post=13165"}],"curies":[{"name":"wp","href":"https:\/\/api.w.org\/{rel}","templated":true}]}}