{"id":13159,"date":"2021-12-14T09:11:20","date_gmt":"2021-12-14T09:11:20","guid":{"rendered":"https:\/\/lajc2023stg.wpengine.com\/news\/nuestra-carta-instando-al-cierre-de-ica-farmville\/"},"modified":"2021-12-14T09:11:20","modified_gmt":"2021-12-14T09:11:20","slug":"nuestra-carta-instando-al-cierre-de-ica-farmville","status":"publish","type":"lajc_news","link":"https:\/\/www.justice4all.org\/es\/news\/nuestra-carta-instando-al-cierre-de-ica-farmville\/","title":{"rendered":"Nuestra carta instando al cierre de ICA-Farmville"},"content":{"rendered":"<div class=\"lajc-m-content\">Hoy,<b>109<\/b> organizaciones&nbsp;, coaliciones y bufetes de abogados de Virginia y de todo el pa\u00eds, incluyendo LAJC, se unieron para exigir que el Secretario de Seguridad Nacional Alejandro Mayorkas <b>cierre el centro de detenci\u00f3n privatizado de ICE en Farmville, Virginia y libere a todos los inmigrantes detenidos.<a href=\"https:\/\/www.justice4all.org\/end-ice-in-farmville\/\">Puede leer la carta aqu\u00ed.<\/a><\/b><\/p>\n<p>Durante m\u00e1s de una d\u00e9cada, Farmville ha sido un lugar de abuso, maltrato y negligencia m\u00e9dica bien documentados de inmigrantes bajo custodia.Despu\u00e9s de que el ICE y los operadores privados de las instalaciones gestionaran terriblemente mal un brote de COVID-19 en julio de 2020, que provoc\u00f3<a href=\"https:\/\/www.washingtonpost.com\/coronavirus\/ice-air-farmville-protests-covid\/2020\/09\/11\/f70ebe1e-e861-11ea-bc79-834454439a44_story.html\">cientos de enfermedades graves y una muerte<\/a>, a<a href=\"https:\/\/www.wric.com\/news\/virginia-news\/former-detainee-at-farmvilles-ice-facility-claims-covid-19-fears-pushed-him-to-consider-deportation\/\">un tribunal federal orden\u00f3 el cierre del centro a nuevos ingresos<\/a>La poblaci\u00f3n del centro -normalmente superior a 700 personas- se ha reducido a 12. Sin embargo, el ICE sigue pagando decenas de miles de d\u00f3lares a la empresa privada propietaria del centro de Farmville.Pero el ICE sigue pagando decenas de miles de d\u00f3lares a la empresa privada propietaria del centro de Farmville, con el fin de reanudar las operaciones de detenci\u00f3n de inmigrantes a gran escala una vez que termine la pandemia.<\/p>\n<p>\u00ab<i>Las firmas de esta carta demuestran que nuestras comunidades est\u00e1n unidas para exigir el fin de las violaciones de los derechos humanos en Farmville<\/i>\u00ab, declar\u00f3&nbsp;Flor&nbsp;L\u00f3pez Trejo, organizador comunitario del Centro de Justicia de Asistencia Jur\u00eddica.\u00bb<i>No debe permitirse que el centro de detenci\u00f3n de Farmville maltrate a un inmigrante m\u00e1s, rompa una familia m\u00e1s o se cobre una vida m\u00e1s.Todos los detenidos en Farmville deben ser puestos en<\/i>libertad\u00bb<i>.<\/i>&nbsp;<\/p>\n<p>\u00ab<i>El Secretario Mayorkas ha declarado ante el Congreso que est\u00e1 &#8216;<\/i><a href=\"https:\/\/thehill.com\/policy\/national-security\/555551-mayorkas-defends-trump-era-covid-policy-immigration-enforcement?rl=1\"><br \/>\n  <i>preocupado por el uso excesivo de la detenci\u00f3n, cuando las alternativas a la detenci\u00f3n ser\u00edan suficientes<\/i><br \/>\n<\/a>\u00ab<i>,<\/i>dijo M\u00f3nica Sarmiento, directora ejecutiva de la Coalici\u00f3n de Virginia por los Derechos de los Inmigrantes (VACIR). \u00ab<i>Nuestra coalici\u00f3n considera que el cierre del Centro de Detenci\u00f3n de Farmville es un paso necesario para que el Presidente Biden rompa significativamente con las pol\u00edticas de inmigraci\u00f3n de su predecesor.<\/i>\u00bb&nbsp;<\/p>\n<p>\u00ab<i>Si el Secretario Mayorkas se toma en serio la idea de detener a menos inmigrantes y aportar una medida de humanidad a un sistema que no funciona, el cierre de Farmville es la mejor manera de empezar<\/i>\u00ab, dijo Simon Sandoval-Moshenberg, Director Jur\u00eddico del Programa de Defensa de los Inmigrantes del Centro de Justicia de Asistencia Jur\u00eddica.\u00bb<i>Durante su campa\u00f1a, el presidente Biden prometi\u00f3 acabar con la detenci\u00f3n y el encarcelamiento privatizados.El secretario Mayorkas puede cancelar este contrato de detenci\u00f3n privada de un plumazo.\u00bfPor qu\u00e9 no lo ha hecho todav\u00eda?<\/i>\u00ab.&nbsp;<\/p>\n<p>Incluso con la orden judicial de poner fin a la admisi\u00f3n en Farmville,&nbsp;El ICE&nbsp;todav\u00eda&nbsp;mantiene un exceso de capacidad de detenci\u00f3n&nbsp;&nbsp; en Virginia.&nbsp;El ICE gestiona un&nbsp;centro de detenci\u00f3n m\u00e1s peque\u00f1o en el cercano condado de Caroline&nbsp;que el ICE utiliza actualmente para detener&nbsp;no s\u00f3lo&nbsp;inmigrantes&nbsp;de Virginia&nbsp;y Washington, DC,&nbsp;sino tambi\u00e9n decenas&nbsp;tra\u00eddos a&nbsp;aqu\u00ed&nbsp;desde la frontera entre Estados Unidos y M\u00e9xico.&nbsp;Por esta raz\u00f3n,&nbsp;El cierre del centro de Farmville no provocar\u00eda que el ICE enviara a un gran n\u00famero de inmigrantes de Virginia a centros de detenci\u00f3n de otros estados.&nbsp;EnLas <b>109<\/b>organizaciones firmantes de la carta enviada hoy a Mayorkas solicitan una reuni\u00f3n con el personal pol\u00edtico del DHS y el ICE, para explicar sus razones por las que el centro de Farmville debe cerrarse y la docena de inmigrantes detenidos en \u00e9l deben ser puestos en libertad.&nbsp;<\/p>\n<\/div>\n","protected":false},"excerpt":{"rendered":"<p>Hoy,109 organizaciones&nbsp;, coaliciones y bufetes de abogados de Virginia y de todo el pa\u00eds, incluyendo LAJC, se unieron para exigir que el Secretario de Seguridad Nacional Alejandro Mayorkas cierre el centro de detenci\u00f3n privatizado de ICE en Farmville, Virginia y libere a todos los inmigrantes detenidos.Puede leer la carta aqu\u00ed. Durante m\u00e1s de una d\u00e9cada, [&hellip;]<\/p>\n","protected":false},"author":4,"featured_media":0,"parent":0,"menu_order":0,"template":"","format":"standard","meta":{"footnotes":""},"lajc-tax-news-type":[],"lajc-tax-roles":[],"lajc-tax-issues":[81],"lajc-tax-locations":[],"class_list":["post-13159","lajc_news","type-lajc_news","status-publish","format-standard","hentry","lajc-tax-issues-immigration-es"],"acf":[],"yoast_head":"<!-- This site is optimized with the Yoast SEO plugin v27.4 - https:\/\/yoast.com\/product\/yoast-seo-wordpress\/ -->\n<title>Nuestra carta instando al cierre de ICA-Farmville - Legal Aid Justice Center<\/title>\n<meta name=\"robots\" content=\"index, follow, max-snippet:-1, max-image-preview:large, max-video-preview:-1\" \/>\n<link rel=\"canonical\" href=\"https:\/\/www.justice4all.org\/es\/news\/nuestra-carta-instando-al-cierre-de-ica-farmville\/\" \/>\n<meta property=\"og:locale\" content=\"es_ES\" \/>\n<meta property=\"og:type\" content=\"article\" \/>\n<meta property=\"og:title\" content=\"Nuestra carta instando al cierre de ICA-Farmville - Legal Aid Justice Center\" \/>\n<meta property=\"og:description\" content=\"Hoy,109 organizaciones&nbsp;, coaliciones y bufetes de abogados de Virginia y de todo el pa\u00eds, incluyendo LAJC, se unieron para exigir que el Secretario de Seguridad Nacional Alejandro Mayorkas cierre el centro de detenci\u00f3n privatizado de ICE en Farmville, Virginia y libere a todos los inmigrantes detenidos.Puede leer la carta aqu\u00ed. Durante m\u00e1s de una d\u00e9cada, [&hellip;]\" \/>\n<meta property=\"og:url\" content=\"https:\/\/www.justice4all.org\/es\/news\/nuestra-carta-instando-al-cierre-de-ica-farmville\/\" \/>\n<meta property=\"og:site_name\" content=\"Legal Aid Justice Center\" \/>\n<meta name=\"twitter:card\" content=\"summary_large_image\" \/>\n<meta name=\"twitter:label1\" content=\"Tiempo de lectura\" \/>\n\t<meta name=\"twitter:data1\" content=\"3 minuto\" \/>\n<script type=\"application\/ld+json\" class=\"yoast-schema-graph\">{\"@context\":\"https:\\\/\\\/schema.org\",\"@graph\":[{\"@type\":\"WebPage\",\"@id\":\"https:\\\/\\\/www.justice4all.org\\\/es\\\/news\\\/nuestra-carta-instando-al-cierre-de-ica-farmville\\\/\",\"url\":\"https:\\\/\\\/www.justice4all.org\\\/es\\\/news\\\/nuestra-carta-instando-al-cierre-de-ica-farmville\\\/\",\"name\":\"Nuestra carta instando al cierre de ICA-Farmville - Legal Aid Justice Center\",\"isPartOf\":{\"@id\":\"https:\\\/\\\/www.justice4all.org\\\/es\\\/#website\"},\"datePublished\":\"2021-12-14T09:11:20+00:00\",\"breadcrumb\":{\"@id\":\"https:\\\/\\\/www.justice4all.org\\\/es\\\/news\\\/nuestra-carta-instando-al-cierre-de-ica-farmville\\\/#breadcrumb\"},\"inLanguage\":\"es\",\"potentialAction\":[{\"@type\":\"ReadAction\",\"target\":[\"https:\\\/\\\/www.justice4all.org\\\/es\\\/news\\\/nuestra-carta-instando-al-cierre-de-ica-farmville\\\/\"]}]},{\"@type\":\"BreadcrumbList\",\"@id\":\"https:\\\/\\\/www.justice4all.org\\\/es\\\/news\\\/nuestra-carta-instando-al-cierre-de-ica-farmville\\\/#breadcrumb\",\"itemListElement\":[{\"@type\":\"ListItem\",\"position\":1,\"name\":\"Home\",\"item\":\"https:\\\/\\\/www.justice4all.org\\\/es\\\/\"},{\"@type\":\"ListItem\",\"position\":2,\"name\":\"Nuestra carta instando al cierre de ICA-Farmville\"}]},{\"@type\":\"WebSite\",\"@id\":\"https:\\\/\\\/www.justice4all.org\\\/es\\\/#website\",\"url\":\"https:\\\/\\\/www.justice4all.org\\\/es\\\/\",\"name\":\"Legal Aid Justice Center\",\"description\":\"\",\"potentialAction\":[{\"@type\":\"SearchAction\",\"target\":{\"@type\":\"EntryPoint\",\"urlTemplate\":\"https:\\\/\\\/www.justice4all.org\\\/es\\\/?s={search_term_string}\"},\"query-input\":{\"@type\":\"PropertyValueSpecification\",\"valueRequired\":true,\"valueName\":\"search_term_string\"}}],\"inLanguage\":\"es\"}]}<\/script>\n<!-- \/ Yoast SEO plugin. -->","yoast_head_json":{"title":"Nuestra carta instando al cierre de ICA-Farmville - Legal Aid Justice Center","robots":{"index":"index","follow":"follow","max-snippet":"max-snippet:-1","max-image-preview":"max-image-preview:large","max-video-preview":"max-video-preview:-1"},"canonical":"https:\/\/www.justice4all.org\/es\/news\/nuestra-carta-instando-al-cierre-de-ica-farmville\/","og_locale":"es_ES","og_type":"article","og_title":"Nuestra carta instando al cierre de ICA-Farmville - Legal Aid Justice Center","og_description":"Hoy,109 organizaciones&nbsp;, coaliciones y bufetes de abogados de Virginia y de todo el pa\u00eds, incluyendo LAJC, se unieron para exigir que el Secretario de Seguridad Nacional Alejandro Mayorkas cierre el centro de detenci\u00f3n privatizado de ICE en Farmville, Virginia y libere a todos los inmigrantes detenidos.Puede leer la carta aqu\u00ed. Durante m\u00e1s de una d\u00e9cada, [&hellip;]","og_url":"https:\/\/www.justice4all.org\/es\/news\/nuestra-carta-instando-al-cierre-de-ica-farmville\/","og_site_name":"Legal Aid Justice Center","twitter_card":"summary_large_image","twitter_misc":{"Tiempo de lectura":"3 minuto"},"schema":{"@context":"https:\/\/schema.org","@graph":[{"@type":"WebPage","@id":"https:\/\/www.justice4all.org\/es\/news\/nuestra-carta-instando-al-cierre-de-ica-farmville\/","url":"https:\/\/www.justice4all.org\/es\/news\/nuestra-carta-instando-al-cierre-de-ica-farmville\/","name":"Nuestra carta instando al cierre de ICA-Farmville - Legal Aid Justice Center","isPartOf":{"@id":"https:\/\/www.justice4all.org\/es\/#website"},"datePublished":"2021-12-14T09:11:20+00:00","breadcrumb":{"@id":"https:\/\/www.justice4all.org\/es\/news\/nuestra-carta-instando-al-cierre-de-ica-farmville\/#breadcrumb"},"inLanguage":"es","potentialAction":[{"@type":"ReadAction","target":["https:\/\/www.justice4all.org\/es\/news\/nuestra-carta-instando-al-cierre-de-ica-farmville\/"]}]},{"@type":"BreadcrumbList","@id":"https:\/\/www.justice4all.org\/es\/news\/nuestra-carta-instando-al-cierre-de-ica-farmville\/#breadcrumb","itemListElement":[{"@type":"ListItem","position":1,"name":"Home","item":"https:\/\/www.justice4all.org\/es\/"},{"@type":"ListItem","position":2,"name":"Nuestra carta instando al cierre de ICA-Farmville"}]},{"@type":"WebSite","@id":"https:\/\/www.justice4all.org\/es\/#website","url":"https:\/\/www.justice4all.org\/es\/","name":"Legal Aid Justice Center","description":"","potentialAction":[{"@type":"SearchAction","target":{"@type":"EntryPoint","urlTemplate":"https:\/\/www.justice4all.org\/es\/?s={search_term_string}"},"query-input":{"@type":"PropertyValueSpecification","valueRequired":true,"valueName":"search_term_string"}}],"inLanguage":"es"}]}},"_links":{"self":[{"href":"https:\/\/www.justice4all.org\/es\/wp-json\/wp\/v2\/lajc_news\/13159","targetHints":{"allow":["GET"]}}],"collection":[{"href":"https:\/\/www.justice4all.org\/es\/wp-json\/wp\/v2\/lajc_news"}],"about":[{"href":"https:\/\/www.justice4all.org\/es\/wp-json\/wp\/v2\/types\/lajc_news"}],"author":[{"embeddable":true,"href":"https:\/\/www.justice4all.org\/es\/wp-json\/wp\/v2\/users\/4"}],"version-history":[{"count":0,"href":"https:\/\/www.justice4all.org\/es\/wp-json\/wp\/v2\/lajc_news\/13159\/revisions"}],"wp:attachment":[{"href":"https:\/\/www.justice4all.org\/es\/wp-json\/wp\/v2\/media?parent=13159"}],"wp:term":[{"taxonomy":"lajc-tax-news-type","embeddable":true,"href":"https:\/\/www.justice4all.org\/es\/wp-json\/wp\/v2\/lajc-tax-news-type?post=13159"},{"taxonomy":"lajc-tax-roles","embeddable":true,"href":"https:\/\/www.justice4all.org\/es\/wp-json\/wp\/v2\/lajc-tax-roles?post=13159"},{"taxonomy":"lajc-tax-issues","embeddable":true,"href":"https:\/\/www.justice4all.org\/es\/wp-json\/wp\/v2\/lajc-tax-issues?post=13159"},{"taxonomy":"lajc-tax-locations","embeddable":true,"href":"https:\/\/www.justice4all.org\/es\/wp-json\/wp\/v2\/lajc-tax-locations?post=13159"}],"curies":[{"name":"wp","href":"https:\/\/api.w.org\/{rel}","templated":true}]}}