{"id":13149,"date":"2023-02-25T11:57:00","date_gmt":"2023-02-25T11:57:00","guid":{"rendered":"https:\/\/lajc2023stg.wpengine.com\/news\/actualidad-de-la-asamblea-general-fin-de-la-sesion\/"},"modified":"2023-02-25T11:57:00","modified_gmt":"2023-02-25T11:57:00","slug":"actualidad-de-la-asamblea-general-fin-de-la-sesion","status":"publish","type":"lajc_news","link":"https:\/\/www.justice4all.org\/es\/news\/actualidad-de-la-asamblea-general-fin-de-la-sesion\/","title":{"rendered":"Actualidad de la Asamblea General - Fin de la sesi\u00f3n"},"content":{"rendered":"<div class=\"lajc-m-content\"><img loading=\"lazy\" decoding=\"async\" src=\"https:\/\/www.justice4all.org\/wp-content\/uploads\/2023\/04\/DESIGN_End-of-Legislative-Session-2023_3-1024x384.jpg\" sizes=\"auto, (max-width: 1024px) 100vw, 1024px\" srcset=\"https:\/\/www.justice4all.org\/wp-content\/uploads\/2023\/04\/DESIGN_End-of-Legislative-Session-2023_3-1024x384.jpg 1024w, https:\/\/www.justice4all.org\/wp-content\/uploads\/2023\/04\/DESIGN_End-of-Legislative-Session-2023_3-300x112.jpg 300w, https:\/\/www.justice4all.org\/wp-content\/uploads\/2023\/04\/DESIGN_End-of-Legislative-Session-2023_3-768x288.jpg 768w, https:\/\/www.justice4all.org\/wp-content\/uploads\/2023\/04\/DESIGN_End-of-Legislative-Session-2023_3-1536x576.jpg 1536w, https:\/\/www.justice4all.org\/wp-content\/uploads\/2023\/04\/DESIGN_End-of-Legislative-Session-2023_3-2048x768.jpg 2048w\" alt=\"\" width=\"1024\" height=\"384\"><\/p>\n<p><strong>El s\u00e1bado 25 de febrero marc\u00f3 lo que se conoce como \u00abSine Die\u00bb en la Asamblea General de Virginia, el \u00faltimo d\u00eda de la sesi\u00f3n ordinaria de 2023.<\/strong><\/p>\n<p>Durante los 46 d\u00edas de sesi\u00f3n se escucharon y debatieron miles de proyectos de ley. El equipo de LAJC trabaj\u00f3 incansablemente para evitar el retroceso de los derechos de nuestras comunidades y para impulsar el progreso durante este intenso y a veces pol\u00e9mico proceso. Organizamos ruedas de prensa, testificamos sobre proyectos de ley, asistimos a jornadas de cabildeo con miembros de la comunidad y organizaciones asociadas, nos reunimos con legisladores y partes interesadas, y pusimos en contacto a personas con sus representantes para defender cuestiones que afectan a sus vidas.<\/p>\n<p><img loading=\"lazy\" decoding=\"async\" src=\"https:\/\/www.justice4all.org\/wp-content\/uploads\/2023\/04\/MicrosoftTeams-image-_3_.jpeg\" sizes=\"auto, (max-width: 1024px) 100vw, 1024px\" srcset=\"https:\/\/www.justice4all.org\/wp-content\/uploads\/2023\/04\/MicrosoftTeams-image-_3_.jpeg 1024w, https:\/\/www.justice4all.org\/wp-content\/uploads\/2023\/04\/MicrosoftTeams-image-_3_-300x169.jpeg 300w, https:\/\/www.justice4all.org\/wp-content\/uploads\/2023\/04\/MicrosoftTeams-image-_3_-768x432.jpeg 768w\" alt=\"\" width=\"1024\" height=\"576\"><\/p>\n<p><em>Personal del LAJC y miembros de la comunidad en el d\u00eda de cabildeo de Justice Forward VA<\/em><\/p>\n<p><img loading=\"lazy\" decoding=\"async\" src=\"https:\/\/www.justice4all.org\/wp-content\/uploads\/2023\/04\/MicrosoftTeams-image-_18_-1024x576.jpeg\" sizes=\"auto, (max-width: 1024px) 100vw, 1024px\" srcset=\"https:\/\/www.justice4all.org\/wp-content\/uploads\/2023\/04\/MicrosoftTeams-image-_18_-1024x576.jpeg 1024w, https:\/\/www.justice4all.org\/wp-content\/uploads\/2023\/04\/MicrosoftTeams-image-_18_-300x169.jpeg 300w, https:\/\/www.justice4all.org\/wp-content\/uploads\/2023\/04\/MicrosoftTeams-image-_18_-768x432.jpeg 768w, https:\/\/www.justice4all.org\/wp-content\/uploads\/2023\/04\/MicrosoftTeams-image-_18_.jpeg 1200w\" alt=\"\" width=\"1024\" height=\"576\"><\/p>\n<p><em>Fallon Speaker, Director del Programa de Justicia Juvenil, presentando la conferencia de prensa de la Coalici\u00f3n Fund Our Schools en respuesta a las propuestas presupuestarias de la C\u00e1mara de Representantes y el Senado.<\/em><\/p>\n<p><strong>Gran parte de nuestro trabajo en esta sesi\u00f3n ha sido defensivo.<\/strong> Hemos luchado con \u00e9xito contra proyectos de ley que habr\u00edan restablecido <a href=\"https:\/\/r20.rs6.net\/tn.jsp?f=001xBj-ELzAY3RAgZQ8mdfdPJv0-j-Rmwz28cnaMzTLkEQlhnmn8HbNUfIB1VX580bsTzjDzPL2BpaeGeeBhnlQX9OnWQyEUWtEl16w-CkpRE4_f2vOwem0IgtLAJ6uXAKs5Gej0JYLk4JWTnth0vq3GpYRFV4C-TsnOClvP_XaQ_pd2bQm98OalfaPe3yM9FCb&amp;c=t2pSP6Adfl-IvQuklLageSGFaFCpipZY9kqk6Upccuvw4Q4cRrLx8w==&amp;ch=P4ZntXL_nEPZDhZco2HCTXS0aR1AMosRbvhCy1FJLTwIubmBn0qw4A==\">presunciones injustas contra la libertad bajo fianza<\/a>, <a href=\"https:\/\/r20.rs6.net\/tn.jsp?f=001xBj-ELzAY3RAgZQ8mdfdPJv0-j-Rmwz28cnaMzTLkEQlhnmn8HbNUYg6jmJXtYz8e1yWM2cQ7wVF4Xjn-vR25VazagRqdZbI9uonCkCXxWk7VyIDzNXKp38sD2LKGxMzcpcfEcWv0ksi6I0NXjvqp7I24Q9sB-l4F87eUqdCsUG57E3zHWZRzCGUQQyQbVCf552wJGxenw6mrWJiMP2Dlmhhas82uiCj&amp;c=t2pSP6Adfl-IvQuklLageSGFaFCpipZY9kqk6Upccuvw4Q4cRrLx8w==&amp;ch=P4ZntXL_nEPZDhZco2HCTXS0aR1AMosRbvhCy1FJLTwIubmBn0qw4A==\">eliminado las protecciones de los inquilinos para los que se ven obligados a llamar \u00abhogar\u00bb a un motel<\/a> y<a href=\"https:\/\/r20.rs6.net\/tn.jsp?f=001xBj-ELzAY3RAgZQ8mdfdPJv0-j-Rmwz28cnaMzTLkEQlhnmn8HbNUYg6jmJXtYz8gt8aA-6YxJ1nXp952KaM_f0zdwIlekMRc9D7sxeeeFMM3BFV56wB4F_vVplRm6xL9yhbWJjuVPN4rBEYPkT8fmKoB50yLvLLrV_de5C2ik8Q9TAH3asZVCGSMCYZb-bccxZUDeUjHPw=&amp;c=t2pSP6Adfl-IvQuklLageSGFaFCpipZY9kqk6Upccuvw4Q4cRrLx8w==&amp;ch=P4ZntXL_nEPZDhZco2HCTXS0aR1AMosRbvhCy1FJLTwIubmBn0qw4A==\"> aumentado la vigilancia policial en nuestras escuelas<\/a>. Tambi\u00e9n contribuimos a detener proyectos de ley que revocaban la prohibici\u00f3n de <a href=\"https:\/\/r20.rs6.net\/tn.jsp?f=001xBj-ELzAY3RAgZQ8mdfdPJv0-j-Rmwz28cnaMzTLkEQlhnmn8HbNUYg6jmJXtYz8dFae5gE-Z7EYaQxGiTSAysb6SvsdXE05xKyqCc65lcS-U3pX2U5unuCsOJNhaBonSsJ-LzLC9AReaxBvNlMvm0mUjp0MBzBfP-bN3bK2fjh9Q87_3WNBM4n90stmoqG11pWmipihAvCWpJR5SGbkWBWbq1VZFgTO&amp;c=t2pSP6Adfl-IvQuklLageSGFaFCpipZY9kqk6Upccuvw4Q4cRrLx8w==&amp;ch=P4ZntXL_nEPZDhZco2HCTXS0aR1AMosRbvhCy1FJLTwIubmBn0qw4A==\">la pr\u00e1ctica<\/a> discriminatoria <a href=\"https:\/\/r20.rs6.net\/tn.jsp?f=001xBj-ELzAY3RAgZQ8mdfdPJv0-j-Rmwz28cnaMzTLkEQlhnmn8HbNUYg6jmJXtYz8dFae5gE-Z7EYaQxGiTSAysb6SvsdXE05xKyqCc65lcS-U3pX2U5unuCsOJNhaBonSsJ-LzLC9AReaxBvNlMvm0mUjp0MBzBfP-bN3bK2fjh9Q87_3WNBM4n90stmoqG11pWmipihAvCWpJR5SGbkWBWbq1VZFgTO&amp;c=t2pSP6Adfl-IvQuklLageSGFaFCpipZY9kqk6Upccuvw4Q4cRrLx8w==&amp;ch=P4ZntXL_nEPZDhZco2HCTXS0aR1AMosRbvhCy1FJLTwIubmBn0qw4A==\">de las identificaciones con pretexto<\/a>, as\u00ed como proyectos de ley que <a href=\"https:\/\/r20.rs6.net\/tn.jsp?f=001xBj-ELzAY3RAgZQ8mdfdPJv0-j-Rmwz28cnaMzTLkEQlhnmn8HbNUYg6jmJXtYz8BgClPEMofM4sVBEhBKMda6TTezyo7dfrPYQpyJXXrqRZfDz4sV8ft-IJqbaEqWQ0YUQYY9gOLN6cwxCPgaVhUOI2KRznKaVfdIqvqFOYkKHU4jdJWxn5I4e9k-8qCgOp-ixa7yWSt0Nc8oBYWBXe9J_OX1TcC2pa&amp;c=t2pSP6Adfl-IvQuklLageSGFaFCpipZY9kqk6Upccuvw4Q4cRrLx8w==&amp;ch=P4ZntXL_nEPZDhZco2HCTXS0aR1AMosRbvhCy1FJLTwIubmBn0qw4A==\">ampliar\u00edan la vigilancia policial en todo<\/a> el estado.<\/p>\n<p><strong>Tambi\u00e9n avanzamos en los proyectos de ley para impedir los desahucios masivos y preservar la integridad familiar.<\/strong>  Un proyecto de ley que se dirige a la mesa del Gobernador para que lo convierta en ley.  <a href=\"https:\/\/r20.rs6.net\/tn.jsp?f=001xBj-ELzAY3RAgZQ8mdfdPJv0-j-Rmwz28cnaMzTLkEQlhnmn8HbNUYg6jmJXtYz846O7Vkl3m98CD-SJfvRvHhP9N3dCi-MOJTeSW6OVjFpk1FbIcfPZjDHBnsTucv2dcTpOTz0XMzwSBNsMEElO7eYsJ9ln06SJq7S1jTj5IfiL4-e0KEUMcsCJekrc5lkVeRRZsUo-TKT_Z98TVdh-re6KbZWiHW6u&amp;c=t2pSP6Adfl-IvQuklLageSGFaFCpipZY9kqk6Upccuvw4Q4cRrLx8w==&amp;ch=P4ZntXL_nEPZDhZco2HCTXS0aR1AMosRbvhCy1FJLTwIubmBn0qw4A==\">exigir\u00eda a los propietarios<\/a>  en grandes edificios de apartamentos para proporcionar al menos 60 d\u00edas de antelaci\u00f3n si tienen la intenci\u00f3n de poner fin a 20 o m\u00e1s de mes a mes los contratos de arrendamiento, as\u00ed como un proyecto de ley que establece un grupo de trabajo para hacer recomendaciones para un  <a href=\"https:\/\/r20.rs6.net\/tn.jsp?f=001xBj-ELzAY3RAgZQ8mdfdPJv0-j-Rmwz28cnaMzTLkEQlhnmn8HbNUYg6jmJXtYz8CPayqjyGjQ9f7i6f1htMyFuxoXuGCEk_mOpMjsq-colROjmmff3LDrbDeyXJrxdhVsnzjRVKd-w7SQQTfyVouG2zY7yG_U-jMegNWyudHN8XcuHpNGTke2Exe_UJrA-XScVtKA5zVBs=&amp;c=t2pSP6Adfl-IvQuklLageSGFaFCpipZY9kqk6Upccuvw4Q4cRrLx8w==&amp;ch=P4ZntXL_nEPZDhZco2HCTXS0aR1AMosRbvhCy1FJLTwIubmBn0qw4A==\">Comisi\u00f3n de Defensa de los Padres<\/a>  para apoyar a los padres cuyos hijos est\u00e1n en acogida o en riesgo de estarlo.<\/p>\n<p><strong>Uno de los puntos que a\u00fan no se ha finalizado es el presupuesto estatal.<\/strong> Cuando la Asamblea General levant\u00f3 la sesi\u00f3n el s\u00e1bado, no hab\u00eda acuerdo final debido a las <a href=\"https:\/\/r20.rs6.net\/tn.jsp?f=001xBj-ELzAY3RAgZQ8mdfdPJv0-j-Rmwz28cnaMzTLkEQlhnmn8HbNUYg6jmJXtYz8zCCrB0YSqByp9WHEYMbvCdLXIyd1uuncmiDmG9ZTK3FlXn6GR39c_b8bZPDs488Z9-fO7p_nd6-ss0jyseRYUCZKbBGmL51L_AxWg-QRu_sY07iVlZMO_pQw0Qly7Zhpin5y7oa48RqMyO7AlqRuJvdRCv0m2L_MOQNhAjsY7PDKzatRsQogzeZwK_EMO_cJwMAq9cWkyLi7D5DpknVzttYHHhs32DXu&amp;c=t2pSP6Adfl-IvQuklLageSGFaFCpipZY9kqk6Upccuvw4Q4cRrLx8w==&amp;ch=P4ZntXL_nEPZDhZco2HCTXS0aR1AMosRbvhCy1FJLTwIubmBn0qw4A==\">diferencias significativas<\/a> entre las versiones de la C\u00e1mara y el Senado, por lo<a href=\"https:\/\/r20.rs6.net\/tn.jsp?f=001xBj-ELzAY3RAgZQ8mdfdPJv0-j-Rmwz28cnaMzTLkEQlhnmn8HbNUYg6jmJXtYz82BSU2bfxcyYYso0nrTzslIEVTfOaLM6x4sJUgfUiP6rKNKKc_CBURcpE6wXK3UrSqIKkn5GJVyzCyRisUjInEXXqLwxeXAfyaRSKLhJzS6Dp95LlvhsJa6dRK4ni7YKjojEXJ_mn2Py8vQxySatxXfvoAdtN9vNMgB2FifFTlI2un_yXWwxb_dRlkW6iR6XZLa4a56yLzeU0NX5ImA4QN0c8X_-GYIzY&amp;c=t2pSP6Adfl-IvQuklLageSGFaFCpipZY9kqk6Upccuvw4Q4cRrLx8w==&amp;ch=P4ZntXL_nEPZDhZco2HCTXS0aR1AMosRbvhCy1FJLTwIubmBn0qw4A==\"> que aprob\u00f3 un \u00abpresupuesto delgado\u00bb hasta que el presupuesto completo se puede finalizar<\/a>.<\/p>\n<p>Esto significa que cuestiones importantes en torno a la financiaci\u00f3n escolar siguen en el aire hasta que el Gobernador las convoque de nuevo a una sesi\u00f3n extraordinaria.  <strong>Puede ayudar a garantizar que se d\u00e9 prioridad a los estudiantes, las familias y los profesores de Virginia frente a los recortes fiscales de las empresas haciendo clic en el bot\u00f3n que aparece a continuaci\u00f3n:<\/strong><\/p>\n<p><a role=\"button\" href=\"https:\/\/r20.rs6.net\/tn.jsp?f=001xBj-ELzAY3RAgZQ8mdfdPJv0-j-Rmwz28cnaMzTLkEQlhnmn8HbNUWQFV7t2EIk__iLbmi8gbsdvuJV80DF_hxYw2XJscUa9hVzYrwpgJ48aZCivCHF5fQlhy4I7VcaJULILQSZK71W0HNj2dPL_s6T1N-RlBiU2TLTdUpFSDTFolB6aTk7SgalccutBwkOJs21EgwlYa9mYhK-89SyGeA==&amp;c=t2pSP6Adfl-IvQuklLageSGFaFCpipZY9kqk6Upccuvw4Q4cRrLx8w==&amp;ch=P4ZntXL_nEPZDhZco2HCTXS0aR1AMosRbvhCy1FJLTwIubmBn0qw4A==\"><br \/>\nAct\u00faa.<br \/>\n<\/a><\/p>\n<p>En las pr\u00f3ximas semanas, el Gobernador revisar\u00e1 los proyectos de ley aprobados por la Asamblea General y los convertir\u00e1 en ley, los vetar\u00e1 o los devolver\u00e1 a la asamblea legislativa con las enmiendas propuestas para que se traten en la nueva sesi\u00f3n del 12 de abril.<\/p>\n<p>Ha sido una primera sesi\u00f3n de la AG ajetreada y maravillosa para m\u00ed, y aprecio sinceramente a este equipo del LAJC, el poder de la defensa y la comunidad, y vuestro apoyo a nuestro trabajo.  <strong>Mientras esperamos el resultado de la legislaci\u00f3n aprobada y la finalizaci\u00f3n del presupuesto estatal, continuaremos nuestro trabajo diario apoyando a nuestras comunidades y abogando con ellas por la justicia.<\/strong><\/p>\n<p><a role=\"button\" href=\"https:\/\/www.facebook.com\/LegalAidJusticeCenter\"><br \/>\n<\/a><br \/>\n<a role=\"button\" href=\"https:\/\/www.instagram.com\/legalaidjusticecenter\/\"><br \/>\n<\/a><br \/>\n<a role=\"button\" href=\"https:\/\/twitter.com\/LegalAidJustice\"><br \/>\n<\/a><\/p>\n<\/div>\n","protected":false},"excerpt":{"rendered":"<p>El s\u00e1bado 25 de febrero marc\u00f3 lo que se conoce como \u00abSine Die\u00bb en la Asamblea General de Virginia, el \u00faltimo d\u00eda de la sesi\u00f3n ordinaria de 2023. Durante los 46 d\u00edas de sesi\u00f3n se escucharon y debatieron miles de proyectos de ley. El equipo de LAJC trabaj\u00f3 incansablemente para evitar el retroceso de los [&hellip;]<\/p>\n","protected":false},"author":4,"featured_media":0,"parent":0,"menu_order":0,"template":"","format":"standard","meta":{"footnotes":""},"lajc-tax-news-type":[],"lajc-tax-roles":[],"lajc-tax-issues":[91,81,83,80,90,82,86],"lajc-tax-locations":[],"class_list":["post-13149","lajc_news","type-lajc_news","status-publish","format-standard","hentry","lajc-tax-issues-deuda-medica-y-de-consumo","lajc-tax-issues-immigration-es","lajc-tax-issues-youth-family-schools-es","lajc-tax-issues-workplace-es","lajc-tax-issues-sanidad-y-prestaciones-publicas","lajc-tax-issues-criminal-legal-system-es","lajc-tax-issues-vivienda"],"acf":[],"yoast_head":"<!-- This site is optimized with the Yoast SEO plugin v27.5 - https:\/\/yoast.com\/product\/yoast-seo-wordpress\/ -->\n<title>Actualidad de la Asamblea General - Fin de la sesi\u00f3n - Legal Aid Justice Center<\/title>\n<meta name=\"robots\" content=\"index, follow, max-snippet:-1, max-image-preview:large, max-video-preview:-1\" \/>\n<link rel=\"canonical\" href=\"https:\/\/www.justice4all.org\/es\/news\/actualidad-de-la-asamblea-general-fin-de-la-sesion\/\" \/>\n<meta property=\"og:locale\" content=\"es_ES\" \/>\n<meta property=\"og:type\" content=\"article\" \/>\n<meta property=\"og:title\" content=\"Actualidad de la Asamblea General - Fin de la sesi\u00f3n - Legal Aid Justice Center\" \/>\n<meta property=\"og:description\" content=\"El s\u00e1bado 25 de febrero marc\u00f3 lo que se conoce como \u00abSine Die\u00bb en la Asamblea General de Virginia, el \u00faltimo d\u00eda de la sesi\u00f3n ordinaria de 2023. Durante los 46 d\u00edas de sesi\u00f3n se escucharon y debatieron miles de proyectos de ley. El equipo de LAJC trabaj\u00f3 incansablemente para evitar el retroceso de los [&hellip;]\" \/>\n<meta property=\"og:url\" content=\"https:\/\/www.justice4all.org\/es\/news\/actualidad-de-la-asamblea-general-fin-de-la-sesion\/\" \/>\n<meta property=\"og:site_name\" content=\"Legal Aid Justice Center\" \/>\n<meta property=\"og:image\" content=\"https:\/\/www.justice4all.org\/wp-content\/uploads\/2023\/04\/DESIGN_End-of-Legislative-Session-2023_3-1024x384.jpg\" \/>\n<meta name=\"twitter:card\" content=\"summary_large_image\" \/>\n<meta name=\"twitter:label1\" content=\"Tiempo de lectura\" \/>\n\t<meta name=\"twitter:data1\" content=\"3 minuto\" \/>\n<script type=\"application\/ld+json\" class=\"yoast-schema-graph\">{\"@context\":\"https:\\\/\\\/schema.org\",\"@graph\":[{\"@type\":\"WebPage\",\"@id\":\"https:\\\/\\\/www.justice4all.org\\\/es\\\/news\\\/actualidad-de-la-asamblea-general-fin-de-la-sesion\\\/\",\"url\":\"https:\\\/\\\/www.justice4all.org\\\/es\\\/news\\\/actualidad-de-la-asamblea-general-fin-de-la-sesion\\\/\",\"name\":\"Actualidad de la Asamblea General - Fin de la sesi\u00f3n - Legal Aid Justice Center\",\"isPartOf\":{\"@id\":\"https:\\\/\\\/www.justice4all.org\\\/es\\\/#website\"},\"primaryImageOfPage\":{\"@id\":\"https:\\\/\\\/www.justice4all.org\\\/es\\\/news\\\/actualidad-de-la-asamblea-general-fin-de-la-sesion\\\/#primaryimage\"},\"image\":{\"@id\":\"https:\\\/\\\/www.justice4all.org\\\/es\\\/news\\\/actualidad-de-la-asamblea-general-fin-de-la-sesion\\\/#primaryimage\"},\"thumbnailUrl\":\"https:\\\/\\\/www.justice4all.org\\\/wp-content\\\/uploads\\\/2023\\\/04\\\/DESIGN_End-of-Legislative-Session-2023_3-1024x384.jpg\",\"datePublished\":\"2023-02-25T11:57:00+00:00\",\"breadcrumb\":{\"@id\":\"https:\\\/\\\/www.justice4all.org\\\/es\\\/news\\\/actualidad-de-la-asamblea-general-fin-de-la-sesion\\\/#breadcrumb\"},\"inLanguage\":\"es\",\"potentialAction\":[{\"@type\":\"ReadAction\",\"target\":[\"https:\\\/\\\/www.justice4all.org\\\/es\\\/news\\\/actualidad-de-la-asamblea-general-fin-de-la-sesion\\\/\"]}]},{\"@type\":\"ImageObject\",\"inLanguage\":\"es\",\"@id\":\"https:\\\/\\\/www.justice4all.org\\\/es\\\/news\\\/actualidad-de-la-asamblea-general-fin-de-la-sesion\\\/#primaryimage\",\"url\":\"https:\\\/\\\/www.justice4all.org\\\/wp-content\\\/uploads\\\/2023\\\/04\\\/DESIGN_End-of-Legislative-Session-2023_3-1024x384.jpg\",\"contentUrl\":\"https:\\\/\\\/www.justice4all.org\\\/wp-content\\\/uploads\\\/2023\\\/04\\\/DESIGN_End-of-Legislative-Session-2023_3-1024x384.jpg\"},{\"@type\":\"BreadcrumbList\",\"@id\":\"https:\\\/\\\/www.justice4all.org\\\/es\\\/news\\\/actualidad-de-la-asamblea-general-fin-de-la-sesion\\\/#breadcrumb\",\"itemListElement\":[{\"@type\":\"ListItem\",\"position\":1,\"name\":\"Home\",\"item\":\"https:\\\/\\\/www.justice4all.org\\\/es\\\/\"},{\"@type\":\"ListItem\",\"position\":2,\"name\":\"Actualidad de la Asamblea General &#8211; Fin de la sesi\u00f3n\"}]},{\"@type\":\"WebSite\",\"@id\":\"https:\\\/\\\/www.justice4all.org\\\/es\\\/#website\",\"url\":\"https:\\\/\\\/www.justice4all.org\\\/es\\\/\",\"name\":\"Legal Aid Justice Center\",\"description\":\"\",\"potentialAction\":[{\"@type\":\"SearchAction\",\"target\":{\"@type\":\"EntryPoint\",\"urlTemplate\":\"https:\\\/\\\/www.justice4all.org\\\/es\\\/?s={search_term_string}\"},\"query-input\":{\"@type\":\"PropertyValueSpecification\",\"valueRequired\":true,\"valueName\":\"search_term_string\"}}],\"inLanguage\":\"es\"}]}<\/script>\n<!-- \/ Yoast SEO plugin. -->","yoast_head_json":{"title":"Actualidad de la Asamblea General - Fin de la sesi\u00f3n - Legal Aid Justice Center","robots":{"index":"index","follow":"follow","max-snippet":"max-snippet:-1","max-image-preview":"max-image-preview:large","max-video-preview":"max-video-preview:-1"},"canonical":"https:\/\/www.justice4all.org\/es\/news\/actualidad-de-la-asamblea-general-fin-de-la-sesion\/","og_locale":"es_ES","og_type":"article","og_title":"Actualidad de la Asamblea General - Fin de la sesi\u00f3n - Legal Aid Justice Center","og_description":"El s\u00e1bado 25 de febrero marc\u00f3 lo que se conoce como \u00abSine Die\u00bb en la Asamblea General de Virginia, el \u00faltimo d\u00eda de la sesi\u00f3n ordinaria de 2023. Durante los 46 d\u00edas de sesi\u00f3n se escucharon y debatieron miles de proyectos de ley. El equipo de LAJC trabaj\u00f3 incansablemente para evitar el retroceso de los [&hellip;]","og_url":"https:\/\/www.justice4all.org\/es\/news\/actualidad-de-la-asamblea-general-fin-de-la-sesion\/","og_site_name":"Legal Aid Justice Center","og_image":[{"url":"https:\/\/www.justice4all.org\/wp-content\/uploads\/2023\/04\/DESIGN_End-of-Legislative-Session-2023_3-1024x384.jpg","type":"","width":"","height":""}],"twitter_card":"summary_large_image","twitter_misc":{"Tiempo de lectura":"3 minuto"},"schema":{"@context":"https:\/\/schema.org","@graph":[{"@type":"WebPage","@id":"https:\/\/www.justice4all.org\/es\/news\/actualidad-de-la-asamblea-general-fin-de-la-sesion\/","url":"https:\/\/www.justice4all.org\/es\/news\/actualidad-de-la-asamblea-general-fin-de-la-sesion\/","name":"Actualidad de la Asamblea General - Fin de la sesi\u00f3n - Legal Aid Justice Center","isPartOf":{"@id":"https:\/\/www.justice4all.org\/es\/#website"},"primaryImageOfPage":{"@id":"https:\/\/www.justice4all.org\/es\/news\/actualidad-de-la-asamblea-general-fin-de-la-sesion\/#primaryimage"},"image":{"@id":"https:\/\/www.justice4all.org\/es\/news\/actualidad-de-la-asamblea-general-fin-de-la-sesion\/#primaryimage"},"thumbnailUrl":"https:\/\/www.justice4all.org\/wp-content\/uploads\/2023\/04\/DESIGN_End-of-Legislative-Session-2023_3-1024x384.jpg","datePublished":"2023-02-25T11:57:00+00:00","breadcrumb":{"@id":"https:\/\/www.justice4all.org\/es\/news\/actualidad-de-la-asamblea-general-fin-de-la-sesion\/#breadcrumb"},"inLanguage":"es","potentialAction":[{"@type":"ReadAction","target":["https:\/\/www.justice4all.org\/es\/news\/actualidad-de-la-asamblea-general-fin-de-la-sesion\/"]}]},{"@type":"ImageObject","inLanguage":"es","@id":"https:\/\/www.justice4all.org\/es\/news\/actualidad-de-la-asamblea-general-fin-de-la-sesion\/#primaryimage","url":"https:\/\/www.justice4all.org\/wp-content\/uploads\/2023\/04\/DESIGN_End-of-Legislative-Session-2023_3-1024x384.jpg","contentUrl":"https:\/\/www.justice4all.org\/wp-content\/uploads\/2023\/04\/DESIGN_End-of-Legislative-Session-2023_3-1024x384.jpg"},{"@type":"BreadcrumbList","@id":"https:\/\/www.justice4all.org\/es\/news\/actualidad-de-la-asamblea-general-fin-de-la-sesion\/#breadcrumb","itemListElement":[{"@type":"ListItem","position":1,"name":"Home","item":"https:\/\/www.justice4all.org\/es\/"},{"@type":"ListItem","position":2,"name":"Actualidad de la Asamblea General &#8211; Fin de la sesi\u00f3n"}]},{"@type":"WebSite","@id":"https:\/\/www.justice4all.org\/es\/#website","url":"https:\/\/www.justice4all.org\/es\/","name":"Legal Aid Justice Center","description":"","potentialAction":[{"@type":"SearchAction","target":{"@type":"EntryPoint","urlTemplate":"https:\/\/www.justice4all.org\/es\/?s={search_term_string}"},"query-input":{"@type":"PropertyValueSpecification","valueRequired":true,"valueName":"search_term_string"}}],"inLanguage":"es"}]}},"_links":{"self":[{"href":"https:\/\/www.justice4all.org\/es\/wp-json\/wp\/v2\/lajc_news\/13149","targetHints":{"allow":["GET"]}}],"collection":[{"href":"https:\/\/www.justice4all.org\/es\/wp-json\/wp\/v2\/lajc_news"}],"about":[{"href":"https:\/\/www.justice4all.org\/es\/wp-json\/wp\/v2\/types\/lajc_news"}],"author":[{"embeddable":true,"href":"https:\/\/www.justice4all.org\/es\/wp-json\/wp\/v2\/users\/4"}],"version-history":[{"count":0,"href":"https:\/\/www.justice4all.org\/es\/wp-json\/wp\/v2\/lajc_news\/13149\/revisions"}],"wp:attachment":[{"href":"https:\/\/www.justice4all.org\/es\/wp-json\/wp\/v2\/media?parent=13149"}],"wp:term":[{"taxonomy":"lajc-tax-news-type","embeddable":true,"href":"https:\/\/www.justice4all.org\/es\/wp-json\/wp\/v2\/lajc-tax-news-type?post=13149"},{"taxonomy":"lajc-tax-roles","embeddable":true,"href":"https:\/\/www.justice4all.org\/es\/wp-json\/wp\/v2\/lajc-tax-roles?post=13149"},{"taxonomy":"lajc-tax-issues","embeddable":true,"href":"https:\/\/www.justice4all.org\/es\/wp-json\/wp\/v2\/lajc-tax-issues?post=13149"},{"taxonomy":"lajc-tax-locations","embeddable":true,"href":"https:\/\/www.justice4all.org\/es\/wp-json\/wp\/v2\/lajc-tax-locations?post=13149"}],"curies":[{"name":"wp","href":"https:\/\/api.w.org\/{rel}","templated":true}]}}