{"id":13143,"date":"2022-11-11T09:57:13","date_gmt":"2022-11-11T09:57:13","guid":{"rendered":"https:\/\/lajc2023stg.wpengine.com\/news\/bienvenido-nuestro-nuevo-personal\/"},"modified":"2022-11-11T09:57:13","modified_gmt":"2022-11-11T09:57:13","slug":"bienvenido-nuestro-nuevo-personal","status":"publish","type":"lajc_news","link":"https:\/\/www.justice4all.org\/es\/news\/bienvenido-nuestro-nuevo-personal\/","title":{"rendered":"\u00a1Bienvenido nuestro nuevo personal!"},"content":{"rendered":"<div class=\"lajc-m-content\">\n<p>En los \u00faltimos meses se nos han unido nuevos y fant\u00e1sticos miembros del personal. Conozca al personal que ha empezado a trabajar con nosotros desde julio:<\/p>\n<p><img decoding=\"async\" width=\"202\" height=\"300\" src=\"https:\/\/www.justice4all.org\/wp-content\/uploads\/2022\/11\/emilysmithresized-202x300.png\" alt=\"\" loading=\"lazy\" srcset=\"https:\/\/www.justice4all.org\/wp-content\/uploads\/2022\/11\/emilysmithresized-202x300.png 202w, https:\/\/www.justice4all.org\/wp-content\/uploads\/2022\/11\/emilysmithresized.png 204w\" sizes=\"auto, (max-width: 202px) 100vw, 202px\"><br \/>\n<a href=\"\">Emily Smith (ella\/ella) - Abogada, Programa de Justicia Econ\u00f3mica<\/a><\/p>\n<p>Emily se incorpor\u00f3 al LAJC en junio de 2022. Antes de trabajar en el LAJC, trabaj\u00f3 durante tres a\u00f1os para la Legal Aid Society of Eastern Virginia. All\u00ed represent\u00f3 a clientes con bajos ingresos en diversas \u00e1reas, como vivienda, familia y consumo. Fue nombrada Ciudadana del A\u00f1o de la Comisi\u00f3n de Derechos Humanos de Newport News en 2019 por su trabajo relacionado con la defensa contra los desahucios. Asisti\u00f3 a la Facultad de Derecho William and Mary.<\/p>\n<p><img decoding=\"async\" width=\"203\" height=\"300\" src=\"https:\/\/www.justice4all.org\/wp-content\/uploads\/2022\/11\/katelandresized-203x300.png\" alt=\"\" loading=\"lazy\" srcset=\"https:\/\/www.justice4all.org\/wp-content\/uploads\/2022\/11\/katelandresized-203x300.png 203w, https:\/\/www.justice4all.org\/wp-content\/uploads\/2022\/11\/katelandresized.png 204w\" sizes=\"auto, (max-width: 203px) 100vw, 203px\"><br \/>\n<a href=\"\">Kateland Woodcock - Abogada, Programa de Justicia Econ\u00f3mica<\/a><\/p>\n<p>Kateland se incorpor\u00f3 a la oficina de Richmond del Legal Aid Justice Center en el verano de 2022.&nbsp;  Anteriormente, Kateland trabaj\u00f3 con la Central Virginia Legal Aid Society en Tri-Cities durante tres a\u00f1os como becaria de Equal Justice Works y despu\u00e9s como abogada de plantilla.&nbsp;  Su dedicaci\u00f3n a la vivienda fue reconocida en 2021, cuando la Crater Area Coalition on Homelessness la invit\u00f3 a formar parte de su Junta Directiva. Kateland es natural de Chesterfield, VA. Es licenciada en Filosof\u00eda y en Justicia Penal por la Virginia Commonwealth University y doctora en Derecho por la Universidad de Richmond.<\/p>\n<p><img decoding=\"async\" width=\"225\" height=\"300\" src=\"https:\/\/www.justice4all.org\/wp-content\/uploads\/2022\/09\/thumbnail_image2-225x300.jpeg\" alt=\"\" loading=\"lazy\" srcset=\"https:\/\/www.justice4all.org\/wp-content\/uploads\/2022\/09\/thumbnail_image2-225x300.jpeg 225w, https:\/\/www.justice4all.org\/wp-content\/uploads\/2022\/09\/thumbnail_image2.jpeg 480w\" sizes=\"auto, (max-width: 225px) 100vw, 225px\"><br \/>\n<a href=\"\">Fallon Speaker - Director Jur\u00eddico, Programa de Justicia Juvenil<\/a><\/p>\n<p>Antes de unirse a LAJC como Directora Legal de nuestro Programa de Justicia Juvenil, Fallon trabaj\u00f3 como Profesora Cl\u00ednica Asistente de Derecho y Directora de la Cl\u00ednica de Derecho Familiar Jeanette Lipman en la Facultad de Derecho de la Universidad de Richmond, donde ense\u00f1\u00f3 a los estudiantes en una cl\u00ednica legal hol\u00edstica dedicada a trabajar con comunidades afectadas por relaciones dom\u00e9sticas, bienestar infantil y procedimientos de dependencia y \u00e1reas interseccionales de la ley como el uso de sustancias, salud mental, vivienda, inmigraci\u00f3n y servicios sociales.  &nbsp;<\/p>\n<p>Antes de trasladarse a Richmond, Fallon trabaj\u00f3 como abogada y jefa de equipo en el departamento de defensa de la familia de The Bronx Defenders, donde represent\u00f3 a padres acusados de abuso o negligencia en procedimientos de protecci\u00f3n de menores. Durante el tiempo que desempe\u00f1\u00f3 ese cargo, Fallon se mostr\u00f3 muy activa en pol\u00edtica, grupos de presi\u00f3n, organizaci\u00f3n comunitaria y abogac\u00eda del movimiento.  &nbsp;<\/p>\n<p>Fallon tambi\u00e9n fue profesora adjunta en la Facultad de Derecho Cardozo y directora de la Cl\u00ednica Mainzer de Defensa de la Familia, donde ense\u00f1\u00f3 y supervis\u00f3 a estudiantes en audiencias de protecci\u00f3n de menores. Fallon se licenci\u00f3 y se doctor\u00f3 en Derecho por la Universidad de Carolina del Norte, Chapel Hill.&nbsp;<\/p>\n<p><img decoding=\"async\" width=\"203\" height=\"300\" src=\"https:\/\/www.justice4all.org\/wp-content\/uploads\/2022\/09\/John-Cano-203x300.jpg\" alt=\"\" loading=\"lazy\" srcset=\"https:\/\/www.justice4all.org\/wp-content\/uploads\/2022\/09\/John-Cano-203x300.jpg 203w, https:\/\/www.justice4all.org\/wp-content\/uploads\/2022\/09\/John-Cano-691x1024.jpg 691w, https:\/\/www.justice4all.org\/wp-content\/uploads\/2022\/09\/John-Cano-768x1138.jpg 768w, https:\/\/www.justice4all.org\/wp-content\/uploads\/2022\/09\/John-Cano.jpg 850w\" sizes=\"auto, (max-width: 203px) 100vw, 203px\"><br \/>\n<a href=\"\">John Cano (\u00e9l\/ella) - Organizador supervisor principal<\/a><\/p>\n<p>John Cano es un graduado del Ferrum College, licenciado en Ciencias Pol\u00edticas y Espa\u00f1ol, que se incorpor\u00f3 al LAJC en agosto de 2022. John tiene m\u00e1s de 6 a\u00f1os de experiencia en la organizaci\u00f3n de derechos de los inmigrantes, ling\u00fc\u00edsticos y de los trabajadores. Incluida la coordinaci\u00f3n de la respuesta estatal y local a las tarjetas de privilegio de conducir, la eliminaci\u00f3n de la 287(G) en el condado de Prince William y el trabajo junto a los miembros afectados para analizar el impacto del robo de salarios en el norte de Virginia. En su tiempo libre, a John le gusta pasar tiempo con su novia y su cachorro, jugar al f\u00fatbol, al baloncesto y al tenis y ver a sus equipos deportivos favoritos, el Manchester City, el Barcelona y los Cowboys.<\/p>\n<p><img decoding=\"async\" width=\"203\" height=\"300\" src=\"https:\/\/www.justice4all.org\/wp-content\/uploads\/2022\/08\/Caro-Campos-203x300.jpg\" alt=\"\" loading=\"lazy\" srcset=\"https:\/\/www.justice4all.org\/wp-content\/uploads\/2022\/08\/Caro-Campos-203x300.jpg 203w, https:\/\/www.justice4all.org\/wp-content\/uploads\/2022\/08\/Caro-Campos-691x1024.jpg 691w, https:\/\/www.justice4all.org\/wp-content\/uploads\/2022\/08\/Caro-Campos-768x1138.jpg 768w, https:\/\/www.justice4all.org\/wp-content\/uploads\/2022\/08\/Caro-Campos.jpg 850w\" sizes=\"auto, (max-width: 203px) 100vw, 203px\"><br \/>\n<a href=\"\">Caro Campos (ella\/\u00e9l) - Defensora del cliente<\/a><\/p>\n<p>Caro es una organizadora, artista e investigadora que se incorpor\u00f3 al LAJC en agosto de 2022. Como Defensora del Cliente de Charlottesville, act\u00faa como tejido conectivo entre los departamentos y trabaja para reforzar el apoyo que reciben los clientes a nivel hol\u00edstico. Caro es licenciada por la Universidad de Virginia, donde estudi\u00f3 Pensamiento Pol\u00edtico y Social con especializaci\u00f3n en Planificaci\u00f3n Urbana y Medioambiental. Como estudiante, se organiz\u00f3 con undocUVA, donde form\u00f3 parte de campa\u00f1as que ampliaron el acceso a la matr\u00edcula en la UVA, la matr\u00edcula estatal y la ayuda financiera estatal para los estudiantes indocumentados. Escribi\u00f3 su tesis sobre las esterilizaciones forzosas y los abusos m\u00e9dicos en el Centro de Detenci\u00f3n del Condado de Irwin para debatir cuestiones m\u00e1s amplias sobre ciudadan\u00eda, justicia y contextualizaci\u00f3n hist\u00f3rica. En el LAJC, se dedica a participar en el desarrollo de capacidades y a garantizar que nuestro trabajo se realice con integridad y seguimiento.<\/p>\n<p><img decoding=\"async\" width=\"203\" height=\"300\" src=\"https:\/\/www.justice4all.org\/wp-content\/uploads\/2022\/11\/kimresized-203x300.png\" alt=\"\" loading=\"lazy\" srcset=\"https:\/\/www.justice4all.org\/wp-content\/uploads\/2022\/11\/kimresized-203x300.png 203w, https:\/\/www.justice4all.org\/wp-content\/uploads\/2022\/11\/kimresized.png 206w\" sizes=\"auto, (max-width: 203px) 100vw, 203px\"><br \/>\n<a href=\"\">Kim Tolliver (ella\/ella) - Directora de oficina y asistente jur\u00eddica<\/a><\/p>\n<p>Kim se uni\u00f3 a LAJC en agosto de 2022 como Gerente de Oficina y Paralegal para la oficina de Charlottesville. Ha residido toda su vida en Charlottesville y siente pasi\u00f3n por la comunidad. Aporta m\u00e1s de 20 a\u00f1os de experiencia en gesti\u00f3n en las \u00e1reas de atenci\u00f3n al cliente de los sectores minorista y financiero. Otras de sus labores son el activismo voluntario para reducir la violencia armada en nuestro pa\u00eds mediante conexiones comunitarias y legislaci\u00f3n. Fuera del trabajo, le gusta pasar tiempo con su familia, cocinar, leer, hacer senderismo e ir a la playa. Kim se dedica a apoyar la misi\u00f3n del LAJC de hacer justicia para TODOS.<\/p>\n<p><img decoding=\"async\" width=\"202\" height=\"300\" src=\"https:\/\/www.justice4all.org\/wp-content\/uploads\/2022\/11\/emilycrostonresized-202x300.png\" alt=\"\" loading=\"lazy\" srcset=\"https:\/\/www.justice4all.org\/wp-content\/uploads\/2022\/11\/emilycrostonresized-202x300.png 202w, https:\/\/www.justice4all.org\/wp-content\/uploads\/2022\/11\/emilycrostonresized.png 203w\" sizes=\"auto, (max-width: 202px) 100vw, 202px\"><br \/>\n<a href=\"\">Emily Croston (ella\/ella) - Becaria, Programa de Derechos Civiles y Justicia Racial<\/a><\/p>\n<p>Emily Croston es becaria Kennedy del Programa de Derechos Civiles y Justicia Racial. Es hija de cuatro hermanos y originaria de Richmond (Virginia). Se licenci\u00f3 en Ciencias Pol\u00edticas por la Universidad James Madison, donde tambi\u00e9n estudi\u00f3 econom\u00eda y estudios sobre la mujer, el g\u00e9nero y la sexualidad. Posteriormente asisti\u00f3 a la Facultad de Derecho de la Universidad de Virginia, donde particip\u00f3 en la Cl\u00ednica de Derechos Civiles, trabajando principalmente en la responsabilidad policial y en el caso <i>Scott contra Clarke&nbsp;<\/i>. Ahora vive en Arlington, Virginia, con su novio, su peque\u00f1o perro saltar\u00edn y demasiadas plantas.<\/p>\n<p><img decoding=\"async\" width=\"203\" height=\"300\" src=\"https:\/\/www.justice4all.org\/wp-content\/uploads\/2022\/09\/Majesta-Dore-203x300.jpg\" alt=\"\" loading=\"lazy\" srcset=\"https:\/\/www.justice4all.org\/wp-content\/uploads\/2022\/09\/Majesta-Dore-203x300.jpg 203w, https:\/\/www.justice4all.org\/wp-content\/uploads\/2022\/09\/Majesta-Dore-691x1024.jpg 691w, https:\/\/www.justice4all.org\/wp-content\/uploads\/2022\/09\/Majesta-Dore-768x1138.jpg 768w, https:\/\/www.justice4all.org\/wp-content\/uploads\/2022\/09\/Majesta-Dore.jpg 850w\" sizes=\"auto, (max-width: 203px) 100vw, 203px\"><br \/>\n<a href=\"\">Majesta-Dore Legnini (ella\/ella) - Becaria de Equal Justice Works<\/a><\/p>\n<p>Majesta-Dor\u00e9 se uni\u00f3 a LAJC en 2022 como becaria de Equal Justice Works en el Programa de Justicia Econ\u00f3mica, centr\u00e1ndose en la justicia sanitaria en Richmond y Petersburg. Trabaja en una asociaci\u00f3n m\u00e9dico-legal en el servicio de urgencias del sistema sanitario de la Virginia Commonwealth University, as\u00ed como en otros proyectos de justicia sanitaria en la comunidad. Es licenciada en Ciencias Pol\u00edticas y en Ciencias de la Salud y el Ejercicio por la Virginia Commonwealth University. Se licenci\u00f3 en Derecho por la Facultad de Derecho William &amp; Mary, donde recibi\u00f3 el Premio de la Asociaci\u00f3n Nacional de Abogadas.<\/p>\n<p><img decoding=\"async\" width=\"202\" height=\"303\" src=\"https:\/\/www.justice4all.org\/wp-content\/uploads\/2022\/11\/emilylopynskiresized.png\" alt=\"\" loading=\"lazy\" srcset=\"https:\/\/www.justice4all.org\/wp-content\/uploads\/2022\/11\/emilylopynskiresized.png 202w, https:\/\/www.justice4all.org\/wp-content\/uploads\/2022\/11\/emilylopynskiresized-200x300.png 200w\" sizes=\"auto, (max-width: 202px) 100vw, 202px\"><br \/>\n<a href=\"\">Emily Lopynski (ella\/ella) - Abogada, Programa de Justicia para los Inmigrantes<\/a><\/p>\n<p>Emily se incorpor\u00f3 al Programa de Justicia para Inmigrantes en oto\u00f1o de 2022. Antes de unirse al equipo del LAJC, Emily trabaj\u00f3 como secretaria en el Tribunal de Apelaciones de Virginia y en el Tribunal de Circuito de Arlington. En la facultad de Derecho, Emily particip\u00f3 activamente en casos pro bono y en iniciativas a favor de los derechos de los inmigrantes.&nbsp;  Emily fue reconocida con el Oliver White Hill Law Student Pro Bono Award en 2020. Tambi\u00e9n fue galardonada con el Premio al Servicio Nina R. Kestin en 2020.&nbsp;  Emily es autora de \u00abRestorative Lawyering: A Toolbox That Will Change the Profession\u00bb (University of Richmond Law Review, Online, enero de 2021) y coautora de&nbsp; \u00abReckoning with Structural Racism: A Restorative Jurisprudence of Equal Protection\u00bb (Richmond Public Interest Law Review, Symposium Edition 2020).&nbsp;  Antes de estudiar Derecho, Emily cre\u00f3 un programa de asistencia jur\u00eddica en materia de inmigraci\u00f3n, reconocido por el Departamento de Justicia, en una organizaci\u00f3n sin \u00e1nimo de lucro de El Paso (Texas).&nbsp;  Emily se licenci\u00f3 en el College of William &amp; Mary y en la Facultad de Derecho de la Universidad de Richmond.&nbsp;&nbsp;<\/p>\n<p><img decoding=\"async\" width=\"202\" height=\"300\" src=\"https:\/\/www.justice4all.org\/wp-content\/uploads\/2022\/11\/zainabresized-202x300.png\" alt=\"\" loading=\"lazy\" srcset=\"https:\/\/www.justice4all.org\/wp-content\/uploads\/2022\/11\/zainabresized-202x300.png 202w, https:\/\/www.justice4all.org\/wp-content\/uploads\/2022\/11\/zainabresized.png 204w\" sizes=\"auto, (max-width: 202px) 100vw, 202px\"><br \/>\n<a href=\"\">Zainab Mohsini (ella\/\u00e9l) - Especialista en apoyo tecnol\u00f3gico<\/a><\/p>\n<p>Zainab Mohsini ha trabajado recientemente como coordinadora jur\u00eddica en una organizaci\u00f3n de acceso al aborto y como t\u00e9cnica de asistencia inform\u00e1tica en un contratista gubernamental. Se licenci\u00f3 en Comunicaci\u00f3n en Virginia Tech en 2015 y obtuvo un Certificado en Ciberseguridad en la Universidad de Georgetown en 2021. Actualmente posee la certificaci\u00f3n COMPTIA Security+. Zainab ha desempe\u00f1ado diversos trabajos a lo largo de su vida, desde camarera, empleada de comercio minorista, miembro del servicio AmeriCorps, promotora pol\u00edtica e int\u00e9rprete de dari. A lo largo de todas sus experiencias laborales y de voluntariado, Zainab se ha esforzado por defender la justicia social y centrar las voces marginadas. Le entusiasma estar en el LAJC, donde puede aunar sus pasiones por el acceso tecnol\u00f3gico equitativo y la justicia legal.<\/p>\n<p><img decoding=\"async\" width=\"202\" height=\"300\" src=\"https:\/\/www.justice4all.org\/wp-content\/uploads\/2022\/11\/leidianaresized-202x300.png\" alt=\"\" loading=\"lazy\" srcset=\"https:\/\/www.justice4all.org\/wp-content\/uploads\/2022\/11\/leidianaresized-202x300.png 202w, https:\/\/www.justice4all.org\/wp-content\/uploads\/2022\/11\/leidianaresized.png 205w\" sizes=\"auto, (max-width: 202px) 100vw, 202px\"><br \/>\n<a href=\"\">Leidiana Delgado (ella\/\u00e9l) - Defensora del cliente<\/a><\/p>\n<p>Leidiana se uni\u00f3 a LAJC como Defensora del Cliente para el Equipo de Richmond durante octubre de 2022. Hizo pr\u00e1cticas en el Tribunal del Condado de Fairfax, en el departamento de Servicios Juveniles y Dom\u00e9sticos, donde se encarg\u00f3 de la traducci\u00f3n del ingl\u00e9s al espa\u00f1ol. A Leidiana le apasiona trabajar con movimientos de base y organizaciones locales sin \u00e1nimo de lucro. Es licenciada en Ciencias Pol\u00edticas y en Comunicaci\u00f3n y Construcci\u00f3n de la Paz y Resoluci\u00f3n de Conflictos por la Universidad Mary Baldwin. Leidiana est\u00e1 cursando un m\u00e1ster en Gesti\u00f3n Pol\u00edtica por la Universidad George Washington.<\/p>\n<\/div>\n","protected":false},"excerpt":{"rendered":"<p>En los \u00faltimos meses se nos han unido nuevos y fant\u00e1sticos miembros del personal. Conozca al personal que ha empezado a trabajar con nosotros desde julio: Emily Smith (ella\/ella) - Abogada, Programa de Justicia Econ\u00f3mica Emily se incorpor\u00f3 al LAJC en junio de 2022. Antes de trabajar en el LAJC, trabaj\u00f3 durante tres a\u00f1os para [&hellip;]<\/p>\n","protected":false},"author":4,"featured_media":0,"parent":0,"menu_order":0,"template":"","format":"standard","meta":{"footnotes":""},"lajc-tax-news-type":[],"lajc-tax-roles":[],"lajc-tax-issues":[],"lajc-tax-locations":[],"class_list":["post-13143","lajc_news","type-lajc_news","status-publish","format-standard","hentry"],"acf":[],"yoast_head":"<!-- This site is optimized with the Yoast SEO plugin v27.4 - https:\/\/yoast.com\/product\/yoast-seo-wordpress\/ -->\n<title>\u00a1Bienvenido nuestro nuevo personal! - Legal Aid Justice Center<\/title>\n<meta name=\"robots\" content=\"index, follow, max-snippet:-1, max-image-preview:large, max-video-preview:-1\" \/>\n<link rel=\"canonical\" href=\"https:\/\/www.justice4all.org\/es\/news\/bienvenido-nuestro-nuevo-personal\/\" \/>\n<meta property=\"og:locale\" content=\"es_ES\" \/>\n<meta property=\"og:type\" content=\"article\" \/>\n<meta property=\"og:title\" content=\"\u00a1Bienvenido nuestro nuevo personal! - Legal Aid Justice Center\" \/>\n<meta property=\"og:description\" content=\"En los \u00faltimos meses se nos han unido nuevos y fant\u00e1sticos miembros del personal. Conozca al personal que ha empezado a trabajar con nosotros desde julio: Emily Smith (ella\/ella) - Abogada, Programa de Justicia Econ\u00f3mica Emily se incorpor\u00f3 al LAJC en junio de 2022. Antes de trabajar en el LAJC, trabaj\u00f3 durante tres a\u00f1os para [&hellip;]\" \/>\n<meta property=\"og:url\" content=\"https:\/\/www.justice4all.org\/es\/news\/bienvenido-nuestro-nuevo-personal\/\" \/>\n<meta property=\"og:site_name\" content=\"Legal Aid Justice Center\" \/>\n<meta property=\"og:image\" content=\"https:\/\/www.justice4all.org\/wp-content\/uploads\/2022\/11\/emilysmithresized-202x300.png\" \/>\n<meta name=\"twitter:card\" content=\"summary_large_image\" \/>\n<meta name=\"twitter:label1\" content=\"Tiempo de lectura\" \/>\n\t<meta name=\"twitter:data1\" content=\"8 minuto\" \/>\n<script type=\"application\/ld+json\" class=\"yoast-schema-graph\">{\"@context\":\"https:\\\/\\\/schema.org\",\"@graph\":[{\"@type\":\"WebPage\",\"@id\":\"https:\\\/\\\/www.justice4all.org\\\/es\\\/news\\\/bienvenido-nuestro-nuevo-personal\\\/\",\"url\":\"https:\\\/\\\/www.justice4all.org\\\/es\\\/news\\\/bienvenido-nuestro-nuevo-personal\\\/\",\"name\":\"\u00a1Bienvenido nuestro nuevo personal! - Legal Aid Justice Center\",\"isPartOf\":{\"@id\":\"https:\\\/\\\/www.justice4all.org\\\/es\\\/#website\"},\"primaryImageOfPage\":{\"@id\":\"https:\\\/\\\/www.justice4all.org\\\/es\\\/news\\\/bienvenido-nuestro-nuevo-personal\\\/#primaryimage\"},\"image\":{\"@id\":\"https:\\\/\\\/www.justice4all.org\\\/es\\\/news\\\/bienvenido-nuestro-nuevo-personal\\\/#primaryimage\"},\"thumbnailUrl\":\"https:\\\/\\\/www.justice4all.org\\\/wp-content\\\/uploads\\\/2022\\\/11\\\/emilysmithresized-202x300.png\",\"datePublished\":\"2022-11-11T09:57:13+00:00\",\"breadcrumb\":{\"@id\":\"https:\\\/\\\/www.justice4all.org\\\/es\\\/news\\\/bienvenido-nuestro-nuevo-personal\\\/#breadcrumb\"},\"inLanguage\":\"es\",\"potentialAction\":[{\"@type\":\"ReadAction\",\"target\":[\"https:\\\/\\\/www.justice4all.org\\\/es\\\/news\\\/bienvenido-nuestro-nuevo-personal\\\/\"]}]},{\"@type\":\"ImageObject\",\"inLanguage\":\"es\",\"@id\":\"https:\\\/\\\/www.justice4all.org\\\/es\\\/news\\\/bienvenido-nuestro-nuevo-personal\\\/#primaryimage\",\"url\":\"https:\\\/\\\/www.justice4all.org\\\/wp-content\\\/uploads\\\/2022\\\/11\\\/emilysmithresized-202x300.png\",\"contentUrl\":\"https:\\\/\\\/www.justice4all.org\\\/wp-content\\\/uploads\\\/2022\\\/11\\\/emilysmithresized-202x300.png\"},{\"@type\":\"BreadcrumbList\",\"@id\":\"https:\\\/\\\/www.justice4all.org\\\/es\\\/news\\\/bienvenido-nuestro-nuevo-personal\\\/#breadcrumb\",\"itemListElement\":[{\"@type\":\"ListItem\",\"position\":1,\"name\":\"Home\",\"item\":\"https:\\\/\\\/www.justice4all.org\\\/es\\\/\"},{\"@type\":\"ListItem\",\"position\":2,\"name\":\"\u00a1Bienvenido nuestro nuevo personal!\"}]},{\"@type\":\"WebSite\",\"@id\":\"https:\\\/\\\/www.justice4all.org\\\/es\\\/#website\",\"url\":\"https:\\\/\\\/www.justice4all.org\\\/es\\\/\",\"name\":\"Legal Aid Justice Center\",\"description\":\"\",\"potentialAction\":[{\"@type\":\"SearchAction\",\"target\":{\"@type\":\"EntryPoint\",\"urlTemplate\":\"https:\\\/\\\/www.justice4all.org\\\/es\\\/?s={search_term_string}\"},\"query-input\":{\"@type\":\"PropertyValueSpecification\",\"valueRequired\":true,\"valueName\":\"search_term_string\"}}],\"inLanguage\":\"es\"}]}<\/script>\n<!-- \/ Yoast SEO plugin. -->","yoast_head_json":{"title":"\u00a1Bienvenido nuestro nuevo personal! - Legal Aid Justice Center","robots":{"index":"index","follow":"follow","max-snippet":"max-snippet:-1","max-image-preview":"max-image-preview:large","max-video-preview":"max-video-preview:-1"},"canonical":"https:\/\/www.justice4all.org\/es\/news\/bienvenido-nuestro-nuevo-personal\/","og_locale":"es_ES","og_type":"article","og_title":"\u00a1Bienvenido nuestro nuevo personal! - Legal Aid Justice Center","og_description":"En los \u00faltimos meses se nos han unido nuevos y fant\u00e1sticos miembros del personal. Conozca al personal que ha empezado a trabajar con nosotros desde julio: Emily Smith (ella\/ella) - Abogada, Programa de Justicia Econ\u00f3mica Emily se incorpor\u00f3 al LAJC en junio de 2022. Antes de trabajar en el LAJC, trabaj\u00f3 durante tres a\u00f1os para [&hellip;]","og_url":"https:\/\/www.justice4all.org\/es\/news\/bienvenido-nuestro-nuevo-personal\/","og_site_name":"Legal Aid Justice Center","og_image":[{"url":"https:\/\/www.justice4all.org\/wp-content\/uploads\/2022\/11\/emilysmithresized-202x300.png","type":"","width":"","height":""}],"twitter_card":"summary_large_image","twitter_misc":{"Tiempo de lectura":"8 minuto"},"schema":{"@context":"https:\/\/schema.org","@graph":[{"@type":"WebPage","@id":"https:\/\/www.justice4all.org\/es\/news\/bienvenido-nuestro-nuevo-personal\/","url":"https:\/\/www.justice4all.org\/es\/news\/bienvenido-nuestro-nuevo-personal\/","name":"\u00a1Bienvenido nuestro nuevo personal! - Legal Aid Justice Center","isPartOf":{"@id":"https:\/\/www.justice4all.org\/es\/#website"},"primaryImageOfPage":{"@id":"https:\/\/www.justice4all.org\/es\/news\/bienvenido-nuestro-nuevo-personal\/#primaryimage"},"image":{"@id":"https:\/\/www.justice4all.org\/es\/news\/bienvenido-nuestro-nuevo-personal\/#primaryimage"},"thumbnailUrl":"https:\/\/www.justice4all.org\/wp-content\/uploads\/2022\/11\/emilysmithresized-202x300.png","datePublished":"2022-11-11T09:57:13+00:00","breadcrumb":{"@id":"https:\/\/www.justice4all.org\/es\/news\/bienvenido-nuestro-nuevo-personal\/#breadcrumb"},"inLanguage":"es","potentialAction":[{"@type":"ReadAction","target":["https:\/\/www.justice4all.org\/es\/news\/bienvenido-nuestro-nuevo-personal\/"]}]},{"@type":"ImageObject","inLanguage":"es","@id":"https:\/\/www.justice4all.org\/es\/news\/bienvenido-nuestro-nuevo-personal\/#primaryimage","url":"https:\/\/www.justice4all.org\/wp-content\/uploads\/2022\/11\/emilysmithresized-202x300.png","contentUrl":"https:\/\/www.justice4all.org\/wp-content\/uploads\/2022\/11\/emilysmithresized-202x300.png"},{"@type":"BreadcrumbList","@id":"https:\/\/www.justice4all.org\/es\/news\/bienvenido-nuestro-nuevo-personal\/#breadcrumb","itemListElement":[{"@type":"ListItem","position":1,"name":"Home","item":"https:\/\/www.justice4all.org\/es\/"},{"@type":"ListItem","position":2,"name":"\u00a1Bienvenido nuestro nuevo personal!"}]},{"@type":"WebSite","@id":"https:\/\/www.justice4all.org\/es\/#website","url":"https:\/\/www.justice4all.org\/es\/","name":"Legal Aid Justice Center","description":"","potentialAction":[{"@type":"SearchAction","target":{"@type":"EntryPoint","urlTemplate":"https:\/\/www.justice4all.org\/es\/?s={search_term_string}"},"query-input":{"@type":"PropertyValueSpecification","valueRequired":true,"valueName":"search_term_string"}}],"inLanguage":"es"}]}},"_links":{"self":[{"href":"https:\/\/www.justice4all.org\/es\/wp-json\/wp\/v2\/lajc_news\/13143","targetHints":{"allow":["GET"]}}],"collection":[{"href":"https:\/\/www.justice4all.org\/es\/wp-json\/wp\/v2\/lajc_news"}],"about":[{"href":"https:\/\/www.justice4all.org\/es\/wp-json\/wp\/v2\/types\/lajc_news"}],"author":[{"embeddable":true,"href":"https:\/\/www.justice4all.org\/es\/wp-json\/wp\/v2\/users\/4"}],"version-history":[{"count":0,"href":"https:\/\/www.justice4all.org\/es\/wp-json\/wp\/v2\/lajc_news\/13143\/revisions"}],"wp:attachment":[{"href":"https:\/\/www.justice4all.org\/es\/wp-json\/wp\/v2\/media?parent=13143"}],"wp:term":[{"taxonomy":"lajc-tax-news-type","embeddable":true,"href":"https:\/\/www.justice4all.org\/es\/wp-json\/wp\/v2\/lajc-tax-news-type?post=13143"},{"taxonomy":"lajc-tax-roles","embeddable":true,"href":"https:\/\/www.justice4all.org\/es\/wp-json\/wp\/v2\/lajc-tax-roles?post=13143"},{"taxonomy":"lajc-tax-issues","embeddable":true,"href":"https:\/\/www.justice4all.org\/es\/wp-json\/wp\/v2\/lajc-tax-issues?post=13143"},{"taxonomy":"lajc-tax-locations","embeddable":true,"href":"https:\/\/www.justice4all.org\/es\/wp-json\/wp\/v2\/lajc-tax-locations?post=13143"}],"curies":[{"name":"wp","href":"https:\/\/api.w.org\/{rel}","templated":true}]}}