{"id":13140,"date":"2022-11-21T10:42:49","date_gmt":"2022-11-21T10:42:49","guid":{"rendered":"https:\/\/lajc2023stg.wpengine.com\/news\/anunciamos-el-programa-de-justicia-laboral\/"},"modified":"2022-11-21T10:42:49","modified_gmt":"2022-11-21T10:42:49","slug":"anunciamos-el-programa-de-justicia-laboral","status":"publish","type":"lajc_news","link":"https:\/\/www.justice4all.org\/es\/news\/anunciamos-el-programa-de-justicia-laboral\/","title":{"rendered":"Anunciamos el Programa de Justicia Laboral"},"content":{"rendered":"<div class=\"lajc-m-content\"><img loading=\"lazy\" decoding=\"async\" src=\"https:\/\/www.justice4all.org\/wp-content\/uploads\/2022\/11\/DESIGN_Email-Header_1-01-1024x384.jpg\" sizes=\"auto, (max-width: 1024px) 100vw, 1024px\" srcset=\"https:\/\/www.justice4all.org\/wp-content\/uploads\/2022\/11\/DESIGN_Email-Header_1-01-1024x384.jpg 1024w, https:\/\/www.justice4all.org\/wp-content\/uploads\/2022\/11\/DESIGN_Email-Header_1-01-300x112.jpg 300w, https:\/\/www.justice4all.org\/wp-content\/uploads\/2022\/11\/DESIGN_Email-Header_1-01-768x288.jpg 768w, https:\/\/www.justice4all.org\/wp-content\/uploads\/2022\/11\/DESIGN_Email-Header_1-01-1536x576.jpg 1536w, https:\/\/www.justice4all.org\/wp-content\/uploads\/2022\/11\/DESIGN_Email-Header_1-01-2048x768.jpg 2048w\" alt=\"\" width=\"1024\" height=\"384\"><\/p>\n<p><strong>\u00a1Grandes noticias! Nos complace anunciar el lanzamiento del programa m\u00e1s reciente de LAJC: \u00a1el Programa de Justicia Laboral!&nbsp;<\/strong><\/p>\n<p><strong><a href=\"https:\/\/www.justice4all.org\/es\/quienes-somos\/#plan\">Un elemento clave de nuestro plan estrat\u00e9gico 2022-2026<\/a><\/strong>Nuestro nuevo Programa de Justicia para los Trabajadores se basa en los esfuerzos realizados durante mucho tiempo por nuestro equipo de trabajadores agr\u00edcolas, que, como parte de nuestro Programa de Defensa de los Inmigrantes, lleva d\u00e9cadas organizando y defendiendo a los trabajadores inmigrantes de todo el estado, desde los recolectores de tomates de la costa este hasta los trabajadores de los \u00e1rboles de Navidad del extremo suroeste de Virginia.  &nbsp;<\/p>\n<p>Al principio de la pandemia, nuestro equipo de trabajadores agr\u00edcolas apoy\u00f3 a los trabajadores av\u00edcolas en sus demandas de mejores normas de seguridad en el lugar de trabajo. \u00bfEl resultado? Las primeras normas de seguridad en el lugar de trabajo espec\u00edficas y de obligado cumplimiento del pa\u00eds, normas que se aplicaban a <i>todos los<\/i> trabajadores de Virginia. Esta es s\u00f3lo una de las innumerables maneras en que este equipo ya ha marcado la diferencia para los trabajadores de nuestro Estado.  &nbsp;<\/p>\n<p>El nuevo Programa de Justicia Laboral continuar\u00e1 esta labor y, con el tiempo, ampliar\u00e1 su misi\u00f3n para apoyar los esfuerzos de otros trabajadores con salarios bajos de Virginia por luchar por el salario y el trato que merecen.&nbsp;&nbsp;<\/p>\n<p>Por primera vez en el LAJC, el programa estar\u00e1 dirigido por dos codirectores, un abogado y un organizador comunitario, que expondr\u00e1n una visi\u00f3n arraigada en el poder colectivo, centrada en los propios trabajadores.&nbsp;<\/p>\n<p><img loading=\"lazy\" decoding=\"async\" src=\"https:\/\/www.justice4all.org\/wp-content\/uploads\/2018\/07\/Gago-682x1024.jpg\" sizes=\"auto, (max-width: 682px) 100vw, 682px\" srcset=\"https:\/\/www.justice4all.org\/wp-content\/uploads\/2018\/07\/Gago-682x1024.jpg 682w, https:\/\/www.justice4all.org\/wp-content\/uploads\/2018\/07\/Gago-200x300.jpg 200w, https:\/\/www.justice4all.org\/wp-content\/uploads\/2018\/07\/Gago-768x1152.jpg 768w, https:\/\/www.justice4all.org\/wp-content\/uploads\/2018\/07\/Gago.jpg 1602w\" alt=\"\" width=\"682\" height=\"1024\"><\/p>\n<p style=\"text-align: left;\"><em><strong>\u00abLa pandemia de COVID acaba de confirmar lo que presenciamos en cada evento de divulgaci\u00f3n y comunitario en el que participamos:, los trabajadores con bajos ingresos y especialmente los trabajadores negros e inmigrantes siempre se quedan atr\u00e1s. Estamos dispuestos a trabajar junto a estos trabajadores esenciales para garantizar que puedan prosperar.\u00bb<\/strong><\/em><\/p>\n<p style=\"text-align: left;\">Manuel Gago, Director del Programa de Justicia Laboral.<\/p>\n<p style=\"text-align: left;\"><em><strong>\u00abLos trabajadores en Virginia son esenciales para nuestra econom\u00eda, y los trabajadores de bajos salarios que apoyamos a menudo hacen trabajos cruciales que la mayor\u00eda de nosotros damos por sentado. Estoy deseando ayudar a nuestro equipo a desarrollar nuevas asociaciones con comunidades de todo el estado para crear un cambio significativo.\u00bb<\/strong><\/em><\/p>\n<p style=\"text-align: left;\">Jason Yarashes, Director del Programa de Justicia Laboral<\/p>\n<p><img loading=\"lazy\" decoding=\"async\" src=\"https:\/\/www.justice4all.org\/wp-content\/uploads\/2017\/07\/jason-yarashes-headshot.png\" alt=\"\" width=\"200\" height=\"300\"><\/p>\n<p>Los pol\u00edticos afirman a menudo que Virginia es uno de los mejores estados para hacer negocios, pero con demasiada frecuencia el coste de esta afirmaci\u00f3n recae sobre los trabajadores.  <strong>Nuestro equipo est\u00e1 dispuesto a luchar junto a quienes presionan para hacer de Virginia un lugar de trabajo m\u00e1s justo y equitativo.<\/strong><\/p>\n<\/div>\n","protected":false},"excerpt":{"rendered":"<p>\u00a1Grandes noticias! Nos complace anunciar el lanzamiento del programa m\u00e1s reciente de LAJC: \u00a1el Programa de Justicia Laboral!&nbsp; Un elemento clave de nuestro plan estrat\u00e9gico 2022-2026Nuestro nuevo Programa de Justicia para los Trabajadores se basa en los esfuerzos realizados durante mucho tiempo por nuestro equipo de trabajadores agr\u00edcolas, que, como parte de nuestro Programa de [&hellip;]<\/p>\n","protected":false},"author":4,"featured_media":0,"parent":0,"menu_order":0,"template":"","format":"standard","meta":{"footnotes":""},"lajc-tax-news-type":[],"lajc-tax-roles":[],"lajc-tax-issues":[80],"lajc-tax-locations":[],"class_list":["post-13140","lajc_news","type-lajc_news","status-publish","format-standard","hentry","lajc-tax-issues-workplace-es"],"acf":[],"yoast_head":"<!-- This site is optimized with the Yoast SEO plugin v27.5 - https:\/\/yoast.com\/product\/yoast-seo-wordpress\/ -->\n<title>Anunciamos el Programa de Justicia Laboral - Legal Aid Justice Center<\/title>\n<meta name=\"robots\" content=\"index, follow, max-snippet:-1, max-image-preview:large, max-video-preview:-1\" \/>\n<link rel=\"canonical\" href=\"https:\/\/www.justice4all.org\/es\/news\/anunciamos-el-programa-de-justicia-laboral\/\" \/>\n<meta property=\"og:locale\" content=\"es_ES\" \/>\n<meta property=\"og:type\" content=\"article\" \/>\n<meta property=\"og:title\" content=\"Anunciamos el Programa de Justicia Laboral - Legal Aid Justice Center\" \/>\n<meta property=\"og:description\" content=\"\u00a1Grandes noticias! Nos complace anunciar el lanzamiento del programa m\u00e1s reciente de LAJC: \u00a1el Programa de Justicia Laboral!&nbsp; Un elemento clave de nuestro plan estrat\u00e9gico 2022-2026Nuestro nuevo Programa de Justicia para los Trabajadores se basa en los esfuerzos realizados durante mucho tiempo por nuestro equipo de trabajadores agr\u00edcolas, que, como parte de nuestro Programa de [&hellip;]\" \/>\n<meta property=\"og:url\" content=\"https:\/\/www.justice4all.org\/es\/news\/anunciamos-el-programa-de-justicia-laboral\/\" \/>\n<meta property=\"og:site_name\" content=\"Legal Aid Justice Center\" \/>\n<meta property=\"og:image\" content=\"https:\/\/www.justice4all.org\/wp-content\/uploads\/2022\/11\/DESIGN_Email-Header_1-01-1024x384.jpg\" \/>\n<meta name=\"twitter:card\" content=\"summary_large_image\" \/>\n<meta name=\"twitter:label1\" content=\"Tiempo de lectura\" \/>\n\t<meta name=\"twitter:data1\" content=\"2 minuto\" \/>\n<script type=\"application\/ld+json\" class=\"yoast-schema-graph\">{\"@context\":\"https:\\\/\\\/schema.org\",\"@graph\":[{\"@type\":\"WebPage\",\"@id\":\"https:\\\/\\\/www.justice4all.org\\\/es\\\/news\\\/anunciamos-el-programa-de-justicia-laboral\\\/\",\"url\":\"https:\\\/\\\/www.justice4all.org\\\/es\\\/news\\\/anunciamos-el-programa-de-justicia-laboral\\\/\",\"name\":\"Anunciamos el Programa de Justicia Laboral - Legal Aid Justice Center\",\"isPartOf\":{\"@id\":\"https:\\\/\\\/www.justice4all.org\\\/es\\\/#website\"},\"primaryImageOfPage\":{\"@id\":\"https:\\\/\\\/www.justice4all.org\\\/es\\\/news\\\/anunciamos-el-programa-de-justicia-laboral\\\/#primaryimage\"},\"image\":{\"@id\":\"https:\\\/\\\/www.justice4all.org\\\/es\\\/news\\\/anunciamos-el-programa-de-justicia-laboral\\\/#primaryimage\"},\"thumbnailUrl\":\"https:\\\/\\\/www.justice4all.org\\\/wp-content\\\/uploads\\\/2022\\\/11\\\/DESIGN_Email-Header_1-01-1024x384.jpg\",\"datePublished\":\"2022-11-21T10:42:49+00:00\",\"breadcrumb\":{\"@id\":\"https:\\\/\\\/www.justice4all.org\\\/es\\\/news\\\/anunciamos-el-programa-de-justicia-laboral\\\/#breadcrumb\"},\"inLanguage\":\"es\",\"potentialAction\":[{\"@type\":\"ReadAction\",\"target\":[\"https:\\\/\\\/www.justice4all.org\\\/es\\\/news\\\/anunciamos-el-programa-de-justicia-laboral\\\/\"]}]},{\"@type\":\"ImageObject\",\"inLanguage\":\"es\",\"@id\":\"https:\\\/\\\/www.justice4all.org\\\/es\\\/news\\\/anunciamos-el-programa-de-justicia-laboral\\\/#primaryimage\",\"url\":\"https:\\\/\\\/www.justice4all.org\\\/wp-content\\\/uploads\\\/2022\\\/11\\\/DESIGN_Email-Header_1-01-1024x384.jpg\",\"contentUrl\":\"https:\\\/\\\/www.justice4all.org\\\/wp-content\\\/uploads\\\/2022\\\/11\\\/DESIGN_Email-Header_1-01-1024x384.jpg\"},{\"@type\":\"BreadcrumbList\",\"@id\":\"https:\\\/\\\/www.justice4all.org\\\/es\\\/news\\\/anunciamos-el-programa-de-justicia-laboral\\\/#breadcrumb\",\"itemListElement\":[{\"@type\":\"ListItem\",\"position\":1,\"name\":\"Home\",\"item\":\"https:\\\/\\\/www.justice4all.org\\\/es\\\/\"},{\"@type\":\"ListItem\",\"position\":2,\"name\":\"Anunciamos el Programa de Justicia Laboral\"}]},{\"@type\":\"WebSite\",\"@id\":\"https:\\\/\\\/www.justice4all.org\\\/es\\\/#website\",\"url\":\"https:\\\/\\\/www.justice4all.org\\\/es\\\/\",\"name\":\"Legal Aid Justice Center\",\"description\":\"\",\"potentialAction\":[{\"@type\":\"SearchAction\",\"target\":{\"@type\":\"EntryPoint\",\"urlTemplate\":\"https:\\\/\\\/www.justice4all.org\\\/es\\\/?s={search_term_string}\"},\"query-input\":{\"@type\":\"PropertyValueSpecification\",\"valueRequired\":true,\"valueName\":\"search_term_string\"}}],\"inLanguage\":\"es\"}]}<\/script>\n<!-- \/ Yoast SEO plugin. -->","yoast_head_json":{"title":"Anunciamos el Programa de Justicia Laboral - Legal Aid Justice Center","robots":{"index":"index","follow":"follow","max-snippet":"max-snippet:-1","max-image-preview":"max-image-preview:large","max-video-preview":"max-video-preview:-1"},"canonical":"https:\/\/www.justice4all.org\/es\/news\/anunciamos-el-programa-de-justicia-laboral\/","og_locale":"es_ES","og_type":"article","og_title":"Anunciamos el Programa de Justicia Laboral - Legal Aid Justice Center","og_description":"\u00a1Grandes noticias! Nos complace anunciar el lanzamiento del programa m\u00e1s reciente de LAJC: \u00a1el Programa de Justicia Laboral!&nbsp; Un elemento clave de nuestro plan estrat\u00e9gico 2022-2026Nuestro nuevo Programa de Justicia para los Trabajadores se basa en los esfuerzos realizados durante mucho tiempo por nuestro equipo de trabajadores agr\u00edcolas, que, como parte de nuestro Programa de [&hellip;]","og_url":"https:\/\/www.justice4all.org\/es\/news\/anunciamos-el-programa-de-justicia-laboral\/","og_site_name":"Legal Aid Justice Center","og_image":[{"url":"https:\/\/www.justice4all.org\/wp-content\/uploads\/2022\/11\/DESIGN_Email-Header_1-01-1024x384.jpg","type":"","width":"","height":""}],"twitter_card":"summary_large_image","twitter_misc":{"Tiempo de lectura":"2 minuto"},"schema":{"@context":"https:\/\/schema.org","@graph":[{"@type":"WebPage","@id":"https:\/\/www.justice4all.org\/es\/news\/anunciamos-el-programa-de-justicia-laboral\/","url":"https:\/\/www.justice4all.org\/es\/news\/anunciamos-el-programa-de-justicia-laboral\/","name":"Anunciamos el Programa de Justicia Laboral - Legal Aid Justice Center","isPartOf":{"@id":"https:\/\/www.justice4all.org\/es\/#website"},"primaryImageOfPage":{"@id":"https:\/\/www.justice4all.org\/es\/news\/anunciamos-el-programa-de-justicia-laboral\/#primaryimage"},"image":{"@id":"https:\/\/www.justice4all.org\/es\/news\/anunciamos-el-programa-de-justicia-laboral\/#primaryimage"},"thumbnailUrl":"https:\/\/www.justice4all.org\/wp-content\/uploads\/2022\/11\/DESIGN_Email-Header_1-01-1024x384.jpg","datePublished":"2022-11-21T10:42:49+00:00","breadcrumb":{"@id":"https:\/\/www.justice4all.org\/es\/news\/anunciamos-el-programa-de-justicia-laboral\/#breadcrumb"},"inLanguage":"es","potentialAction":[{"@type":"ReadAction","target":["https:\/\/www.justice4all.org\/es\/news\/anunciamos-el-programa-de-justicia-laboral\/"]}]},{"@type":"ImageObject","inLanguage":"es","@id":"https:\/\/www.justice4all.org\/es\/news\/anunciamos-el-programa-de-justicia-laboral\/#primaryimage","url":"https:\/\/www.justice4all.org\/wp-content\/uploads\/2022\/11\/DESIGN_Email-Header_1-01-1024x384.jpg","contentUrl":"https:\/\/www.justice4all.org\/wp-content\/uploads\/2022\/11\/DESIGN_Email-Header_1-01-1024x384.jpg"},{"@type":"BreadcrumbList","@id":"https:\/\/www.justice4all.org\/es\/news\/anunciamos-el-programa-de-justicia-laboral\/#breadcrumb","itemListElement":[{"@type":"ListItem","position":1,"name":"Home","item":"https:\/\/www.justice4all.org\/es\/"},{"@type":"ListItem","position":2,"name":"Anunciamos el Programa de Justicia Laboral"}]},{"@type":"WebSite","@id":"https:\/\/www.justice4all.org\/es\/#website","url":"https:\/\/www.justice4all.org\/es\/","name":"Legal Aid Justice Center","description":"","potentialAction":[{"@type":"SearchAction","target":{"@type":"EntryPoint","urlTemplate":"https:\/\/www.justice4all.org\/es\/?s={search_term_string}"},"query-input":{"@type":"PropertyValueSpecification","valueRequired":true,"valueName":"search_term_string"}}],"inLanguage":"es"}]}},"_links":{"self":[{"href":"https:\/\/www.justice4all.org\/es\/wp-json\/wp\/v2\/lajc_news\/13140","targetHints":{"allow":["GET"]}}],"collection":[{"href":"https:\/\/www.justice4all.org\/es\/wp-json\/wp\/v2\/lajc_news"}],"about":[{"href":"https:\/\/www.justice4all.org\/es\/wp-json\/wp\/v2\/types\/lajc_news"}],"author":[{"embeddable":true,"href":"https:\/\/www.justice4all.org\/es\/wp-json\/wp\/v2\/users\/4"}],"version-history":[{"count":0,"href":"https:\/\/www.justice4all.org\/es\/wp-json\/wp\/v2\/lajc_news\/13140\/revisions"}],"wp:attachment":[{"href":"https:\/\/www.justice4all.org\/es\/wp-json\/wp\/v2\/media?parent=13140"}],"wp:term":[{"taxonomy":"lajc-tax-news-type","embeddable":true,"href":"https:\/\/www.justice4all.org\/es\/wp-json\/wp\/v2\/lajc-tax-news-type?post=13140"},{"taxonomy":"lajc-tax-roles","embeddable":true,"href":"https:\/\/www.justice4all.org\/es\/wp-json\/wp\/v2\/lajc-tax-roles?post=13140"},{"taxonomy":"lajc-tax-issues","embeddable":true,"href":"https:\/\/www.justice4all.org\/es\/wp-json\/wp\/v2\/lajc-tax-issues?post=13140"},{"taxonomy":"lajc-tax-locations","embeddable":true,"href":"https:\/\/www.justice4all.org\/es\/wp-json\/wp\/v2\/lajc-tax-locations?post=13140"}],"curies":[{"name":"wp","href":"https:\/\/api.w.org\/{rel}","templated":true}]}}