{"id":13138,"date":"2023-02-08T11:05:28","date_gmt":"2023-02-08T11:05:28","guid":{"rendered":"https:\/\/lajc2023stg.wpengine.com\/news\/actualizacion-transversal-sesion-legislativa-2023\/"},"modified":"2023-02-08T11:05:28","modified_gmt":"2023-02-08T11:05:28","slug":"actualizacion-transversal-sesion-legislativa-2023","status":"publish","type":"lajc_news","link":"https:\/\/www.justice4all.org\/es\/news\/actualizacion-transversal-sesion-legislativa-2023\/","title":{"rendered":"Actualizaci\u00f3n transversal - Sesi\u00f3n legislativa 2023"},"content":{"rendered":"<div class=\"lajc-m-content\"><img width=\"1024\" height=\"384\" src=\"https:\/\/www.justice4all.org\/wp-content\/uploads\/2023\/02\/DESIGN_Crossover-Legislative-Session-2023-1024x384.jpg\" alt=\"\" decoding=\"async\" loading=\"lazy\" srcset=\"https:\/\/www.justice4all.org\/wp-content\/uploads\/2023\/02\/DESIGN_Crossover-Legislative-Session-2023-1024x384.jpg 1024w, https:\/\/www.justice4all.org\/wp-content\/uploads\/2023\/02\/DESIGN_Crossover-Legislative-Session-2023-300x112.jpg 300w, https:\/\/www.justice4all.org\/wp-content\/uploads\/2023\/02\/DESIGN_Crossover-Legislative-Session-2023-768x288.jpg 768w, https:\/\/www.justice4all.org\/wp-content\/uploads\/2023\/02\/DESIGN_Crossover-Legislative-Session-2023-1536x576.jpg 1536w, https:\/\/www.justice4all.org\/wp-content\/uploads\/2023\/02\/DESIGN_Crossover-Legislative-Session-2023-2048x768.jpg 2048w\" sizes=\"auto, (max-width: 1024px) 100vw, 1024px\"><\/p>\n<p>En la primera mitad de la sesi\u00f3n de la Asamblea General de 2023, el personal del LAJC ha defendido, testificado y apoyado el testimonio de miembros de la comunidad a favor de proyectos de ley que podr\u00edan  <strong>mejorar la financiaci\u00f3n de las escuelas p\u00fablicas, ampliar la cobertura sanitaria infantil integral y asequible, aumentar los derechos de los inquilinos, aliviar la carga y el perjuicio que las multas judiciales pueden suponer para quienes regresan de la c\u00e1rcel<\/strong>y mucho m\u00e1s. Tambi\u00e9n nos hemos opuesto a propuestas legislativas que har\u00edan retroceder los avances logrados en los \u00faltimos a\u00f1os, entre ellas propuestas para ampliar la vigilancia policial en las escuelas, devolver normas injustas al proceso previo al juicio en Virginia y reinstaurar pr\u00e1cticas policiales racistas.<\/p>\n<p><strong>Un proyecto de ley contra el que estamos luchando actualmente es el HB1365, que restablecer\u00eda las presunciones recientemente derogadas contra la libertad bajo fianza<\/strong>. Este tipo de detenci\u00f3n preventiva no mejora la seguridad de nadie, sino que puede tener un impacto desestabilizador en las personas y las comunidades.<\/p>\n<p><a href=\"https:\/\/www.justice4all.org\/stop-presumptions-against-bail\/\" role=\"button\"><br \/>\nM\u00e1s informaci\u00f3n e instar a los legisladores a oponerse a HB1365<br \/>\n<\/a><\/p>\n<p>Hemos apoyado a socios como <a href=\"http:\/\/vacolao.org\/\">VACOLAO<\/a>, <a href=\"https:\/\/www.veanea.org\/\">VEA<\/a>, <a href=\"https:\/\/www.acluva.org\/\">ACLUVA<\/a> y <a href=\"https:\/\/justiceforwardva.com\/\">Justice Forward<\/a> en su labor de llevar a miembros de la comunidad al Capitolio para abogar por el cambio, y hemos trabajado entre bastidores con los legisladores para hacer avanzar los proyectos de ley en el proceso. Esto es s\u00f3lo un atisbo de los esfuerzos del LAJC por hacer avanzar a Virginia y proteger los logros conseguidos hasta ahora.<\/p>\n<p><img width=\"1024\" height=\"576\" src=\"https:\/\/www.justice4all.org\/wp-content\/uploads\/2023\/02\/4e260348-eb87-476d-adcd-37a1d8de06b7-1024x576.jpg\" alt=\"\" decoding=\"async\" loading=\"lazy\" srcset=\"https:\/\/www.justice4all.org\/wp-content\/uploads\/2023\/02\/4e260348-eb87-476d-adcd-37a1d8de06b7-1024x576.jpg 1024w, https:\/\/www.justice4all.org\/wp-content\/uploads\/2023\/02\/4e260348-eb87-476d-adcd-37a1d8de06b7-300x169.jpg 300w, https:\/\/www.justice4all.org\/wp-content\/uploads\/2023\/02\/4e260348-eb87-476d-adcd-37a1d8de06b7-768x432.jpg 768w, https:\/\/www.justice4all.org\/wp-content\/uploads\/2023\/02\/4e260348-eb87-476d-adcd-37a1d8de06b7.jpg 1200w\" sizes=\"auto, (max-width: 1024px) 100vw, 1024px\"><\/p>\n<p><em>Miembros del personal del LAJC tras testificar en la comisi\u00f3n junto con Rob Poggenklass, de Justice Forward.<\/em><\/p>\n<p><img width=\"1024\" height=\"576\" src=\"https:\/\/www.justice4all.org\/wp-content\/uploads\/2023\/02\/d1e94759-813b-4bec-b149-02f9f900a0de-1024x576.jpg\" alt=\"\" decoding=\"async\" loading=\"lazy\" srcset=\"https:\/\/www.justice4all.org\/wp-content\/uploads\/2023\/02\/d1e94759-813b-4bec-b149-02f9f900a0de-1024x576.jpg 1024w, https:\/\/www.justice4all.org\/wp-content\/uploads\/2023\/02\/d1e94759-813b-4bec-b149-02f9f900a0de-300x169.jpg 300w, https:\/\/www.justice4all.org\/wp-content\/uploads\/2023\/02\/d1e94759-813b-4bec-b149-02f9f900a0de-768x432.jpg 768w, https:\/\/www.justice4all.org\/wp-content\/uploads\/2023\/02\/d1e94759-813b-4bec-b149-02f9f900a0de.jpg 1200w\" sizes=\"auto, (max-width: 1024px) 100vw, 1024px\"><\/p>\n<p><em>La Directora Ejecutiva del LAJC, Angela Ciolfi, y el Director de Litigios, Simon Sandoval-Moshenberg, con j\u00f3venes defensores en la jornada de promoci\u00f3n de VACOLAO.<\/em><\/p>\n<p>Ahora estamos en el ecuador de la sesi\u00f3n de la Asamblea General de 2023, un momento conocido como \u00abCrossover\u00bb, cuando todos los proyectos de ley que pasaron el Senado y la C\u00e1mara se mueven a la c\u00e1mara opuesta para ser considerados y, si se aprueban, ir\u00e1n al Gobernador para la firma final, enmiendas, o para ser vetados.<\/p>\n<p>Aunque muchos proyectos de ley apoyados por el LAJC, nuestras comunidades y nuestros socios no se aprobaron este a\u00f1o, algunos siguen pendientes de consideraci\u00f3n, incluida la legislaci\u00f3n que:<\/p>\n<ul>\n<li style=\"font-weight: 400;\" data-leveltext=\"\uf0b7\" data-font=\"Symbol\" data-listid=\"0\" aria-setsize=\"-1\" data-aria-posinset=\"1\" data-aria-level=\"1\">Aumenta la financiaci\u00f3n escolar. Apoyamos esta iniciativa en el marco de la <a href=\"https:\/\/www.fundourschoolsva.org\/\">Coalici\u00f3n \u00abFinanciemos nuestras escuelas<\/a> \u00ab<a href=\"https:\/\/lis.virginia.gov\/cgi-bin\/legp604.exe?231+sum+SB1325\">(lea el proyecto de ley<\/a>)&nbsp;<\/li>\n<\/ul>\n<ul>\n<li style=\"font-weight: 400;\" data-leveltext=\"\uf0b7\" data-font=\"Symbol\" data-listid=\"0\" aria-setsize=\"-1\" data-aria-posinset=\"1\" data-aria-level=\"1\">Permite a las personas aplicar el trabajo realizado durante el encarcelamiento para ayudar a pagar las multas y honorarios de la corte y para que eso suceda a una tasa de pago justo<a href=\"https:\/\/lis.virginia.gov\/cgi-bin\/legp604.exe?231+sum+SB1282\">(leer el proyecto de ley<\/a>).&nbsp;<\/li>\n<\/ul>\n<ul>\n<li style=\"font-weight: 400;\" data-leveltext=\"\uf0b7\" data-font=\"Symbol\" data-listid=\"0\" aria-setsize=\"-1\" data-aria-posinset=\"1\" data-aria-level=\"1\">Acorta la duraci\u00f3n m\u00e1xima de la reclusi\u00f3n por un delito menor de clase 1 para evitar a los inmigrantes una posible deportaci\u00f3n u otros problemas de inmigraci\u00f3n debido a una infracci\u00f3n menor<a href=\"https:\/\/lis.virginia.gov\/cgi-bin\/legp604.exe?231+sum+SB929\">(leer proyecto de ley<\/a>).&nbsp;&nbsp;<\/li>\n<li style=\"font-weight: 400;\" data-leveltext=\"\uf0b7\" data-font=\"Symbol\" data-listid=\"0\" aria-setsize=\"-1\" data-aria-posinset=\"1\" data-aria-level=\"1\">Cambia el plazo de cobro de las tasas judiciales de 60 a 180 d\u00edas para que las personas que han estado encarceladas y se est\u00e1n reintegrando en sus comunidades dispongan de tiempo antes de que su deuda judicial se env\u00ede a cobro<a href=\"https:\/\/lis.virginia.gov\/cgi-bin\/legp604.exe?231+sum+SB1159\">(leer proyecto de ley<\/a>).  &nbsp;<\/li>\n<li style=\"font-weight: 400;\" data-leveltext=\"\uf0b7\" data-font=\"Symbol\" data-listid=\"0\" aria-setsize=\"-1\" data-aria-posinset=\"1\" data-aria-level=\"1\">Ampl\u00eda de 5 a 14 d\u00edas el periodo de espera obligatorio mediante un aviso denominado \u00abpay or quit\u00bb (paga o abandona) para dar m\u00e1s tiempo a los inquilinos a pagar el alquiler al recibir este aviso de la intenci\u00f3n del propietario de rescindir el contrato de alquiler si no se paga la renta. Apoyamos al <a href=\"https:\/\/vplc.org\/\">Virginia Poverty Law Center<\/a> en este esfuerzo.<a href=\"https:\/\/lis.virginia.gov\/cgi-bin\/legp604.exe?ses=231&amp;typ=bil&amp;val=SB1330\">(leer proyecto de ley<\/a>)&nbsp;<\/li>\n<\/ul>\n<p><img width=\"1024\" height=\"768\" src=\"https:\/\/www.justice4all.org\/wp-content\/uploads\/2023\/02\/8e7ab9f9-c13b-4541-b236-25372626d52c-1024x768.jpg\" alt=\"\" decoding=\"async\" loading=\"lazy\" srcset=\"https:\/\/www.justice4all.org\/wp-content\/uploads\/2023\/02\/8e7ab9f9-c13b-4541-b236-25372626d52c-1024x768.jpg 1024w, https:\/\/www.justice4all.org\/wp-content\/uploads\/2023\/02\/8e7ab9f9-c13b-4541-b236-25372626d52c-300x225.jpg 300w, https:\/\/www.justice4all.org\/wp-content\/uploads\/2023\/02\/8e7ab9f9-c13b-4541-b236-25372626d52c-768x576.jpg 768w, https:\/\/www.justice4all.org\/wp-content\/uploads\/2023\/02\/8e7ab9f9-c13b-4541-b236-25372626d52c.jpg 1200w\" sizes=\"auto, (max-width: 1024px) 100vw, 1024px\"><\/p>\n<p style=\"text-align: center;\"><em>Organizador del Programa de Justicia Juvenil Alex Blocker<\/em><br \/>\n<em>testifica en comisi\u00f3n sobre un proyecto de ley de educaci\u00f3n<\/em><\/p>\n<p>Probablemente ser\u00e1 un camino dif\u00edcil para que muchos de estos proyectos de ley lleguen a la mesa del Gobernador y se conviertan en ley, pero nuestro equipo de defensores y partidarios sigue luchando por un cambio positivo. Siga nuestros canales en las redes sociales para obtener informaci\u00f3n actualizada sobre la situaci\u00f3n de muchos de estos proyectos de ley y para ayudar a emprender acciones de apoyo.<\/p>\n<p><a href=\"https:\/\/www.facebook.com\/LegalAidJusticeCenter\" role=\"button\"><br \/>\n<\/a><br \/>\n<a href=\"https:\/\/www.instagram.com\/legalaidjusticecenter\/\" role=\"button\"><br \/>\n<\/a><br \/>\n<a href=\"https:\/\/twitter.com\/LegalAidJustice\" role=\"button\"><br \/>\n<\/a><\/p>\n<\/div>\n","protected":false},"excerpt":{"rendered":"<p>En la primera mitad de la sesi\u00f3n de la Asamblea General de 2023, el personal del LAJC ha defendido, testificado y apoyado el testimonio de miembros de la comunidad a favor de proyectos de ley que podr\u00edan mejorar la financiaci\u00f3n de las escuelas p\u00fablicas, ampliar la cobertura sanitaria infantil integral y asequible, aumentar los derechos [&hellip;]<\/p>\n","protected":false},"author":4,"featured_media":0,"parent":0,"menu_order":0,"template":"","format":"standard","meta":{"footnotes":""},"lajc-tax-news-type":[],"lajc-tax-roles":[],"lajc-tax-issues":[91,81,83,80,90,82,86],"lajc-tax-locations":[],"class_list":["post-13138","lajc_news","type-lajc_news","status-publish","format-standard","hentry","lajc-tax-issues-deuda-medica-y-de-consumo","lajc-tax-issues-immigration-es","lajc-tax-issues-youth-family-schools-es","lajc-tax-issues-workplace-es","lajc-tax-issues-sanidad-y-prestaciones-publicas","lajc-tax-issues-criminal-legal-system-es","lajc-tax-issues-vivienda"],"acf":[],"yoast_head":"<!-- This site is optimized with the Yoast SEO plugin v27.5 - https:\/\/yoast.com\/product\/yoast-seo-wordpress\/ -->\n<title>Actualizaci\u00f3n transversal - Sesi\u00f3n legislativa 2023 - Legal Aid Justice Center<\/title>\n<meta name=\"robots\" content=\"index, follow, max-snippet:-1, max-image-preview:large, max-video-preview:-1\" \/>\n<link rel=\"canonical\" href=\"https:\/\/www.justice4all.org\/es\/news\/actualizacion-transversal-sesion-legislativa-2023\/\" \/>\n<meta property=\"og:locale\" content=\"es_ES\" \/>\n<meta property=\"og:type\" content=\"article\" \/>\n<meta property=\"og:title\" content=\"Actualizaci\u00f3n transversal - Sesi\u00f3n legislativa 2023 - Legal Aid Justice Center\" \/>\n<meta property=\"og:description\" content=\"En la primera mitad de la sesi\u00f3n de la Asamblea General de 2023, el personal del LAJC ha defendido, testificado y apoyado el testimonio de miembros de la comunidad a favor de proyectos de ley que podr\u00edan mejorar la financiaci\u00f3n de las escuelas p\u00fablicas, ampliar la cobertura sanitaria infantil integral y asequible, aumentar los derechos [&hellip;]\" \/>\n<meta property=\"og:url\" content=\"https:\/\/www.justice4all.org\/es\/news\/actualizacion-transversal-sesion-legislativa-2023\/\" \/>\n<meta property=\"og:site_name\" content=\"Legal Aid Justice Center\" \/>\n<meta property=\"og:image\" content=\"https:\/\/www.justice4all.org\/wp-content\/uploads\/2023\/02\/DESIGN_Crossover-Legislative-Session-2023-1024x384.jpg\" \/>\n<meta name=\"twitter:card\" content=\"summary_large_image\" \/>\n<meta name=\"twitter:label1\" content=\"Tiempo de lectura\" \/>\n\t<meta name=\"twitter:data1\" content=\"4 minuto\" \/>\n<script type=\"application\/ld+json\" class=\"yoast-schema-graph\">{\"@context\":\"https:\\\/\\\/schema.org\",\"@graph\":[{\"@type\":\"WebPage\",\"@id\":\"https:\\\/\\\/www.justice4all.org\\\/es\\\/news\\\/actualizacion-transversal-sesion-legislativa-2023\\\/\",\"url\":\"https:\\\/\\\/www.justice4all.org\\\/es\\\/news\\\/actualizacion-transversal-sesion-legislativa-2023\\\/\",\"name\":\"Actualizaci\u00f3n transversal - Sesi\u00f3n legislativa 2023 - Legal Aid Justice Center\",\"isPartOf\":{\"@id\":\"https:\\\/\\\/www.justice4all.org\\\/es\\\/#website\"},\"primaryImageOfPage\":{\"@id\":\"https:\\\/\\\/www.justice4all.org\\\/es\\\/news\\\/actualizacion-transversal-sesion-legislativa-2023\\\/#primaryimage\"},\"image\":{\"@id\":\"https:\\\/\\\/www.justice4all.org\\\/es\\\/news\\\/actualizacion-transversal-sesion-legislativa-2023\\\/#primaryimage\"},\"thumbnailUrl\":\"https:\\\/\\\/www.justice4all.org\\\/wp-content\\\/uploads\\\/2023\\\/02\\\/DESIGN_Crossover-Legislative-Session-2023-1024x384.jpg\",\"datePublished\":\"2023-02-08T11:05:28+00:00\",\"breadcrumb\":{\"@id\":\"https:\\\/\\\/www.justice4all.org\\\/es\\\/news\\\/actualizacion-transversal-sesion-legislativa-2023\\\/#breadcrumb\"},\"inLanguage\":\"es\",\"potentialAction\":[{\"@type\":\"ReadAction\",\"target\":[\"https:\\\/\\\/www.justice4all.org\\\/es\\\/news\\\/actualizacion-transversal-sesion-legislativa-2023\\\/\"]}]},{\"@type\":\"ImageObject\",\"inLanguage\":\"es\",\"@id\":\"https:\\\/\\\/www.justice4all.org\\\/es\\\/news\\\/actualizacion-transversal-sesion-legislativa-2023\\\/#primaryimage\",\"url\":\"https:\\\/\\\/www.justice4all.org\\\/wp-content\\\/uploads\\\/2023\\\/02\\\/DESIGN_Crossover-Legislative-Session-2023-1024x384.jpg\",\"contentUrl\":\"https:\\\/\\\/www.justice4all.org\\\/wp-content\\\/uploads\\\/2023\\\/02\\\/DESIGN_Crossover-Legislative-Session-2023-1024x384.jpg\"},{\"@type\":\"BreadcrumbList\",\"@id\":\"https:\\\/\\\/www.justice4all.org\\\/es\\\/news\\\/actualizacion-transversal-sesion-legislativa-2023\\\/#breadcrumb\",\"itemListElement\":[{\"@type\":\"ListItem\",\"position\":1,\"name\":\"Home\",\"item\":\"https:\\\/\\\/www.justice4all.org\\\/es\\\/\"},{\"@type\":\"ListItem\",\"position\":2,\"name\":\"Actualizaci\u00f3n transversal &#8211; Sesi\u00f3n legislativa 2023\"}]},{\"@type\":\"WebSite\",\"@id\":\"https:\\\/\\\/www.justice4all.org\\\/es\\\/#website\",\"url\":\"https:\\\/\\\/www.justice4all.org\\\/es\\\/\",\"name\":\"Legal Aid Justice Center\",\"description\":\"\",\"potentialAction\":[{\"@type\":\"SearchAction\",\"target\":{\"@type\":\"EntryPoint\",\"urlTemplate\":\"https:\\\/\\\/www.justice4all.org\\\/es\\\/?s={search_term_string}\"},\"query-input\":{\"@type\":\"PropertyValueSpecification\",\"valueRequired\":true,\"valueName\":\"search_term_string\"}}],\"inLanguage\":\"es\"}]}<\/script>\n<!-- \/ Yoast SEO plugin. -->","yoast_head_json":{"title":"Actualizaci\u00f3n transversal - Sesi\u00f3n legislativa 2023 - Legal Aid Justice Center","robots":{"index":"index","follow":"follow","max-snippet":"max-snippet:-1","max-image-preview":"max-image-preview:large","max-video-preview":"max-video-preview:-1"},"canonical":"https:\/\/www.justice4all.org\/es\/news\/actualizacion-transversal-sesion-legislativa-2023\/","og_locale":"es_ES","og_type":"article","og_title":"Actualizaci\u00f3n transversal - Sesi\u00f3n legislativa 2023 - Legal Aid Justice Center","og_description":"En la primera mitad de la sesi\u00f3n de la Asamblea General de 2023, el personal del LAJC ha defendido, testificado y apoyado el testimonio de miembros de la comunidad a favor de proyectos de ley que podr\u00edan mejorar la financiaci\u00f3n de las escuelas p\u00fablicas, ampliar la cobertura sanitaria infantil integral y asequible, aumentar los derechos [&hellip;]","og_url":"https:\/\/www.justice4all.org\/es\/news\/actualizacion-transversal-sesion-legislativa-2023\/","og_site_name":"Legal Aid Justice Center","og_image":[{"url":"https:\/\/www.justice4all.org\/wp-content\/uploads\/2023\/02\/DESIGN_Crossover-Legislative-Session-2023-1024x384.jpg","type":"","width":"","height":""}],"twitter_card":"summary_large_image","twitter_misc":{"Tiempo de lectura":"4 minuto"},"schema":{"@context":"https:\/\/schema.org","@graph":[{"@type":"WebPage","@id":"https:\/\/www.justice4all.org\/es\/news\/actualizacion-transversal-sesion-legislativa-2023\/","url":"https:\/\/www.justice4all.org\/es\/news\/actualizacion-transversal-sesion-legislativa-2023\/","name":"Actualizaci\u00f3n transversal - Sesi\u00f3n legislativa 2023 - Legal Aid Justice Center","isPartOf":{"@id":"https:\/\/www.justice4all.org\/es\/#website"},"primaryImageOfPage":{"@id":"https:\/\/www.justice4all.org\/es\/news\/actualizacion-transversal-sesion-legislativa-2023\/#primaryimage"},"image":{"@id":"https:\/\/www.justice4all.org\/es\/news\/actualizacion-transversal-sesion-legislativa-2023\/#primaryimage"},"thumbnailUrl":"https:\/\/www.justice4all.org\/wp-content\/uploads\/2023\/02\/DESIGN_Crossover-Legislative-Session-2023-1024x384.jpg","datePublished":"2023-02-08T11:05:28+00:00","breadcrumb":{"@id":"https:\/\/www.justice4all.org\/es\/news\/actualizacion-transversal-sesion-legislativa-2023\/#breadcrumb"},"inLanguage":"es","potentialAction":[{"@type":"ReadAction","target":["https:\/\/www.justice4all.org\/es\/news\/actualizacion-transversal-sesion-legislativa-2023\/"]}]},{"@type":"ImageObject","inLanguage":"es","@id":"https:\/\/www.justice4all.org\/es\/news\/actualizacion-transversal-sesion-legislativa-2023\/#primaryimage","url":"https:\/\/www.justice4all.org\/wp-content\/uploads\/2023\/02\/DESIGN_Crossover-Legislative-Session-2023-1024x384.jpg","contentUrl":"https:\/\/www.justice4all.org\/wp-content\/uploads\/2023\/02\/DESIGN_Crossover-Legislative-Session-2023-1024x384.jpg"},{"@type":"BreadcrumbList","@id":"https:\/\/www.justice4all.org\/es\/news\/actualizacion-transversal-sesion-legislativa-2023\/#breadcrumb","itemListElement":[{"@type":"ListItem","position":1,"name":"Home","item":"https:\/\/www.justice4all.org\/es\/"},{"@type":"ListItem","position":2,"name":"Actualizaci\u00f3n transversal &#8211; Sesi\u00f3n legislativa 2023"}]},{"@type":"WebSite","@id":"https:\/\/www.justice4all.org\/es\/#website","url":"https:\/\/www.justice4all.org\/es\/","name":"Legal Aid Justice Center","description":"","potentialAction":[{"@type":"SearchAction","target":{"@type":"EntryPoint","urlTemplate":"https:\/\/www.justice4all.org\/es\/?s={search_term_string}"},"query-input":{"@type":"PropertyValueSpecification","valueRequired":true,"valueName":"search_term_string"}}],"inLanguage":"es"}]}},"_links":{"self":[{"href":"https:\/\/www.justice4all.org\/es\/wp-json\/wp\/v2\/lajc_news\/13138","targetHints":{"allow":["GET"]}}],"collection":[{"href":"https:\/\/www.justice4all.org\/es\/wp-json\/wp\/v2\/lajc_news"}],"about":[{"href":"https:\/\/www.justice4all.org\/es\/wp-json\/wp\/v2\/types\/lajc_news"}],"author":[{"embeddable":true,"href":"https:\/\/www.justice4all.org\/es\/wp-json\/wp\/v2\/users\/4"}],"version-history":[{"count":0,"href":"https:\/\/www.justice4all.org\/es\/wp-json\/wp\/v2\/lajc_news\/13138\/revisions"}],"wp:attachment":[{"href":"https:\/\/www.justice4all.org\/es\/wp-json\/wp\/v2\/media?parent=13138"}],"wp:term":[{"taxonomy":"lajc-tax-news-type","embeddable":true,"href":"https:\/\/www.justice4all.org\/es\/wp-json\/wp\/v2\/lajc-tax-news-type?post=13138"},{"taxonomy":"lajc-tax-roles","embeddable":true,"href":"https:\/\/www.justice4all.org\/es\/wp-json\/wp\/v2\/lajc-tax-roles?post=13138"},{"taxonomy":"lajc-tax-issues","embeddable":true,"href":"https:\/\/www.justice4all.org\/es\/wp-json\/wp\/v2\/lajc-tax-issues?post=13138"},{"taxonomy":"lajc-tax-locations","embeddable":true,"href":"https:\/\/www.justice4all.org\/es\/wp-json\/wp\/v2\/lajc-tax-locations?post=13138"}],"curies":[{"name":"wp","href":"https:\/\/api.w.org\/{rel}","templated":true}]}}