{"id":13124,"date":"2023-06-13T16:53:04","date_gmt":"2023-06-13T16:53:04","guid":{"rendered":"https:\/\/lajc2023stg.wpengine.com\/?post_type=lajc_news&#038;p=13124"},"modified":"2023-09-22T16:37:55","modified_gmt":"2023-09-22T16:37:55","slug":"policia-escolar-y-justicia-racial","status":"publish","type":"lajc_news","link":"https:\/\/www.justice4all.org\/es\/news\/policia-escolar-y-justicia-racial\/","title":{"rendered":"Polic\u00eda escolar y justicia racial"},"content":{"rendered":"<div class=\"lajc-m-content\"><a href=\"http:\/\/justice4all.org\/wp-content\/uploads\/2020\/06\/web-banner1.jpg\"><img loading=\"lazy\" decoding=\"async\" class=\"alignnone size-full wp-image-6320\" src=\"https:\/\/www.justice4all.org\/wp-content\/uploads\/2020\/06\/web-banner1.jpg\" alt=\"\" width=\"2000\" height=\"400\" srcset=\"https:\/\/www.justice4all.org\/wp-content\/uploads\/2020\/06\/web-banner1.jpg 2000w, https:\/\/www.justice4all.org\/wp-content\/uploads\/2020\/06\/web-banner1-300x60.jpg 300w, https:\/\/www.justice4all.org\/wp-content\/uploads\/2020\/06\/web-banner1-1024x205.jpg 1024w, https:\/\/www.justice4all.org\/wp-content\/uploads\/2020\/06\/web-banner1-768x154.jpg 768w, https:\/\/www.justice4all.org\/wp-content\/uploads\/2020\/06\/web-banner1-1536x307.jpg 1536w\" sizes=\"auto, (max-width: 2000px) 100vw, 2000px\" \/><\/a><\/p>\n<p>La semana pasada presentamos una serie de correos electr\u00f3nicos para ilustrar c\u00f3mo el racismo estructural se manifiesta en todos los sistemas de Virginia. Hoy hablaremos de la polic\u00eda escolar y del uso generalizado de los agentes de recursos escolares (SRO, por sus siglas en ingl\u00e9s), agentes de polic\u00eda de los cuerpos de seguridad locales destinados en los colegios p\u00fablicos de Virginia.<\/p>\n<p>En Virginia y en todo el pa\u00eds, la vigilancia escolar criminaliza innecesariamente a los j\u00f3venes y perjudica desproporcionadamente a los estudiantes negros. Existe una correlaci\u00f3n positiva entre el uso de los SRO y el abandono escolar, incluidas la suspensi\u00f3n, la expulsi\u00f3n, la remisi\u00f3n a las fuerzas del orden y la detenci\u00f3n. Mientras tanto, no hay ninguna investigaci\u00f3n o prueba aceptada de que los SRO aumenten la seguridad escolar, y muchos estudiantes, especialmente los negros, comparten que la presencia de los SRO les hace sentirse menos seguros en la escuela.<\/p>\n<p>Dentro de la poblaci\u00f3n estudiantil negra, hay intersecciones de raza, g\u00e9nero y discapacidad que nos muestran hasta qu\u00e9 punto la presencia de la polic\u00eda escolar aumenta el flujo del conducto de la escuela a la c\u00e1rcel: En Virginia, las ni\u00f1as negras se han visto envueltas, a un ritmo alarmante, en acusaciones subjetivas de \u00abalteraci\u00f3n del orden p\u00fablico\u00bb en las escuelas, lo que ha impulsado nuestro trabajo para eliminar ese delito del c\u00f3digo penal para los estudiantes. Nuestra investigaci\u00f3n tambi\u00e9n descubri\u00f3 que los ni\u00f1os negros con discapacidades en Virginia, en los \u00faltimos a\u00f1os, han tenido 20 veces m\u00e1s probabilidades de ser suspendidos que las ni\u00f1as blancas sin discapacidades.<\/p>\n<p>La actual revuelta nacional ha puesto de manifiesto la necesidad de cambios masivos en la actuaci\u00f3n policial, y las comunidades se enfrentan ahora al papel de los agentes de polic\u00eda en sus escuelas. Una lista cada vez mayor de divisiones escolares de todo Estados Unidos, incluida Charlottesville, ciudad natal del LAJC, han rescindido los acuerdos existentes con los departamentos de polic\u00eda y se han comprometido a poner en marcha procesos significativos para implicar a las comunidades locales en el futuro de la polic\u00eda escolar. Es hora de que todas las comunidades de Virginia sigan su ejemplo.<\/p>\n<p>Adem\u00e1s, la pandemia de coronavirus y la recesi\u00f3n econ\u00f3mica han suscitado debates sobre las prioridades presupuestarias del Estado. Cuando la Asamblea General vuelva a reunirse este verano para debatir el presupuesto estatal y la reforma policial, deber\u00e1 examinar las prioridades fiscales desde la perspectiva de la justicia racial. En el \u00e1mbito de la educaci\u00f3n p\u00fablica, esto significa desprenderse de la vigilancia escolar subvencionada por el Estado e invertir en ayudas a los estudiantes basadas en pruebas: m\u00e1s orientadores, enfermeros, trabajadores sociales y profesionales de apoyo, y pr\u00e1cticas disciplinarias verdaderamente reparadoras.<\/p>\n<p>ACT\u00daA<\/p>\n<p>Los alumnos y las comunidades escolares locales son quienes mejor saben lo que necesitan para que sus centros prosperen. ECHA UN VISTAZO a nuestra nueva p\u00e1gina sobre polic\u00eda escolar, que incluye una hoja informativa sobre los SRO en Virginia, una lista de comprobaci\u00f3n para la defensa de la polic\u00eda escolar, un ejemplo de solicitud de la Ley de Libertad de Informaci\u00f3n y enlaces a recursos nacionales sobre #EscuelasSinPolic\u00eda.<\/p>\n<p>Si desea m\u00e1s informaci\u00f3n o asistencia t\u00e9cnica para la promoci\u00f3n en su comunidad local, env\u00ede una solicitud aqu\u00ed.<\/p>\n<p>Y reg\u00edstrese aqu\u00ed para unirse a nuestra campa\u00f1a Fund Our Schools, que lucha por garantizar una financiaci\u00f3n equitativa para las escuelas p\u00fablicas de Virginia.<\/p>\n<p>Gracias, se\u00f1or,<\/p>\n<p>Rachael Deane<br \/>\nDirector Jur\u00eddico - Programa JustChildren<br \/>\nCentro de Justicia y Asistencia Jur\u00eddica<\/p><\/div>\n","protected":false},"excerpt":{"rendered":"<p>La semana pasada presentamos una serie de correos electr\u00f3nicos para ilustrar c\u00f3mo el racismo estructural se manifiesta en todos los sistemas de Virginia. Hoy hablaremos de la polic\u00eda escolar y del uso generalizado de los agentes de recursos escolares (SRO, por sus siglas en ingl\u00e9s), agentes de polic\u00eda de los cuerpos de seguridad locales destinados [&hellip;]<\/p>\n","protected":false},"author":4,"featured_media":0,"parent":0,"menu_order":0,"template":"","format":"standard","meta":{"footnotes":""},"lajc-tax-news-type":[],"lajc-tax-roles":[],"lajc-tax-issues":[83],"lajc-tax-locations":[],"class_list":["post-13124","lajc_news","type-lajc_news","status-publish","format-standard","hentry","lajc-tax-issues-youth-family-schools-es"],"acf":[],"yoast_head":"<!-- This site is optimized with the Yoast SEO plugin v27.5 - https:\/\/yoast.com\/product\/yoast-seo-wordpress\/ -->\n<title>Polic\u00eda escolar y justicia racial - Legal Aid Justice Center<\/title>\n<meta name=\"robots\" content=\"index, follow, max-snippet:-1, max-image-preview:large, max-video-preview:-1\" \/>\n<link rel=\"canonical\" href=\"https:\/\/www.justice4all.org\/es\/news\/policia-escolar-y-justicia-racial\/\" \/>\n<meta property=\"og:locale\" content=\"es_ES\" \/>\n<meta property=\"og:type\" content=\"article\" \/>\n<meta property=\"og:title\" content=\"Polic\u00eda escolar y justicia racial - Legal Aid Justice Center\" \/>\n<meta property=\"og:description\" content=\"La semana pasada presentamos una serie de correos electr\u00f3nicos para ilustrar c\u00f3mo el racismo estructural se manifiesta en todos los sistemas de Virginia. Hoy hablaremos de la polic\u00eda escolar y del uso generalizado de los agentes de recursos escolares (SRO, por sus siglas en ingl\u00e9s), agentes de polic\u00eda de los cuerpos de seguridad locales destinados [&hellip;]\" \/>\n<meta property=\"og:url\" content=\"https:\/\/www.justice4all.org\/es\/news\/policia-escolar-y-justicia-racial\/\" \/>\n<meta property=\"og:site_name\" content=\"Legal Aid Justice Center\" \/>\n<meta property=\"article:modified_time\" content=\"2023-09-22T16:37:55+00:00\" \/>\n<meta property=\"og:image\" content=\"https:\/\/www.justice4all.org\/wp-content\/uploads\/2020\/06\/web-banner1.jpg\" \/>\n<meta name=\"twitter:card\" content=\"summary_large_image\" \/>\n<meta name=\"twitter:label1\" content=\"Tiempo de lectura\" \/>\n\t<meta name=\"twitter:data1\" content=\"3 minuto\" \/>\n<script type=\"application\/ld+json\" class=\"yoast-schema-graph\">{\"@context\":\"https:\\\/\\\/schema.org\",\"@graph\":[{\"@type\":\"WebPage\",\"@id\":\"https:\\\/\\\/www.justice4all.org\\\/es\\\/news\\\/policia-escolar-y-justicia-racial\\\/\",\"url\":\"https:\\\/\\\/www.justice4all.org\\\/es\\\/news\\\/policia-escolar-y-justicia-racial\\\/\",\"name\":\"Polic\u00eda escolar y justicia racial - Legal Aid Justice Center\",\"isPartOf\":{\"@id\":\"https:\\\/\\\/www.justice4all.org\\\/es\\\/#website\"},\"primaryImageOfPage\":{\"@id\":\"https:\\\/\\\/www.justice4all.org\\\/es\\\/news\\\/policia-escolar-y-justicia-racial\\\/#primaryimage\"},\"image\":{\"@id\":\"https:\\\/\\\/www.justice4all.org\\\/es\\\/news\\\/policia-escolar-y-justicia-racial\\\/#primaryimage\"},\"thumbnailUrl\":\"https:\\\/\\\/www.justice4all.org\\\/wp-content\\\/uploads\\\/2020\\\/06\\\/web-banner1.jpg\",\"datePublished\":\"2023-06-13T16:53:04+00:00\",\"dateModified\":\"2023-09-22T16:37:55+00:00\",\"breadcrumb\":{\"@id\":\"https:\\\/\\\/www.justice4all.org\\\/es\\\/news\\\/policia-escolar-y-justicia-racial\\\/#breadcrumb\"},\"inLanguage\":\"es\",\"potentialAction\":[{\"@type\":\"ReadAction\",\"target\":[\"https:\\\/\\\/www.justice4all.org\\\/es\\\/news\\\/policia-escolar-y-justicia-racial\\\/\"]}]},{\"@type\":\"ImageObject\",\"inLanguage\":\"es\",\"@id\":\"https:\\\/\\\/www.justice4all.org\\\/es\\\/news\\\/policia-escolar-y-justicia-racial\\\/#primaryimage\",\"url\":\"https:\\\/\\\/www.justice4all.org\\\/wp-content\\\/uploads\\\/2020\\\/06\\\/web-banner1.jpg\",\"contentUrl\":\"https:\\\/\\\/www.justice4all.org\\\/wp-content\\\/uploads\\\/2020\\\/06\\\/web-banner1.jpg\"},{\"@type\":\"BreadcrumbList\",\"@id\":\"https:\\\/\\\/www.justice4all.org\\\/es\\\/news\\\/policia-escolar-y-justicia-racial\\\/#breadcrumb\",\"itemListElement\":[{\"@type\":\"ListItem\",\"position\":1,\"name\":\"Home\",\"item\":\"https:\\\/\\\/www.justice4all.org\\\/es\\\/\"},{\"@type\":\"ListItem\",\"position\":2,\"name\":\"Polic\u00eda escolar y justicia racial\"}]},{\"@type\":\"WebSite\",\"@id\":\"https:\\\/\\\/www.justice4all.org\\\/es\\\/#website\",\"url\":\"https:\\\/\\\/www.justice4all.org\\\/es\\\/\",\"name\":\"Legal Aid Justice Center\",\"description\":\"\",\"potentialAction\":[{\"@type\":\"SearchAction\",\"target\":{\"@type\":\"EntryPoint\",\"urlTemplate\":\"https:\\\/\\\/www.justice4all.org\\\/es\\\/?s={search_term_string}\"},\"query-input\":{\"@type\":\"PropertyValueSpecification\",\"valueRequired\":true,\"valueName\":\"search_term_string\"}}],\"inLanguage\":\"es\"}]}<\/script>\n<!-- \/ Yoast SEO plugin. -->","yoast_head_json":{"title":"Polic\u00eda escolar y justicia racial - Legal Aid Justice Center","robots":{"index":"index","follow":"follow","max-snippet":"max-snippet:-1","max-image-preview":"max-image-preview:large","max-video-preview":"max-video-preview:-1"},"canonical":"https:\/\/www.justice4all.org\/es\/news\/policia-escolar-y-justicia-racial\/","og_locale":"es_ES","og_type":"article","og_title":"Polic\u00eda escolar y justicia racial - Legal Aid Justice Center","og_description":"La semana pasada presentamos una serie de correos electr\u00f3nicos para ilustrar c\u00f3mo el racismo estructural se manifiesta en todos los sistemas de Virginia. Hoy hablaremos de la polic\u00eda escolar y del uso generalizado de los agentes de recursos escolares (SRO, por sus siglas en ingl\u00e9s), agentes de polic\u00eda de los cuerpos de seguridad locales destinados [&hellip;]","og_url":"https:\/\/www.justice4all.org\/es\/news\/policia-escolar-y-justicia-racial\/","og_site_name":"Legal Aid Justice Center","article_modified_time":"2023-09-22T16:37:55+00:00","og_image":[{"url":"https:\/\/www.justice4all.org\/wp-content\/uploads\/2020\/06\/web-banner1.jpg","type":"","width":"","height":""}],"twitter_card":"summary_large_image","twitter_misc":{"Tiempo de lectura":"3 minuto"},"schema":{"@context":"https:\/\/schema.org","@graph":[{"@type":"WebPage","@id":"https:\/\/www.justice4all.org\/es\/news\/policia-escolar-y-justicia-racial\/","url":"https:\/\/www.justice4all.org\/es\/news\/policia-escolar-y-justicia-racial\/","name":"Polic\u00eda escolar y justicia racial - Legal Aid Justice Center","isPartOf":{"@id":"https:\/\/www.justice4all.org\/es\/#website"},"primaryImageOfPage":{"@id":"https:\/\/www.justice4all.org\/es\/news\/policia-escolar-y-justicia-racial\/#primaryimage"},"image":{"@id":"https:\/\/www.justice4all.org\/es\/news\/policia-escolar-y-justicia-racial\/#primaryimage"},"thumbnailUrl":"https:\/\/www.justice4all.org\/wp-content\/uploads\/2020\/06\/web-banner1.jpg","datePublished":"2023-06-13T16:53:04+00:00","dateModified":"2023-09-22T16:37:55+00:00","breadcrumb":{"@id":"https:\/\/www.justice4all.org\/es\/news\/policia-escolar-y-justicia-racial\/#breadcrumb"},"inLanguage":"es","potentialAction":[{"@type":"ReadAction","target":["https:\/\/www.justice4all.org\/es\/news\/policia-escolar-y-justicia-racial\/"]}]},{"@type":"ImageObject","inLanguage":"es","@id":"https:\/\/www.justice4all.org\/es\/news\/policia-escolar-y-justicia-racial\/#primaryimage","url":"https:\/\/www.justice4all.org\/wp-content\/uploads\/2020\/06\/web-banner1.jpg","contentUrl":"https:\/\/www.justice4all.org\/wp-content\/uploads\/2020\/06\/web-banner1.jpg"},{"@type":"BreadcrumbList","@id":"https:\/\/www.justice4all.org\/es\/news\/policia-escolar-y-justicia-racial\/#breadcrumb","itemListElement":[{"@type":"ListItem","position":1,"name":"Home","item":"https:\/\/www.justice4all.org\/es\/"},{"@type":"ListItem","position":2,"name":"Polic\u00eda escolar y justicia racial"}]},{"@type":"WebSite","@id":"https:\/\/www.justice4all.org\/es\/#website","url":"https:\/\/www.justice4all.org\/es\/","name":"Legal Aid Justice Center","description":"","potentialAction":[{"@type":"SearchAction","target":{"@type":"EntryPoint","urlTemplate":"https:\/\/www.justice4all.org\/es\/?s={search_term_string}"},"query-input":{"@type":"PropertyValueSpecification","valueRequired":true,"valueName":"search_term_string"}}],"inLanguage":"es"}]}},"_links":{"self":[{"href":"https:\/\/www.justice4all.org\/es\/wp-json\/wp\/v2\/lajc_news\/13124","targetHints":{"allow":["GET"]}}],"collection":[{"href":"https:\/\/www.justice4all.org\/es\/wp-json\/wp\/v2\/lajc_news"}],"about":[{"href":"https:\/\/www.justice4all.org\/es\/wp-json\/wp\/v2\/types\/lajc_news"}],"author":[{"embeddable":true,"href":"https:\/\/www.justice4all.org\/es\/wp-json\/wp\/v2\/users\/4"}],"version-history":[{"count":0,"href":"https:\/\/www.justice4all.org\/es\/wp-json\/wp\/v2\/lajc_news\/13124\/revisions"}],"wp:attachment":[{"href":"https:\/\/www.justice4all.org\/es\/wp-json\/wp\/v2\/media?parent=13124"}],"wp:term":[{"taxonomy":"lajc-tax-news-type","embeddable":true,"href":"https:\/\/www.justice4all.org\/es\/wp-json\/wp\/v2\/lajc-tax-news-type?post=13124"},{"taxonomy":"lajc-tax-roles","embeddable":true,"href":"https:\/\/www.justice4all.org\/es\/wp-json\/wp\/v2\/lajc-tax-roles?post=13124"},{"taxonomy":"lajc-tax-issues","embeddable":true,"href":"https:\/\/www.justice4all.org\/es\/wp-json\/wp\/v2\/lajc-tax-issues?post=13124"},{"taxonomy":"lajc-tax-locations","embeddable":true,"href":"https:\/\/www.justice4all.org\/es\/wp-json\/wp\/v2\/lajc-tax-locations?post=13124"}],"curies":[{"name":"wp","href":"https:\/\/api.w.org\/{rel}","templated":true}]}}