{"id":13119,"date":"2023-06-08T18:05:18","date_gmt":"2023-06-08T18:05:18","guid":{"rendered":"https:\/\/lajc2023stg.wpengine.com\/blog\/contra-el-odio\/"},"modified":"2026-02-05T03:01:16","modified_gmt":"2026-02-05T03:01:16","slug":"contra-el-odio","status":"publish","type":"lajc_blog","link":"https:\/\/www.justice4all.org\/es\/impact\/contra-el-odio\/","title":{"rendered":"Contra el odio"},"content":{"rendered":"\n\n\n\n\n<div id=\"block_b8b413007e2e533cda67c9b8892a4694\" class=\"content-wrapper-block  style-normal bg-width-full \">\n\t<div class=\"container-fluid\">\n\t\t<div class=\"row justify-content-center\">\n\t\t\t<div class=\"col-lg-12\">\n\t\t\t\t\t\t\t\t\t<div class=\"row row-content justify-content-center\">\n\t\t\t\t\t\t\n\n\n\n\n<style type=\"text\/css\">\n\t.edit-post-visual-editor [data-block=\"d4ff678e8ef42dc7c3092c35d8e6dd26\"] {\n\t\twidth: calc((6 \/ 12) * 100%)!important;\n\t\tmin-width: calc((6 \/ 12) * 100%)!important;\n\t}\n<\/style>\n\n<div id=\"block_d4ff678e8ef42dc7c3092c35d8e6dd26\" class=\"col-lg-6 custom-column-block\">\n\t<div class=\"custom-column-wrapper  \">\n\t\t\n\n<p>En 2017, presentamos una demanda en nombre de dos j\u00f3venes de Yemen a quienes se les neg\u00f3 la entrada a Estados Unidos inmediatamente despu\u00e9s de que entrara en vigor la Orden Ejecutiva del presidente Trump. Los j\u00f3venes ven\u00edan a Estados Unidos para reunirse con sus padres, ciudadanos estadounidenses, y deber\u00edan haber entrado en el pa\u00eds como residentes permanentes legales. Salieron de \u00c1frica antes de que se firmara la Orden Ejecutiva, pero aterrizaron despu\u00e9s de que entrara en vigor. Fueron deportados inmediatamente, a sus expensas, a Etiop\u00eda. Tras unos d\u00edas viviendo y durmiendo en el suelo del aeropuerto de Addis Abeba, se vieron obligados a regresar a Yibuti.  <\/p>\n\n\n\n<p>Nuestro caso fue uno de los primeros en todo el pa\u00eds en impugnar la prohibici\u00f3n musulmana. Obtuvimos una de las primeras \u00f3rdenes de restricci\u00f3n temporal en todo el pa\u00eds que prohib\u00eda la prohibici\u00f3n. R\u00e1pidamente resolvimos el caso en nombre de los hermanos Aziz y de otra familia de 7 miembros que hab\u00eda recibido un trato similar, todos los cuales regresaron a Estados Unidos. Despu\u00e9s de que se aceptara la petici\u00f3n de Virginia de intervenir, el caso dio lugar al primer requerimiento judicial preliminar en todo el pa\u00eds.  <\/p>\n\n\n\n<p>Simon Sandoval-Moshenberg, entonces Director Jur\u00eddico de nuestro Programa de Justicia para los Inmigrantes, acudi\u00f3 al aeropuerto para presenciar el reencuentro de los hermanos con su padre y dijo: \u00abDe lo \u00fanico que su padre pod\u00eda hablar a la prensa era de lo mucho que ama a este pa\u00eds. La Am\u00e9rica en la que \u00e9l cree es la Am\u00e9rica por la que LAJC est\u00e1 trabajando en la frontera y aqu\u00ed mismo, en nuestro patio trasero.\u00bb  <\/p>\n\n\n\n<p><\/p>\n\n\n\n<p><\/p>\n\n\n\t<\/div>\n<\/div>\n\n\t\t\t\t\t<\/div>\n\t\t\t\t\t\t\t\n\t\t\t<\/div>\n\t\t<\/div>\n\t<\/div>\n\n\t<style type=\"text\/css\">\n\t\t.edit-post-visual-editor [data-block=\"b8b413007e2e533cda67c9b8892a4694\"] .block-editor-block-list__layout {\n\t\t\tjustify-content: center;\n\t\t}\n\n\t\t\t<\/style>\n<\/div>\n","protected":false},"excerpt":{"rendered":"","protected":false},"author":4,"featured_media":10038,"parent":0,"menu_order":0,"template":"","format":"standard","meta":{"footnotes":""},"lajc-tax-roles":[],"lajc-tax-issues":[81],"lajc-tax-locations":[],"class_list":["post-13119","lajc_blog","type-lajc_blog","status-publish","format-standard","has-post-thumbnail","hentry","lajc-tax-issues-immigration-es"],"acf":[],"yoast_head":"<!-- This site is optimized with the Yoast SEO plugin v27.5 - https:\/\/yoast.com\/product\/yoast-seo-wordpress\/ -->\n<title>Contra el odio - Legal Aid Justice Center<\/title>\n<meta name=\"robots\" content=\"index, follow, max-snippet:-1, max-image-preview:large, max-video-preview:-1\" \/>\n<link rel=\"canonical\" href=\"https:\/\/www.justice4all.org\/es\/impact\/contra-el-odio\/\" \/>\n<meta property=\"og:locale\" content=\"es_ES\" \/>\n<meta property=\"og:type\" content=\"article\" \/>\n<meta property=\"og:title\" content=\"Contra el odio - Legal Aid Justice Center\" \/>\n<meta property=\"og:url\" content=\"https:\/\/www.justice4all.org\/es\/impact\/contra-el-odio\/\" \/>\n<meta property=\"og:site_name\" content=\"Legal Aid Justice Center\" \/>\n<meta property=\"article:modified_time\" content=\"2026-02-05T03:01:16+00:00\" \/>\n<meta property=\"og:image\" content=\"https:\/\/www.justice4all.org\/wp-content\/uploads\/2023\/06\/john-mcarthur-8KLLgqHMAv4-unsplash-scaled.jpeg\" \/>\n\t<meta property=\"og:image:width\" content=\"2560\" \/>\n\t<meta property=\"og:image:height\" content=\"1655\" \/>\n\t<meta property=\"og:image:type\" content=\"image\/jpeg\" \/>\n<meta name=\"twitter:card\" content=\"summary_large_image\" \/>\n<meta name=\"twitter:label1\" content=\"Tiempo de lectura\" \/>\n\t<meta name=\"twitter:data1\" content=\"1 minuto\" \/>\n<script type=\"application\/ld+json\" class=\"yoast-schema-graph\">{\"@context\":\"https:\\\/\\\/schema.org\",\"@graph\":[{\"@type\":\"WebPage\",\"@id\":\"https:\\\/\\\/www.justice4all.org\\\/es\\\/impact\\\/contra-el-odio\\\/\",\"url\":\"https:\\\/\\\/www.justice4all.org\\\/es\\\/impact\\\/contra-el-odio\\\/\",\"name\":\"Contra el odio - Legal Aid Justice Center\",\"isPartOf\":{\"@id\":\"https:\\\/\\\/www.justice4all.org\\\/es\\\/#website\"},\"primaryImageOfPage\":{\"@id\":\"https:\\\/\\\/www.justice4all.org\\\/es\\\/impact\\\/contra-el-odio\\\/#primaryimage\"},\"image\":{\"@id\":\"https:\\\/\\\/www.justice4all.org\\\/es\\\/impact\\\/contra-el-odio\\\/#primaryimage\"},\"thumbnailUrl\":\"https:\\\/\\\/www.justice4all.org\\\/wp-content\\\/uploads\\\/2023\\\/06\\\/john-mcarthur-8KLLgqHMAv4-unsplash-scaled.jpeg\",\"datePublished\":\"2023-06-08T18:05:18+00:00\",\"dateModified\":\"2026-02-05T03:01:16+00:00\",\"breadcrumb\":{\"@id\":\"https:\\\/\\\/www.justice4all.org\\\/es\\\/impact\\\/contra-el-odio\\\/#breadcrumb\"},\"inLanguage\":\"es\",\"potentialAction\":[{\"@type\":\"ReadAction\",\"target\":[\"https:\\\/\\\/www.justice4all.org\\\/es\\\/impact\\\/contra-el-odio\\\/\"]}]},{\"@type\":\"ImageObject\",\"inLanguage\":\"es\",\"@id\":\"https:\\\/\\\/www.justice4all.org\\\/es\\\/impact\\\/contra-el-odio\\\/#primaryimage\",\"url\":\"https:\\\/\\\/www.justice4all.org\\\/wp-content\\\/uploads\\\/2023\\\/06\\\/john-mcarthur-8KLLgqHMAv4-unsplash-scaled.jpeg\",\"contentUrl\":\"https:\\\/\\\/www.justice4all.org\\\/wp-content\\\/uploads\\\/2023\\\/06\\\/john-mcarthur-8KLLgqHMAv4-unsplash-scaled.jpeg\",\"width\":2560,\"height\":1655},{\"@type\":\"BreadcrumbList\",\"@id\":\"https:\\\/\\\/www.justice4all.org\\\/es\\\/impact\\\/contra-el-odio\\\/#breadcrumb\",\"itemListElement\":[{\"@type\":\"ListItem\",\"position\":1,\"name\":\"Home\",\"item\":\"https:\\\/\\\/www.justice4all.org\\\/es\\\/\"},{\"@type\":\"ListItem\",\"position\":2,\"name\":\"Contra el odio\"}]},{\"@type\":\"WebSite\",\"@id\":\"https:\\\/\\\/www.justice4all.org\\\/es\\\/#website\",\"url\":\"https:\\\/\\\/www.justice4all.org\\\/es\\\/\",\"name\":\"Legal Aid Justice Center\",\"description\":\"\",\"potentialAction\":[{\"@type\":\"SearchAction\",\"target\":{\"@type\":\"EntryPoint\",\"urlTemplate\":\"https:\\\/\\\/www.justice4all.org\\\/es\\\/?s={search_term_string}\"},\"query-input\":{\"@type\":\"PropertyValueSpecification\",\"valueRequired\":true,\"valueName\":\"search_term_string\"}}],\"inLanguage\":\"es\"}]}<\/script>\n<!-- \/ Yoast SEO plugin. -->","yoast_head_json":{"title":"Contra el odio - Legal Aid Justice Center","robots":{"index":"index","follow":"follow","max-snippet":"max-snippet:-1","max-image-preview":"max-image-preview:large","max-video-preview":"max-video-preview:-1"},"canonical":"https:\/\/www.justice4all.org\/es\/impact\/contra-el-odio\/","og_locale":"es_ES","og_type":"article","og_title":"Contra el odio - Legal Aid Justice Center","og_url":"https:\/\/www.justice4all.org\/es\/impact\/contra-el-odio\/","og_site_name":"Legal Aid Justice Center","article_modified_time":"2026-02-05T03:01:16+00:00","og_image":[{"width":2560,"height":1655,"url":"https:\/\/www.justice4all.org\/wp-content\/uploads\/2023\/06\/john-mcarthur-8KLLgqHMAv4-unsplash-scaled.jpeg","type":"image\/jpeg"}],"twitter_card":"summary_large_image","twitter_misc":{"Tiempo de lectura":"1 minuto"},"schema":{"@context":"https:\/\/schema.org","@graph":[{"@type":"WebPage","@id":"https:\/\/www.justice4all.org\/es\/impact\/contra-el-odio\/","url":"https:\/\/www.justice4all.org\/es\/impact\/contra-el-odio\/","name":"Contra el odio - Legal Aid Justice Center","isPartOf":{"@id":"https:\/\/www.justice4all.org\/es\/#website"},"primaryImageOfPage":{"@id":"https:\/\/www.justice4all.org\/es\/impact\/contra-el-odio\/#primaryimage"},"image":{"@id":"https:\/\/www.justice4all.org\/es\/impact\/contra-el-odio\/#primaryimage"},"thumbnailUrl":"https:\/\/www.justice4all.org\/wp-content\/uploads\/2023\/06\/john-mcarthur-8KLLgqHMAv4-unsplash-scaled.jpeg","datePublished":"2023-06-08T18:05:18+00:00","dateModified":"2026-02-05T03:01:16+00:00","breadcrumb":{"@id":"https:\/\/www.justice4all.org\/es\/impact\/contra-el-odio\/#breadcrumb"},"inLanguage":"es","potentialAction":[{"@type":"ReadAction","target":["https:\/\/www.justice4all.org\/es\/impact\/contra-el-odio\/"]}]},{"@type":"ImageObject","inLanguage":"es","@id":"https:\/\/www.justice4all.org\/es\/impact\/contra-el-odio\/#primaryimage","url":"https:\/\/www.justice4all.org\/wp-content\/uploads\/2023\/06\/john-mcarthur-8KLLgqHMAv4-unsplash-scaled.jpeg","contentUrl":"https:\/\/www.justice4all.org\/wp-content\/uploads\/2023\/06\/john-mcarthur-8KLLgqHMAv4-unsplash-scaled.jpeg","width":2560,"height":1655},{"@type":"BreadcrumbList","@id":"https:\/\/www.justice4all.org\/es\/impact\/contra-el-odio\/#breadcrumb","itemListElement":[{"@type":"ListItem","position":1,"name":"Home","item":"https:\/\/www.justice4all.org\/es\/"},{"@type":"ListItem","position":2,"name":"Contra el odio"}]},{"@type":"WebSite","@id":"https:\/\/www.justice4all.org\/es\/#website","url":"https:\/\/www.justice4all.org\/es\/","name":"Legal Aid Justice Center","description":"","potentialAction":[{"@type":"SearchAction","target":{"@type":"EntryPoint","urlTemplate":"https:\/\/www.justice4all.org\/es\/?s={search_term_string}"},"query-input":{"@type":"PropertyValueSpecification","valueRequired":true,"valueName":"search_term_string"}}],"inLanguage":"es"}]}},"_links":{"self":[{"href":"https:\/\/www.justice4all.org\/es\/wp-json\/wp\/v2\/lajc_blog\/13119","targetHints":{"allow":["GET"]}}],"collection":[{"href":"https:\/\/www.justice4all.org\/es\/wp-json\/wp\/v2\/lajc_blog"}],"about":[{"href":"https:\/\/www.justice4all.org\/es\/wp-json\/wp\/v2\/types\/lajc_blog"}],"author":[{"embeddable":true,"href":"https:\/\/www.justice4all.org\/es\/wp-json\/wp\/v2\/users\/4"}],"version-history":[{"count":0,"href":"https:\/\/www.justice4all.org\/es\/wp-json\/wp\/v2\/lajc_blog\/13119\/revisions"}],"wp:featuredmedia":[{"embeddable":true,"href":"https:\/\/www.justice4all.org\/es\/wp-json\/wp\/v2\/media\/10038"}],"wp:attachment":[{"href":"https:\/\/www.justice4all.org\/es\/wp-json\/wp\/v2\/media?parent=13119"}],"wp:term":[{"taxonomy":"lajc-tax-roles","embeddable":true,"href":"https:\/\/www.justice4all.org\/es\/wp-json\/wp\/v2\/lajc-tax-roles?post=13119"},{"taxonomy":"lajc-tax-issues","embeddable":true,"href":"https:\/\/www.justice4all.org\/es\/wp-json\/wp\/v2\/lajc-tax-issues?post=13119"},{"taxonomy":"lajc-tax-locations","embeddable":true,"href":"https:\/\/www.justice4all.org\/es\/wp-json\/wp\/v2\/lajc-tax-locations?post=13119"}],"curies":[{"name":"wp","href":"https:\/\/api.w.org\/{rel}","templated":true}]}}