{"id":13106,"date":"2023-06-27T15:23:30","date_gmt":"2023-06-27T15:23:30","guid":{"rendered":"https:\/\/lajc2023stg.wpengine.com\/blog\/proteccion-de-los-trabajadores-esenciales\/"},"modified":"2023-07-25T21:50:33","modified_gmt":"2023-07-25T21:50:33","slug":"proteccion-de-los-trabajadores-esenciales","status":"publish","type":"lajc_blog","link":"https:\/\/www.justice4all.org\/es\/impact\/proteccion-de-los-trabajadores-esenciales\/","title":{"rendered":"Protecci\u00f3n de los trabajadores esenciales"},"content":{"rendered":"\n\n\n\n\n<div id=\"block_77bf9461ace7016cae3f14be3b0ac048\" class=\"content-wrapper-block  style-normal bg-width-full \">\n\t<div class=\"container-fluid\">\n\t\t<div class=\"row justify-content-center\">\n\t\t\t<div class=\"col-lg-12\">\n\t\t\t\t\t\t\t\t\t<div class=\"row row-content justify-content-center\">\n\t\t\t\t\t\t\n\n\n\n\n<style type=\"text\/css\">\n\t.edit-post-visual-editor [data-block=\"7013cf58bdf7d3e7c43d92298f03a3ce\"] {\n\t\twidth: calc((6 \/ 12) * 100%)!important;\n\t\tmin-width: calc((6 \/ 12) * 100%)!important;\n\t}\n<\/style>\n\n<div id=\"block_7013cf58bdf7d3e7c43d92298f03a3ce\" class=\"col-lg-6 custom-column-block\">\n\t<div class=\"custom-column-wrapper  \">\n\t\t\n\n<p>Mientras la pandemia de COVID-19 se apoderaba de Virginia y gran parte de la econom\u00eda del estado quedaba bloqueada, los trabajadores esenciales segu\u00edan acudiendo a trabajar cada d\u00eda para mantener alimentados y abastecidos al resto de nosotros.  <\/p>\n\n\n\n<p>Empezamos a o\u00edr hablar a los trabajadores av\u00edcolas inmigrantes de las terribles condiciones de sus plantas de procesamiento. Se les enviaba a frigor\u00edficos antes de tomarles la temperatura o se les daba Tylenol si ten\u00edan fiebre y se les dec\u00eda que volvieran a hacer la prueba. Luego los enviaron a trabajar hombro con hombro en la l\u00ednea sin equipo de protecci\u00f3n personal adecuado y los amenazaron si se quejaban.  <\/p>\n\n\n\n<p>Junto con los trabajadores del sector av\u00edcola y sus aliados, organizamos concentraciones simult\u00e1neas ante las instalaciones av\u00edcolas de Harrisonburg y la Costa Este. Cientos de coches aparecen para apoyar a los trabajadores.  <\/p>\n\n\n\n<p>En respuesta a la publicidad de estas manifestaciones, funcionarios de los CDC acudieron a inspeccionar la instalaci\u00f3n av\u00edcola que se puso de relieve en la manifestaci\u00f3n de la Costa Este. A las pocas semanas, el gobernador Northam propuso nuevas <strong>normas de seguridad<\/strong> laboral COVID.  <\/p>\n\n\n\n<p>Nuestros defensores trabajaron innumerables horas presionando para que esas normas fueran eficaces y de gran alcance. Cuando finalmente se aprobaron las normas a mediados de julio, Virginia se convirti\u00f3 en el primer estado del pa\u00eds con normas de seguridad en el lugar de trabajo espec\u00edficas para el COVID, aplicables en todo el estado.  <\/p>\n\n\n\n<p>En un saludo poco habitual, la administraci\u00f3n reconoci\u00f3 el m\u00e9rito de los defensores de los derechos de los trabajadores por haberles presionado para que las normas se aplicaran a todos los trabajadores y no s\u00f3lo a los av\u00edcolas, que inspiraron la iniciativa.  <\/p>\n\n\n\t<\/div>\n<\/div>\n\n\t\t\t\t\t<\/div>\n\t\t\t\t\t\t\t\n\t\t\t<\/div>\n\t\t<\/div>\n\t<\/div>\n\n\t<style type=\"text\/css\">\n\t\t.edit-post-visual-editor [data-block=\"77bf9461ace7016cae3f14be3b0ac048\"] .block-editor-block-list__layout {\n\t\t\tjustify-content: center;\n\t\t}\n\n\t\t\t<\/style>\n<\/div>\n","protected":false},"excerpt":{"rendered":"","protected":false},"author":4,"featured_media":10186,"parent":0,"menu_order":0,"template":"","format":"standard","meta":{"footnotes":""},"lajc-tax-roles":[],"lajc-tax-issues":[80],"lajc-tax-locations":[],"class_list":["post-13106","lajc_blog","type-lajc_blog","status-publish","format-standard","has-post-thumbnail","hentry","lajc-tax-issues-workplace-es"],"acf":[],"yoast_head":"<!-- This site is optimized with the Yoast SEO plugin v27.5 - https:\/\/yoast.com\/product\/yoast-seo-wordpress\/ -->\n<title>Protecci\u00f3n de los trabajadores esenciales - Legal Aid Justice Center<\/title>\n<meta name=\"robots\" content=\"index, follow, max-snippet:-1, max-image-preview:large, max-video-preview:-1\" \/>\n<link rel=\"canonical\" href=\"https:\/\/www.justice4all.org\/es\/impact\/proteccion-de-los-trabajadores-esenciales\/\" \/>\n<meta property=\"og:locale\" content=\"es_ES\" \/>\n<meta property=\"og:type\" content=\"article\" \/>\n<meta property=\"og:title\" content=\"Protecci\u00f3n de los trabajadores esenciales - Legal Aid Justice Center\" \/>\n<meta property=\"og:url\" content=\"https:\/\/www.justice4all.org\/es\/impact\/proteccion-de-los-trabajadores-esenciales\/\" \/>\n<meta property=\"og:site_name\" content=\"Legal Aid Justice Center\" \/>\n<meta property=\"article:modified_time\" content=\"2023-07-25T21:50:33+00:00\" \/>\n<meta property=\"og:image\" content=\"https:\/\/www.justice4all.org\/wp-content\/uploads\/2023\/06\/ESSENTIAL-NOT-DISPOSSABLE.png\" \/>\n\t<meta property=\"og:image:width\" content=\"1080\" \/>\n\t<meta property=\"og:image:height\" content=\"600\" \/>\n\t<meta property=\"og:image:type\" content=\"image\/png\" \/>\n<meta name=\"twitter:card\" content=\"summary_large_image\" \/>\n<meta name=\"twitter:label1\" content=\"Tiempo de lectura\" \/>\n\t<meta name=\"twitter:data1\" content=\"1 minuto\" \/>\n<script type=\"application\/ld+json\" class=\"yoast-schema-graph\">{\"@context\":\"https:\\\/\\\/schema.org\",\"@graph\":[{\"@type\":\"WebPage\",\"@id\":\"https:\\\/\\\/www.justice4all.org\\\/es\\\/impact\\\/proteccion-de-los-trabajadores-esenciales\\\/\",\"url\":\"https:\\\/\\\/www.justice4all.org\\\/es\\\/impact\\\/proteccion-de-los-trabajadores-esenciales\\\/\",\"name\":\"Protecci\u00f3n de los trabajadores esenciales - Legal Aid Justice Center\",\"isPartOf\":{\"@id\":\"https:\\\/\\\/www.justice4all.org\\\/es\\\/#website\"},\"primaryImageOfPage\":{\"@id\":\"https:\\\/\\\/www.justice4all.org\\\/es\\\/impact\\\/proteccion-de-los-trabajadores-esenciales\\\/#primaryimage\"},\"image\":{\"@id\":\"https:\\\/\\\/www.justice4all.org\\\/es\\\/impact\\\/proteccion-de-los-trabajadores-esenciales\\\/#primaryimage\"},\"thumbnailUrl\":\"https:\\\/\\\/www.justice4all.org\\\/wp-content\\\/uploads\\\/2023\\\/06\\\/ESSENTIAL-NOT-DISPOSSABLE.png\",\"datePublished\":\"2023-06-27T15:23:30+00:00\",\"dateModified\":\"2023-07-25T21:50:33+00:00\",\"breadcrumb\":{\"@id\":\"https:\\\/\\\/www.justice4all.org\\\/es\\\/impact\\\/proteccion-de-los-trabajadores-esenciales\\\/#breadcrumb\"},\"inLanguage\":\"es\",\"potentialAction\":[{\"@type\":\"ReadAction\",\"target\":[\"https:\\\/\\\/www.justice4all.org\\\/es\\\/impact\\\/proteccion-de-los-trabajadores-esenciales\\\/\"]}]},{\"@type\":\"ImageObject\",\"inLanguage\":\"es\",\"@id\":\"https:\\\/\\\/www.justice4all.org\\\/es\\\/impact\\\/proteccion-de-los-trabajadores-esenciales\\\/#primaryimage\",\"url\":\"https:\\\/\\\/www.justice4all.org\\\/wp-content\\\/uploads\\\/2023\\\/06\\\/ESSENTIAL-NOT-DISPOSSABLE.png\",\"contentUrl\":\"https:\\\/\\\/www.justice4all.org\\\/wp-content\\\/uploads\\\/2023\\\/06\\\/ESSENTIAL-NOT-DISPOSSABLE.png\",\"width\":1080,\"height\":600},{\"@type\":\"BreadcrumbList\",\"@id\":\"https:\\\/\\\/www.justice4all.org\\\/es\\\/impact\\\/proteccion-de-los-trabajadores-esenciales\\\/#breadcrumb\",\"itemListElement\":[{\"@type\":\"ListItem\",\"position\":1,\"name\":\"Home\",\"item\":\"https:\\\/\\\/www.justice4all.org\\\/es\\\/\"},{\"@type\":\"ListItem\",\"position\":2,\"name\":\"Protecci\u00f3n de los trabajadores esenciales\"}]},{\"@type\":\"WebSite\",\"@id\":\"https:\\\/\\\/www.justice4all.org\\\/es\\\/#website\",\"url\":\"https:\\\/\\\/www.justice4all.org\\\/es\\\/\",\"name\":\"Legal Aid Justice Center\",\"description\":\"\",\"potentialAction\":[{\"@type\":\"SearchAction\",\"target\":{\"@type\":\"EntryPoint\",\"urlTemplate\":\"https:\\\/\\\/www.justice4all.org\\\/es\\\/?s={search_term_string}\"},\"query-input\":{\"@type\":\"PropertyValueSpecification\",\"valueRequired\":true,\"valueName\":\"search_term_string\"}}],\"inLanguage\":\"es\"}]}<\/script>\n<!-- \/ Yoast SEO plugin. -->","yoast_head_json":{"title":"Protecci\u00f3n de los trabajadores esenciales - Legal Aid Justice Center","robots":{"index":"index","follow":"follow","max-snippet":"max-snippet:-1","max-image-preview":"max-image-preview:large","max-video-preview":"max-video-preview:-1"},"canonical":"https:\/\/www.justice4all.org\/es\/impact\/proteccion-de-los-trabajadores-esenciales\/","og_locale":"es_ES","og_type":"article","og_title":"Protecci\u00f3n de los trabajadores esenciales - Legal Aid Justice Center","og_url":"https:\/\/www.justice4all.org\/es\/impact\/proteccion-de-los-trabajadores-esenciales\/","og_site_name":"Legal Aid Justice Center","article_modified_time":"2023-07-25T21:50:33+00:00","og_image":[{"width":1080,"height":600,"url":"https:\/\/www.justice4all.org\/wp-content\/uploads\/2023\/06\/ESSENTIAL-NOT-DISPOSSABLE.png","type":"image\/png"}],"twitter_card":"summary_large_image","twitter_misc":{"Tiempo de lectura":"1 minuto"},"schema":{"@context":"https:\/\/schema.org","@graph":[{"@type":"WebPage","@id":"https:\/\/www.justice4all.org\/es\/impact\/proteccion-de-los-trabajadores-esenciales\/","url":"https:\/\/www.justice4all.org\/es\/impact\/proteccion-de-los-trabajadores-esenciales\/","name":"Protecci\u00f3n de los trabajadores esenciales - Legal Aid Justice Center","isPartOf":{"@id":"https:\/\/www.justice4all.org\/es\/#website"},"primaryImageOfPage":{"@id":"https:\/\/www.justice4all.org\/es\/impact\/proteccion-de-los-trabajadores-esenciales\/#primaryimage"},"image":{"@id":"https:\/\/www.justice4all.org\/es\/impact\/proteccion-de-los-trabajadores-esenciales\/#primaryimage"},"thumbnailUrl":"https:\/\/www.justice4all.org\/wp-content\/uploads\/2023\/06\/ESSENTIAL-NOT-DISPOSSABLE.png","datePublished":"2023-06-27T15:23:30+00:00","dateModified":"2023-07-25T21:50:33+00:00","breadcrumb":{"@id":"https:\/\/www.justice4all.org\/es\/impact\/proteccion-de-los-trabajadores-esenciales\/#breadcrumb"},"inLanguage":"es","potentialAction":[{"@type":"ReadAction","target":["https:\/\/www.justice4all.org\/es\/impact\/proteccion-de-los-trabajadores-esenciales\/"]}]},{"@type":"ImageObject","inLanguage":"es","@id":"https:\/\/www.justice4all.org\/es\/impact\/proteccion-de-los-trabajadores-esenciales\/#primaryimage","url":"https:\/\/www.justice4all.org\/wp-content\/uploads\/2023\/06\/ESSENTIAL-NOT-DISPOSSABLE.png","contentUrl":"https:\/\/www.justice4all.org\/wp-content\/uploads\/2023\/06\/ESSENTIAL-NOT-DISPOSSABLE.png","width":1080,"height":600},{"@type":"BreadcrumbList","@id":"https:\/\/www.justice4all.org\/es\/impact\/proteccion-de-los-trabajadores-esenciales\/#breadcrumb","itemListElement":[{"@type":"ListItem","position":1,"name":"Home","item":"https:\/\/www.justice4all.org\/es\/"},{"@type":"ListItem","position":2,"name":"Protecci\u00f3n de los trabajadores esenciales"}]},{"@type":"WebSite","@id":"https:\/\/www.justice4all.org\/es\/#website","url":"https:\/\/www.justice4all.org\/es\/","name":"Legal Aid Justice Center","description":"","potentialAction":[{"@type":"SearchAction","target":{"@type":"EntryPoint","urlTemplate":"https:\/\/www.justice4all.org\/es\/?s={search_term_string}"},"query-input":{"@type":"PropertyValueSpecification","valueRequired":true,"valueName":"search_term_string"}}],"inLanguage":"es"}]}},"_links":{"self":[{"href":"https:\/\/www.justice4all.org\/es\/wp-json\/wp\/v2\/lajc_blog\/13106","targetHints":{"allow":["GET"]}}],"collection":[{"href":"https:\/\/www.justice4all.org\/es\/wp-json\/wp\/v2\/lajc_blog"}],"about":[{"href":"https:\/\/www.justice4all.org\/es\/wp-json\/wp\/v2\/types\/lajc_blog"}],"author":[{"embeddable":true,"href":"https:\/\/www.justice4all.org\/es\/wp-json\/wp\/v2\/users\/4"}],"version-history":[{"count":0,"href":"https:\/\/www.justice4all.org\/es\/wp-json\/wp\/v2\/lajc_blog\/13106\/revisions"}],"wp:featuredmedia":[{"embeddable":true,"href":"https:\/\/www.justice4all.org\/es\/wp-json\/wp\/v2\/media\/10186"}],"wp:attachment":[{"href":"https:\/\/www.justice4all.org\/es\/wp-json\/wp\/v2\/media?parent=13106"}],"wp:term":[{"taxonomy":"lajc-tax-roles","embeddable":true,"href":"https:\/\/www.justice4all.org\/es\/wp-json\/wp\/v2\/lajc-tax-roles?post=13106"},{"taxonomy":"lajc-tax-issues","embeddable":true,"href":"https:\/\/www.justice4all.org\/es\/wp-json\/wp\/v2\/lajc-tax-issues?post=13106"},{"taxonomy":"lajc-tax-locations","embeddable":true,"href":"https:\/\/www.justice4all.org\/es\/wp-json\/wp\/v2\/lajc-tax-locations?post=13106"}],"curies":[{"name":"wp","href":"https:\/\/api.w.org\/{rel}","templated":true}]}}